{"id":1947,"date":"2020-11-04T18:22:28","date_gmt":"2020-11-04T15:22:28","guid":{"rendered":"http:\/\/mersinekonomipolitikagazetesi.com\/?p=1947"},"modified":"2020-11-04T18:22:28","modified_gmt":"2020-11-04T15:22:28","slug":"toroslarda-vezneler-hafta-sonu-acik","status":"publish","type":"post","link":"https:\/\/akdenizolaygazetesi.com\/?p=1947","title":{"rendered":"Toroslar&#8217;da vezneler hafta sonu a\u00e7\u0131k"},"content":{"rendered":"<p><span style=\"font-size:16px;\"><span style=\"line-height: 1.6em;\">Toroslar Belediyesi veznelerinin, emlak, \u00e7evre temizlik ve ilan, reklam vergilerinin 2018 y\u0131l\u0131 ilk taksit \u00f6demelerinde son g\u00fcn\u00fcn 31 May\u0131s Per\u015fembe g\u00fcn\u00fc olmas\u0131 nedeniyle bu hafta sonu da hizmet verece\u011fi bildirildi.<\/span><\/span><\/p>\n<p><span style=\"font-size:16px;\"><span style=\"font-family: sans-serif; line-height: 20px; text-align: justify; background-color: rgb(242, 244, 245);\">Toroslar Belediyesi&#8217;neden yap\u0131lan a\u00e7\u0131klamaya g\u00f6re, ya\u015fanabilecek yo\u011funluk nedeniyle, Yal\u0131nayak Mahallesi \u00f6deme noktas\u0131 ve Halkkent Mahallesi\u2019nde bulunan Yunus Emre K\u00fclt\u00fcr Merkezi\u2019ndeki vezneler 26 May\u0131s Cumartesi, belediye hizmet binas\u0131ndaki vezneler ise 26 May\u0131s Cumartesi ve 27 May\u0131s Pazar g\u00fcnleri a\u00e7\u0131k olacak.\u00a0<\/span><br style=\"box-sizing: border-box; font-family: sans-serif; font-size: 14px; line-height: 20px; text-align: justify; background-color: rgb(242, 244, 245);\" \/><br \/>\n<span style=\"font-family: sans-serif; line-height: 20px; text-align: justify; background-color: rgb(242, 244, 245);\">M\u00fckellefler vergi \u00f6demelerini kredi kart\u0131 ile yapabilecekleri gibi Toroslar Belediyesi\u2019nin (www.toroslar-bld.gov.tr) internet adresinde bulunan e-belediye \u00fczerinden de \u00f6deyebilecekler.\u00a0<\/span><\/span><\/p>\n","protected":false},"excerpt":{"rendered":"<p>Toroslar Belediyesi veznelerinin, emlak, \u00e7evre temizlik ve ilan, reklam vergilerinin 2018 y\u0131l\u0131 ilk taksit \u00f6demelerinde son g\u00fcn\u00fcn 31 May\u0131s Per\u015fembe g\u00fcn\u00fc olmas\u0131 nedeniyle bu hafta sonu da hizmet verece\u011fi bildirildi. &hellip; <a href=\"https:\/\/akdenizolaygazetesi.com\/?p=1947\" class=\"more-link\">Devam\u0131n\u0131 Oku&#8230;<\/a><\/p>\n","protected":false},"author":1,"featured_media":0,"comment_status":"open","ping_status":"open","sticky":false,"template":"","format":"standard","meta":[],"categories":[],"tags":[],"_links":{"self":[{"href":"https:\/\/akdenizolaygazetesi.com\/index.php?rest_route=\/wp\/v2\/posts\/1947"}],"collection":[{"href":"https:\/\/akdenizolaygazetesi.com\/index.php?rest_route=\/wp\/v2\/posts"}],"about":[{"href":"https:\/\/akdenizolaygazetesi.com\/index.php?rest_route=\/wp\/v2\/types\/post"}],"author":[{"embeddable":true,"href":"https:\/\/akdenizolaygazetesi.com\/index.php?rest_route=\/wp\/v2\/users\/1"}],"replies":[{"embeddable":true,"href":"https:\/\/akdenizolaygazetesi.com\/index.php?rest_route=%2Fwp%2Fv2%2Fcomments&post=1947"}],"version-history":[{"count":0,"href":"https:\/\/akdenizolaygazetesi.com\/index.php?rest_route=\/wp\/v2\/posts\/1947\/revisions"}],"wp:attachment":[{"href":"https:\/\/akdenizolaygazetesi.com\/index.php?rest_route=%2Fwp%2Fv2%2Fmedia&parent=1947"}],"wp:term":[{"taxonomy":"category","embeddable":true,"href":"https:\/\/akdenizolaygazetesi.com\/index.php?rest_route=%2Fwp%2Fv2%2Fcategories&post=1947"},{"taxonomy":"post_tag","embeddable":true,"href":"https:\/\/akdenizolaygazetesi.com\/index.php?rest_route=%2Fwp%2Fv2%2Ftags&post=1947"}],"curies":[{"name":"wp","href":"https:\/\/api.w.org\/{rel}","templated":true}]}}