{"id":19473,"date":"2022-06-25T17:38:30","date_gmt":"2022-06-25T14:38:30","guid":{"rendered":"http:\/\/akdenizolaygazetesi.com\/?p=19473"},"modified":"2022-06-25T17:38:30","modified_gmt":"2022-06-25T14:38:30","slug":"mersin-bir-universite-kenti-olmaya-yakisir-bir-kent","status":"publish","type":"post","link":"https:\/\/akdenizolaygazetesi.com\/?p=19473","title":{"rendered":"&#8220;MERS\u0130N, B\u0130R \u00dcN\u0130VERS\u0130TE KENT\u0130 OLMAYA YAKI\u015eIR B\u0130R KENT&#8221;"},"content":{"rendered":"<p>Mersin B\u00fcy\u00fck\u015fehir Belediye Ba\u015fkan\u0131 Vahap Se\u00e7er, 2021-2022 e\u011fitim-\u00f6\u011fretim y\u0131l\u0131n\u0131n tamamlanmas\u0131yla mezuniyet diplomas\u0131 alan Toros \u00dcniversitesi \u00f6\u011frencileriyle bulu\u015ftu. Servet Tazeg\u00fcl Spor Salonu&#8217;nda d\u00fczenlenen mezuniyet t\u00f6renine kat\u0131lan Ba\u015fkan Se\u00e7er, Mersin&#8217;de e\u011fitim ve \u00f6\u011fretimi destekleyen \u00e7al\u0131\u015fmalar\u0131 her daim \u00f6nceleyeceklerini belirterek, mezun olup i\u015f hayat\u0131na at\u0131lacak \u00f6\u011frencilere ba\u015far\u0131lar diledi. <\/p>\n<p>T\u00f6rene; Ba\u015fkan Se\u00e7er&#8217;in yan\u0131 s\u0131ra CHP Mersin Milletvekili Alpay Antmen, Toros \u00dcniversitesi M\u00fctevelli Heyet Ba\u015fkan\u0131 Ali \u00d6zveren, M\u00fctevelli Heyet Ba\u015fkan Vekili Nil A\u015fk\u0131n, Toros \u00dcniversitesi Rekt\u00f6r\u00fc \u00d6mer Ar\u0131\u00f6z, \u00e7ok say\u0131da \u00f6\u011frenci ve aileleri kat\u0131ld\u0131.<\/p>\n<p>&#8220;Bilimin \u0131\u015f\u0131\u011f\u0131nda y\u00fcr\u00fcyen, \u00f6zg\u00fcr d\u00fc\u015f\u00fcnebilen \u00fcniversiteler istiyoruz&#8221;<\/p>\n<p>\u00d6\u011frencilerle bir arada olman\u0131n mutlulu\u011funu ya\u015fad\u0131\u011f\u0131n\u0131 ifade eden Ba\u015fkan Se\u00e7er, demokratik ve \u00f6zg\u00fcrl\u00fck\u00e7\u00fc toplumlar i\u00e7in \u00fcniversitelerin \u00f6nemine de\u011finerek, &#8220;Kentimin bir \u00fcniversite kenti olmas\u0131, Atat\u00fcrk&#8217;\u00fcn \u00e7izdi\u011fi yolda g\u00f6sterdi\u011fi hedefte y\u00fcr\u00fcyen bir belediye ba\u015fkan\u0131 olarak bana onur verir. Ulu \u00d6nder&#8217;in dedi\u011fi gibi; &#8216;Hayatta en hakiki m\u00fcr\u015fit ilimdir&#8217;. \u0130limin pe\u015finden giden toplumlar her zaman d\u00fcnyada sayg\u0131n toplumlar olmu\u015ftur. \u00dcniversiteler de demokratik ve \u00f6zg\u00fcrl\u00fck\u00e7\u00fc toplumlarda \u00f6zerk bilimin yap\u0131ld\u0131\u011f\u0131 alanlard\u0131r. E\u011fer bir \u00fcniversite \u00f6zerkse, bilimi \u00f6zerk bir \u015fekilde yap\u0131yorsa orada bilim de geli\u015fir, demokrasi de geli\u015fir, d\u00fc\u015f\u00fcnce ortam\u0131 da geli\u015fir. Biz b\u00f6yle bir \u00fcniversite hayal ediyoruz. Elbette ki \u00fclkemizde \u00fcniversite say\u0131s\u0131 arts\u0131n. Mutlaka nicelik olarak arts\u0131n ama nitelikli \u00fcniversiteler istiyoruz. \u00c7ocuklar\u0131m\u0131z\u0131n daha iyi yeti\u015fti\u011fi, d\u00fcnya ko\u015fullar\u0131na adapte olabildi\u011fi, m\u00fccadele edebildi\u011fi, rekabet edebildi\u011fi \u00f6\u011frenciler yeti\u015ftirdi\u011fi \u00fcniversiteler istiyoruz. Bilimin \u0131\u015f\u0131\u011f\u0131nda y\u00fcr\u00fcyen, siyasetin etkisinde kalmayan, \u00f6zg\u00fcr d\u00fc\u015f\u00fcnebilen \u00fcniversiteler istiyoruz. \u0130\u015fte Mersin&#8217;de de umut ediyorum bu anlay\u0131\u015ftaki \u00fcniversitelerin say\u0131s\u0131n\u0131 \u00e7o\u011faltaca\u011f\u0131z&#8221; dedi.<\/p>\n<p>&#8220;\u00d6\u011fretmenlerimizin eme\u011fi \u00e7ocuklar\u0131m\u0131zda \u00e7ok b\u00fcy\u00fck&#8221;<\/p>\n<p>Mersin&#8217;de 2 devlet, 2 de vak\u0131f olmak \u00fczere toplamda 4 \u00fcniversitenin oldu\u011funu an\u0131msatan Ba\u015fkan Se\u00e7er, &#8220;Bug\u00fcn burada i\u00e7lerinden en sayg\u0131n olanlardan biri Toros \u00dcniversitemizin mezuniyet t\u00f6renindeyiz. Toros \u00dcniversitemizi takdir ediyorum. Asl\u0131nda uzun y\u0131llar\u0131n eme\u011fi var. Ama kurulu\u015f tarihinin 2009 olmas\u0131 sizleri aldatmas\u0131n. Muazzam \u00e7al\u0131\u015fan, sadece \u00fcniversitede s\u0131n\u0131flarda, \u00f6\u011frencilerine bilim \u00f6\u011fretimi yapan \u00fcniversite olarak g\u00f6rmeyin. Bizimle, Belediyemizle, Mersin&#8217;in sosyal hayat\u0131na katk\u0131 sunabilmek i\u00e7in, k\u00fclt\u00fcr\u00fcne, sanat\u0131na, sporuna, gen\u00e7li\u011fine, toplumuna, \u00e7ocu\u011funa yarar sa\u011flayabilmek i\u00e7in ortak projeler geli\u015ftirebilme ferasetine sahip bir y\u00f6netim anlay\u0131\u015f\u0131na da sahiptir. Buradan huzurunuzda ba\u015fta kurucu ba\u015fkan\u0131m\u0131z olmak \u00fczere Say\u0131n Rekt\u00f6r\u00fcm\u00fcz\u00fcn nezdinde t\u00fcm hocalar\u0131m\u0131z\u0131 kutluyorum. \u00d6\u011fretmenlerimizin, eme\u011fi \u00e7ocuklar\u0131m\u0131zda \u00e7ok b\u00fcy\u00fck. En az anne babalar\u0131m\u0131z kadar. Ben de bir babay\u0131m. Annelerimiz, babalar\u0131m\u0131z, bizler \u00e7ocuklar\u0131m\u0131z i\u00e7in bizim anne ve babalar\u0131m\u0131z ne yapt\u0131ysa ki bu kadim topraklar\u0131n k\u00fclt\u00fcr\u00fcnde bu vard\u0131r. Bir baban\u0131n bir annenin evlad\u0131, o anne baba \u00f6l\u00fcnceye kadar k\u00fc\u00e7\u00fck bir \u00e7ocuktur. O \u00f6yle duygularla \u00e7ocuklar\u0131n\u0131 sever. Biz de yemeyiz yediririz, i\u00e7meyiz i\u00e7iririz. Di\u015fimizden, t\u0131rna\u011f\u0131m\u0131zdan artt\u0131rd\u0131\u011f\u0131m\u0131zla \u00e7ocu\u011fumuzun gelece\u011fini garanti alt\u0131na almak i\u00e7in ona en iyi e\u011fitimi vermeye \u00e7aba sarf ederiz. Onun i\u00e7in burada herkesin huzurunda t\u00fcm anne ve babalara sayg\u0131lar sunuyorum. \u00d6nlerinde sayg\u0131yla e\u011filiyorum&#8221; ifadelerini kulland\u0131.<\/p>\n<p>&#8220;Mersin, bir \u00fcniversite kenti olmaya yak\u0131\u015f\u0131r bir kent&#8221;<\/p>\n<p>Ba\u015fkan Se\u00e7er, e\u011fitim ve \u00f6\u011fretimin \u00f6nemine dikkat \u00e7ekti\u011fi konu\u015fmas\u0131n\u0131n devam\u0131nda ise \u015funlar\u0131 kaydetti:<\/p>\n<p>&#8220;Burada bilimin \u0131\u015f\u0131\u011f\u0131nda bilgiler edindiniz. E\u011fitiminiz devam ediyor. \u00dcniversite bir \u00f6\u011fretim kap\u0131s\u0131d\u0131r, e\u011fitim kap\u0131s\u0131d\u0131r ama e\u011fitim hayat boyu devam eder. Siz o bilgilerle daha iyi d\u00fc\u015f\u00fcneceksiniz, muhakeme edeceksiniz, yanl\u0131\u015f\u0131 s\u00f6yleyeceksiniz, \u00f6zg\u00fcr d\u00fc\u015f\u00fcneceksiniz. Gerekirse muhalefet edeceksiniz. Siz bir bireysiniz bunu unutmaman\u0131z\u0131 istiyorum. Allah yolunuzu a\u00e7\u0131k etsin. \u015eans sizlerle olsun. Hayatta en ba\u015far\u0131l\u0131 olaca\u011f\u0131n\u0131z i\u015f, sevdi\u011finiz i\u015ftir, mutlu oldu\u011funuz i\u015ftir. Sadece bunu unutmay\u0131n. S\u00f6zlerime son verirken Ali Hocam&#8217;\u0131n s\u00f6zlerine at\u0131fta bulunarak s\u00f6zlerimi tamamlamak istiyorum. Ali Hocam; Mersin&#8217;in bir \u00fcniversite kenti olmas\u0131 gerekti\u011fi y\u00f6n\u00fcndeki g\u00f6r\u00fc\u015flerini beyan etti. Tamamen kat\u0131l\u0131yorum. Mersin; lokasyonuyla, co\u011frafyas\u0131yla, iklimiyle, tarihi ve k\u00fclt\u00fcrel miras\u0131yla, birikimiyle her \u015feyden \u00f6nemlisi Anadolu topraklar\u0131n\u0131n sentezi olan insan\u0131n\u0131n g\u00fczelli\u011fi ile bir \u00fcniversite kenti olmaya yak\u0131\u015f\u0131r bir kent. Biz de Belediye olarak, Ben Belediye Ba\u015fkan\u0131n\u0131z olarak bu yolda b\u00fct\u00fcn imkanlar\u0131m\u0131z\u0131 seferber edece\u011fiz ve kentimizi; gen\u00e7lerimizin, \u00f6\u011frencilerimizin \u00f6zg\u00fcrce dola\u015ft\u0131\u011f\u0131, okullar\u0131na gitti\u011fi, b\u00fct\u00fcn imkanlardan sonsuz \u015fekilde yararland\u0131\u011f\u0131 bir kent haline getirmek i\u00e7in bug\u00fcne kadar oldu\u011fu gibi bundan sonra da gecemizi g\u00fcnd\u00fcz\u00fcm\u00fcze katarak \u00e7al\u0131\u015fmaya devam edece\u011fiz. Hepinize hayatta ba\u015far\u0131lar diliyorum. Yolunuz a\u00e7\u0131k olsun.&#8221;<\/p>\n<p>\u00d6zveren: &#8220;\u00c7ocuklar\u0131m\u0131za kar\u015f\u0131 sorumluluklar\u0131m\u0131z\u0131 yerine getirmenin en \u00f6nemli yolu e\u011fitim&#8221;<\/p>\n<p>Toros \u00dcniversitesi M\u00fctevelli Heyet Kurucu Ba\u015fkan\u0131 Ali \u00d6zveren, &#8220;50 k\u00fcsur sene \u00f6nce hep ayn\u0131 \u015feyleri s\u00f6yledik ama o bir yere varmam\u0131z\u0131 sa\u011flad\u0131. Toros \u00dcniversitesi 27 senede kuruldu. Gen\u00e7lerimiz, evlatlar\u0131m\u0131z sadece bizim evlatlar\u0131m\u0131z de\u011fil, d\u00fcnyan\u0131n sorumluluklar\u0131 onlar\u0131n omuzlar\u0131nda. Akranlar\u0131na g\u00f6re iyi yeti\u015fmeleri laz\u0131m. Ben na\u00e7izane her kademe, her ya\u015ftaki T\u00fcrk \u00e7ocuklar\u0131n\u0131n d\u00fcnyadaki akranlar\u0131ndan daha yetenekli, daha ba\u015far\u0131l\u0131 olduklar\u0131n\u0131 ya\u015fayarak g\u00f6rd\u00fcm. Bu d\u00fc\u015f\u00fcncelerle \u00e7ocuklar\u0131m\u0131za kar\u015f\u0131 olan sorumluluklar\u0131m\u0131z\u0131 yerine getirmenin en \u00f6nemli yolunun da e\u011fitim oldu\u011funu fark ettim. Bizim yapmak istedi\u011fimiz sadece size katk\u0131da bulunmak ya da sizin yapmak istedi\u011finiz \u015feyleri ger\u00e7ekle\u015ftirme konusunda ortam haz\u0131rlamak, iklim olu\u015fturmak. Bunu yapmaya \u00e7al\u0131\u015f\u0131yoruz her kademedeki \u00f6\u011frencilerimiz i\u00e7in. Bu bak\u0131mdan ben \u00e7al\u0131\u015fma arkada\u015flar\u0131ma, ba\u015fta rekt\u00f6r\u00fcm\u00fcz olmak \u00fczere t\u00fcm y\u00f6neticilerimize en samimi duygular\u0131mla te\u015fekk\u00fcr etmek istiyorum&#8221; ifadelerini kullandu.<\/p>\n<p>Ar\u0131\u00f6z: &#8220;Yolunuz, baht\u0131n\u0131z a\u00e7\u0131k olsun&#8221;<\/p>\n<p>Toros \u00dcniversitesi Rekt\u00f6r\u00fc \u00d6mer Ar\u0131\u00f6z, ailelerin evlatlar\u0131n\u0131n ya\u015fam\u0131na etkisini anlatarak, &#8220;Bug\u00fcn evlatlar\u0131m\u0131z i\u00e7in gurur duyma vakti. Sevgili gen\u00e7ler ailelerimiz \u00e7ok \u00f6nemlidir. Sizleri mezun ederken onlar\u0131n \u00f6n\u00fcnde sayg\u0131yla e\u011filiyor, sizlerin \u00fczerindeki emekleri i\u00e7in te\u015fekk\u00fcrlerimi iletiyorum. Yolunuz, baht\u0131n\u0131z a\u00e7\u0131k olsun&#8221; diye konu\u015ftu.<\/p>\n<p>Arslan: &#8220;Bug\u00fcn ba\u015fard\u0131klar\u0131m\u0131z gelece\u011fimizin do\u011frudan teminat\u0131 olacakt\u0131r&#8221;<\/p>\n<p>Toros \u00dcniversitesi \u00d6\u011frenci Konseyi Ba\u015fkan\u0131 Ali Haydar Arslan da ortak bir sevinci payla\u015fmak i\u00e7in bir araya geldiklerini belirterek,  &#8220;Y\u0131llar ge\u00e7en emeklerimizle, uykusuz ge\u00e7en final haftalar\u0131m\u0131z\u0131 ve unvanlar\u0131m\u0131za sahip olmak i\u00e7in ger\u00e7ekle\u015ftirdi\u011fimiz ara\u015ft\u0131rmalar\u0131n sonucu olarak mezuniyete hak kazanan t\u00fcm \u00f6\u011frenci arkada\u015flar\u0131m\u0131 sayg\u0131yla selaml\u0131yorum. Sevgili mezun arkada\u015flar\u0131m; bug\u00fcn\u00fcn hi\u00e7 gelmeyece\u011fini d\u00fc\u015f\u00fcnerek ya\u015fad\u0131\u011f\u0131m\u0131z ac\u0131 tatl\u0131 g\u00fcnleri geride b\u0131rak\u0131p yeni ve farkl\u0131 bir yola \u00e7\u0131kman\u0131n hem heyecan\u0131 hem de merak\u0131 i\u00e7erisindeyiz. Bug\u00fcn ba\u015fard\u0131klar\u0131m\u0131z gelece\u011fimizin do\u011frudan teminat\u0131 olacakt\u0131r&#8221; dedi.<\/p>\n","protected":false},"excerpt":{"rendered":"<p>Mersin B\u00fcy\u00fck\u015fehir Belediye Ba\u015fkan\u0131 Vahap Se\u00e7er, 2021-2022 e\u011fitim-\u00f6\u011fretim y\u0131l\u0131n\u0131n tamamlanmas\u0131yla mezuniyet diplomas\u0131 alan Toros \u00dcniversitesi \u00f6\u011frencileriyle bulu\u015ftu. Servet Tazeg\u00fcl Spor Salonu&#8217;nda d\u00fczenlenen mezuniyet t\u00f6renine kat\u0131lan Ba\u015fkan Se\u00e7er, Mersin&#8217;de e\u011fitim ve &hellip; <a href=\"https:\/\/akdenizolaygazetesi.com\/?p=19473\" class=\"more-link\">Devam\u0131n\u0131 Oku&#8230;<\/a><\/p>\n","protected":false},"author":2,"featured_media":19474,"comment_status":"open","ping_status":"open","sticky":false,"template":"","format":"standard","meta":[],"categories":[1,2,3,5],"tags":[],"_links":{"self":[{"href":"https:\/\/akdenizolaygazetesi.com\/index.php?rest_route=\/wp\/v2\/posts\/19473"}],"collection":[{"href":"https:\/\/akdenizolaygazetesi.com\/index.php?rest_route=\/wp\/v2\/posts"}],"about":[{"href":"https:\/\/akdenizolaygazetesi.com\/index.php?rest_route=\/wp\/v2\/types\/post"}],"author":[{"embeddable":true,"href":"https:\/\/akdenizolaygazetesi.com\/index.php?rest_route=\/wp\/v2\/users\/2"}],"replies":[{"embeddable":true,"href":"https:\/\/akdenizolaygazetesi.com\/index.php?rest_route=%2Fwp%2Fv2%2Fcomments&post=19473"}],"version-history":[{"count":1,"href":"https:\/\/akdenizolaygazetesi.com\/index.php?rest_route=\/wp\/v2\/posts\/19473\/revisions"}],"predecessor-version":[{"id":19475,"href":"https:\/\/akdenizolaygazetesi.com\/index.php?rest_route=\/wp\/v2\/posts\/19473\/revisions\/19475"}],"wp:featuredmedia":[{"embeddable":true,"href":"https:\/\/akdenizolaygazetesi.com\/index.php?rest_route=\/wp\/v2\/media\/19474"}],"wp:attachment":[{"href":"https:\/\/akdenizolaygazetesi.com\/index.php?rest_route=%2Fwp%2Fv2%2Fmedia&parent=19473"}],"wp:term":[{"taxonomy":"category","embeddable":true,"href":"https:\/\/akdenizolaygazetesi.com\/index.php?rest_route=%2Fwp%2Fv2%2Fcategories&post=19473"},{"taxonomy":"post_tag","embeddable":true,"href":"https:\/\/akdenizolaygazetesi.com\/index.php?rest_route=%2Fwp%2Fv2%2Ftags&post=19473"}],"curies":[{"name":"wp","href":"https:\/\/api.w.org\/{rel}","templated":true}]}}