{"id":19476,"date":"2022-06-25T17:40:04","date_gmt":"2022-06-25T14:40:04","guid":{"rendered":"http:\/\/akdenizolaygazetesi.com\/?p=19476"},"modified":"2022-06-25T17:40:04","modified_gmt":"2022-06-25T14:40:04","slug":"ataturk-caddesi-ile-fatih-sultan-mehmet-caddesinin-kesistigi-noktada-birkac-ay-icerisinde-bir-koprulu-kavsak-insaatimizi-baslatacagiz","status":"publish","type":"post","link":"https:\/\/akdenizolaygazetesi.com\/?p=19476","title":{"rendered":"&#8220;ATAT\u00dcRK CADDES\u0130 \u0130LE FAT\u0130H SULTAN MEHMET CADDES\u0130&#8217;N\u0130N KES\u0130\u015eT\u0130\u011e\u0130 NOKTADA B\u0130RKA\u00c7 AY \u0130\u00c7ER\u0130S\u0130NDE B\u0130R K\u00d6PR\u00dcL\u00dc KAV\u015eAK \u0130N\u015eAATIMIZI BA\u015eLATACA\u011eIZ&#8221;"},"content":{"rendered":"<p>Mersin B\u00fcy\u00fck\u015fehir Belediyesi, Ba\u015fkan Vahap Se\u00e7er \u00f6nc\u00fcl\u00fc\u011f\u00fcnde Tarsus&#8217;un kent esteti\u011fini art\u0131racak \u00e7al\u0131\u015fmalar\u0131n\u0131 s\u00fcratle s\u00fcrd\u00fcr\u00fcyor. Yap\u0131lan \u00e7al\u0131\u015fmalardan baz\u0131lar\u0131n\u0131 yerinde inceleyen Ba\u015fkan Se\u00e7er, vatanda\u015flardan yo\u011fun ilgi g\u00f6rd\u00fc. Tarsus ziyareti kapsam\u0131nda; yap\u0131m\u0131 s\u00fcren \u00c7aml\u0131yayla Yolu, Yarenlik Alan\u0131 ve tamamlanan \u00d6mer Nazmi Caddesi&#8217;ni inceleyen Ba\u015fkan Se\u00e7er, Ye\u015filyurt Pazar\u0131&#8217;n\u0131 da gezerek esnaf ve vatanda\u015flarla sohbet etti.<\/p>\n<p>Ba\u015fkan Se\u00e7er&#8217;e Tarsus gezisinde; CHP Mersin Milletvekili Ali Mahir Ba\u015far\u0131r, CHP Tarsus \u0130l\u00e7e Ba\u015fkan\u0131 Ozan Varal, B\u00fcy\u00fck\u015fehir Belediye Meclis \u00dcyeleri, b\u00fcrokratlar ve daire ba\u015fkanlar\u0131 ile muhtarlar da e\u015flik etti.<\/p>\n<p>&#8220;Tarsusumuza kazand\u0131raca\u011f\u0131m\u0131z g\u00fczel bir \u00e7al\u0131\u015fma olacak&#8221;<\/p>\n<p>Ba\u015fkan Se\u00e7er, s\u00fcratle yap\u0131m\u0131 s\u00fcren \u00c7aml\u0131yayla Yolu&#8217;nda incelemede bulundu. Se\u00e7er, &#8220;Buras\u0131 \u00f6nemli bir g\u00fczergah. \u015eu anda buraya yap\u0131lan yol toplam 2 bin 150 metre ve 35 metre eninde. Tarsus&#8217;ta 3 \u015feritli yap\u0131lan ilk yol ve ayn\u0131 zamanda g\u00fcvenlik \u015feridi, bisiklet yolunu da kaps\u0131yor. Biliyorsunuz \u00c7aml\u0131yayla il\u00e7emiz \u00f6zellikle yaz n\u00fcfusu yo\u011fun bir yer. Burada da \u015fu anda i\u00e7inde bulundu\u011fumuz Haziran ay\u0131 itibariyle de o b\u00f6lgelere, istikamete seyahatin yo\u011fun oldu\u011fu bir g\u00fczergah buras\u0131. Lokasyon olarak da s\u0131k\u0131nt\u0131l\u0131yd\u0131. Keskin bir viraj var. Bura kazalar\u0131yla \u00fcnl\u00fcd\u00fcr. \u00c7ocuklu\u011fumuzdan beri biliriz bu b\u00f6lgeyi. Burada imar da geli\u015fiyor, \u00e7ok yeni yap\u0131lar olu\u015fuyor. Onlar\u0131 da d\u00fc\u015f\u00fcnerek imar planlar\u0131ndan 35 metrelik bir yol \u00f6ng\u00f6r\u00fclm\u00fc\u015f ki do\u011fru bir yakla\u015f\u0131m olmu\u015f. Bizim de yapaca\u011f\u0131m\u0131z yeni yolla, katk\u0131lar\u0131m\u0131zla beraber Tarsusumuza kazand\u0131raca\u011f\u0131m\u0131z g\u00fczel bir \u00e7al\u0131\u015fma olacak&#8221; dedi.<\/p>\n<p>&#8220;Ger\u00e7ekten g\u00fczel hizmetler oluyor. Bu hizmetlerimiz bundan sonra da devam edecek&#8221;<\/p>\n<p>Tarsus&#8217;ta bir\u00e7ok b\u00f6lgede \u00e7al\u0131\u015fma yapt\u0131klar\u0131n\u0131 s\u00f6yleyen Ba\u015fkan Se\u00e7er, &#8220;\u00c7al\u0131\u015fmalar da devam ediyor, devam edecek. \u015eimdi buradan \u00d6mer Nazmi Caddesi&#8217;ne ge\u00e7ece\u011fiz.  Orada da 1350 metrelik bir g\u00fczergah\u0131m\u0131z var. Oray\u0131 da bitirdik, inceleyece\u011fiz. 2022 y\u0131l\u0131 program\u0131m\u0131zda bir\u00e7ok noktada, ana arterlerde, Mersin B\u00fcy\u00fck\u015fehir Belediyesi&#8217;ne ait g\u00fczergahlarda program uygulanacak. Mutlaka \u00e7ok b\u00fcy\u00fck s\u0131k\u0131nt\u0131lar ya\u015f\u0131yoruz. Maliyetler \u00e7ok artt\u0131. Hi\u00e7 hesapta olmayan geli\u015fmeler oldu. Akaryak\u0131t, bit\u00fcm fiyatlar\u0131nda ve di\u011fer in\u015faat malzemelerinde. Her \u015feye ra\u011fmen Mersin B\u00fcy\u00fck\u015fehir Belediyesi g\u00fc\u00e7l\u00fc, istikrarl\u0131, ne yapt\u0131\u011f\u0131n\u0131 bilen bir belediyedir. B\u00fct\u00e7esi g\u00fc\u00e7l\u00fc bir belediye oldu\u011fu i\u00e7in, y\u00f6netenler de g\u00fc\u00e7l\u00fc bir irade ortaya koydu\u011fu i\u00e7in son 3 y\u0131lda zaten yap\u0131lanlar\u0131, her \u015feyi g\u00f6r\u00fcl\u00fcr. Burada tevazu sahibi de olamay\u0131z. Ger\u00e7ekten g\u00fczel hizmetler oluyor. Takdire \u015fayan hizmetler oluyor. Bu hizmetlerimiz bundan sonra da devam edecek&#8221; diye konu\u015ftu.<\/p>\n<p>&#8220;\u015eu anda Tarsus&#8217;un Ula\u015f\u0131m Master Plan\u0131&#8217;n\u0131 \u00e7al\u0131\u015f\u0131yoruz&#8221;<\/p>\n<p>Tarsus&#8217;ta \u00e7ok g\u00fczel i\u015fler yapt\u0131klar\u0131n\u0131 s\u00f6yleyen Ba\u015fkan Se\u00e7er, \u015f\u00f6yle devam etti:<\/p>\n<p>&#8220;Bu i\u00e7inde bulundu\u011fumuz alan\u0131n yakla\u015f\u0131k olarak 1000 metre gerisinde, orada Atat\u00fcrk Caddesi ile Fatih Sultan Mehmet Caddesi&#8217;nin kesi\u015fti\u011fi noktada da muhtemelen \u00f6n\u00fcm\u00fczdeki birka\u00e7 ay i\u00e7erisinde bir k\u00f6pr\u00fcl\u00fc kav\u015fak in\u015faat\u0131m\u0131z\u0131 ba\u015flataca\u011f\u0131z. Bu da Tarsus&#8217;ta bir ilk. Mersin merkeze gelip o trafi\u011fin ak\u0131\u015f\u0131na imrenen Tarsuslular\u0131m\u0131z da bundan sonra kendi b\u00f6lgelerinde trafi\u011fin aksad\u0131\u011f\u0131, kilitlendi\u011fi kav\u015faklarda art\u0131k k\u00f6pr\u00fcl\u00fc kav\u015fak g\u00f6rebilecek. Zaten \u015fu anda da Tarsus&#8217;un Ula\u015f\u0131m Master Plan\u0131&#8217;n\u0131 \u00e7al\u0131\u015f\u0131yoruz. \u00d6n\u00fcm\u00fczdeki nereden baksan\u0131z bir 10-15 y\u0131lda neler yap\u0131labilir, onun teknik analizini, bilimsel analizini yap\u0131yoruz. Zaten yapt\u0131\u011f\u0131m\u0131z i\u015fler de tekni\u011fe, bilime, akla, mant\u0131\u011fa, rasyonaliteye uygun \u00e7al\u0131\u015fmalar. Tarsus her \u015feyi hak ediyor. Biz de Tarsus&#8217;un hakk\u0131n\u0131 vermek i\u00e7in bug\u00fcne kadar oldu\u011fu gibi bundan sonra da gecemizi, g\u00fcnd\u00fcz\u00fcm\u00fcze kat\u0131p \u00e7al\u0131\u015fmaya devam edece\u011fiz.&#8221;<\/p>\n<p>Ba\u015fkan Se\u00e7er, \u00c7aml\u0131yayla Yolu&#8217;ndaki \u00e7al\u0131\u015fman\u0131n ard\u0131ndan yap\u0131m\u0131 tamamlanan \u00d6mer Nazmi Caddesi&#8217;ni gezdi. Mahalle muhtarlar\u0131n\u0131n \u00f6vg\u00fc dolu c\u00fcmleleri ile kar\u015f\u0131lanan Ba\u015fkan Se\u00e7er, caddeyi muhtar ve vatanda\u015flarla birlikte y\u00fcr\u00fcyerek inceledi.<\/p>\n<p>&#8220;Bir se\u00e7im ortam\u0131n\u0131n da T\u00fcrkiye&#8217;yi rahatlataca\u011f\u0131n\u0131 d\u00fc\u015f\u00fcn\u00fcyorum&#8221;<\/p>\n<p>Ye\u015filyurt Pazar\u0131&#8217;n\u0131 da gezen Ba\u015fkan Se\u00e7er, b\u00fcy\u00fck ilgiyle kar\u015f\u0131land\u0131. Pazar esnaf\u0131n\u0131 tek tek gezen Ba\u015fkan Se\u00e7er, vatanda\u015f\u0131n al\u0131m g\u00fcc\u00fcne dair \u015fu d\u00fc\u015f\u00fcnceleri payla\u015ft\u0131:<\/p>\n<p>&#8220;Aman aman kalabal\u0131k de\u011fil. \u00c7ok yo\u011fun bir al\u0131\u015fveri\u015f yok. \u00c7\u00fcnk\u00fc sebze, meyve fiyatlar\u0131 \u00e7ok \u00e7ok y\u00fcksek. Buras\u0131 \u00fcretici b\u00f6lge. Tarsus, sebzenin yo\u011fun yeti\u015fti\u011fi bir yer. Meyvenin yo\u011fun yeti\u015fti\u011fi bir yer ki \u015fu anda sezonu. Hasat sezonu yani bir turfanda sezon da de\u011fil. Ona ra\u011fmen en ucuz meyve 5, 7, 8 lira. Domates 7-8 lira. Bunlar mutlaka t\u00fcketici a\u00e7\u0131s\u0131ndan \u00e7ok y\u00fcksek rakam, \u00fcretici a\u00e7\u0131s\u0131ndan da sordu\u011funuz zaman hakl\u0131 olarak d\u00fc\u015f\u00fck buluyor \u00e7\u00fcnk\u00fc denge bozuldu. Yani bir taraftan t\u00fcketim yapan sabit gelirli, dar gelirli i\u015f\u00e7i, memur, esnaf; gelirinde sorun var, alm\u0131\u015f ba\u015f\u0131n\u0131 gitmi\u015f hayat pahal\u0131l\u0131\u011f\u0131. Geliri sabit. Di\u011fer taraftan \u00fcretici \u00fcretim yap\u0131yor. G\u00fcbreyi 3 kat\u0131na, akaryak\u0131t\u0131 3-4 kat\u0131na, ilac\u0131 5 kat\u0131na kullan\u0131nca ortada m\u00fcthi\u015f bir kaos oluyor. Bu ekonomik bir mesele. Do\u011fal olarak bunu merkezi h\u00fck\u00fcmetin \u00e7\u00f6zmesi gerekiyor. Mutlaka bir yerel y\u00f6netici olarak, Belediye Ba\u015fkan\u0131 olarak biz de bu buhran s\u00fcrecinde, hayat pahal\u0131l\u0131\u011f\u0131 s\u00fcrecinde vatanda\u015f\u0131n yan\u0131nda olmak istiyoruz. Bizim yapaca\u011f\u0131m\u0131z onlara mutlaka sosyal katk\u0131lard\u0131r. Onlar\u0131n \u00f6nce g\u0131das\u0131n\u0131, \u00e7ocuklar\u0131n\u0131, bebe\u011finin mamas\u0131n\u0131 d\u00fc\u015f\u00fcnmek. Zaten bunlar\u0131 yap\u0131yoruz. Y\u00f6netime geldi\u011fimiz andan itibaren yap\u0131yoruz. O ayr\u0131 bir konu. Bir yap\u0131sal sorunlar var. Bir de ani seyreden sorunlar var. \u015eimdi bu ekonomik kriz bir taraftan hem yap\u0131sal, y\u0131llara matuf yap\u0131lan hatalar\u0131n sonucu; bir de geli\u015fen pandemi ko\u015fullar\u0131, d\u00fcnya ekonomik \u015fartlar\u0131 derken ikisi \u00fcst \u00fcste geldi hayat \u00e7ekilmez bir hal ald\u0131. Yani pazar yerinde g\u00f6rd\u00fc\u011f\u00fcm \u00f6zetle bir Belediye Ba\u015fkan\u0131 olarak bu. Bir siyaset\u00e7i olarak da \u00fclkemin bu durumda olmas\u0131, yurtta\u015f\u0131m\u0131n bu durumda olmas\u0131 beni mutlu etmez. Son derece de \u00fczer. \u0130n\u015fallah bir \u00e7\u0131k\u0131\u015f yolu olacak. Siyaset kurumu \u00e7\u00f6zer bunu. Mutlaka &#8216;in\u015fallah&#8217; diyece\u011fiz, dilek dileyece\u011fiz, dua edece\u011fiz ama ak\u0131l \u00e7\u00f6zer bunu, uygulayaca\u011f\u0131n\u0131z politikalar \u00e7\u00f6zer. T\u00fcrkiye yak\u0131n zamanda umut ediyorum rahatlayacak bir ortam ya\u015fayacak. Bir se\u00e7im ortam\u0131n\u0131n da T\u00fcrkiye&#8217;yi rahatlataca\u011f\u0131n\u0131 d\u00fc\u015f\u00fcn\u00fcyorum.&#8221;<\/p>\n<p>\u00dclgen: &#8220;72 senedir bu mahallenin \u00e7ocu\u011fuyum. Ben sizin gibi d\u00fcr\u00fcst, g\u00fczel bir insan g\u00f6rmedim&#8221;<\/p>\n<p>Pazar&#8217;\u0131n giri\u015finde Ba\u015fkan Se\u00e7er&#8217;le sohbet eden \u015einasi \u00dclgen, &#8220;Ya\u015f\u0131m 72. 72 senedir bu mahallenin \u00e7ocu\u011fuyum. Ben sizin gibi d\u00fcr\u00fcst, g\u00fczel bir insan g\u00f6rmedim. Hi\u00e7bir \u015fey beklemiyorum sizden. Hi\u00e7bir ricam da yok. Siz de\u011ferli bir insans\u0131n\u0131z. \u00c7ok seviyorum sizi&#8221; dedi.<\/p>\n<p>Pazar gezisini tamamlayan Ba\u015fkan Se\u00e7er, pazar\u0131n sonunda bulunan Hurmal\u0131bah\u00e7e&#8217;de \u00e7ocuklu\u011funda top oynad\u0131\u011f\u0131 sahay\u0131 g\u00f6rerek, duygusal anlar ya\u015fad\u0131.<\/p>\n<p>Yarenlik Alan\u0131 incelemesinden \u00f6\u011frencilerden Ba\u015fkan Se\u00e7er&#8217;e te\u015fekk\u00fcr<\/p>\n<p>Ba\u015fkan Se\u00e7er&#8217;in son dura\u011f\u0131 ise Yarenlik alan\u0131 oldu. Yarenlik Alan\u0131&#8217;nda kent esteti\u011fini art\u0131racak \u00e7al\u0131\u015fmalar\u0131 inceleyen Ba\u015fkan Se\u00e7er, b\u00f6lge esnaf\u0131n\u0131 gezerek s\u00fcren \u00e7al\u0131\u015fmalarla ilgili sohbet etti. Burada da yo\u011fun ilgi ile kar\u015f\u0131lanan Ba\u015fkan Se\u00e7er&#8217;e \u00fcniversite \u00f6\u011frencilerinden te\u015fekk\u00fcr geldi. Tarsus \u00dcniversitesi&#8217;nden bu y\u0131l mezun olan \u00f6\u011frenciler Ba\u015fkan Se\u00e7er&#8217;le foto\u011fraf \u00e7ekilerek, &#8220;Bize yapt\u0131\u011f\u0131n\u0131z yemek yard\u0131mlar\u0131ndan dolay\u0131, bayramlarda yapt\u0131\u011f\u0131n\u0131z yard\u0131mlardan dolay\u0131 \u00e7ok te\u015fekk\u00fcr ederiz&#8221; s\u00f6zleri ile duygular\u0131n\u0131 dile getirdi.<\/p>\n","protected":false},"excerpt":{"rendered":"<p>Mersin B\u00fcy\u00fck\u015fehir Belediyesi, Ba\u015fkan Vahap Se\u00e7er \u00f6nc\u00fcl\u00fc\u011f\u00fcnde Tarsus&#8217;un kent esteti\u011fini art\u0131racak \u00e7al\u0131\u015fmalar\u0131n\u0131 s\u00fcratle s\u00fcrd\u00fcr\u00fcyor. Yap\u0131lan \u00e7al\u0131\u015fmalardan baz\u0131lar\u0131n\u0131 yerinde inceleyen Ba\u015fkan Se\u00e7er, vatanda\u015flardan yo\u011fun ilgi g\u00f6rd\u00fc. Tarsus ziyareti kapsam\u0131nda; yap\u0131m\u0131 s\u00fcren &hellip; <a href=\"https:\/\/akdenizolaygazetesi.com\/?p=19476\" class=\"more-link\">Devam\u0131n\u0131 Oku&#8230;<\/a><\/p>\n","protected":false},"author":2,"featured_media":19477,"comment_status":"open","ping_status":"open","sticky":false,"template":"","format":"standard","meta":[],"categories":[1,3],"tags":[],"_links":{"self":[{"href":"https:\/\/akdenizolaygazetesi.com\/index.php?rest_route=\/wp\/v2\/posts\/19476"}],"collection":[{"href":"https:\/\/akdenizolaygazetesi.com\/index.php?rest_route=\/wp\/v2\/posts"}],"about":[{"href":"https:\/\/akdenizolaygazetesi.com\/index.php?rest_route=\/wp\/v2\/types\/post"}],"author":[{"embeddable":true,"href":"https:\/\/akdenizolaygazetesi.com\/index.php?rest_route=\/wp\/v2\/users\/2"}],"replies":[{"embeddable":true,"href":"https:\/\/akdenizolaygazetesi.com\/index.php?rest_route=%2Fwp%2Fv2%2Fcomments&post=19476"}],"version-history":[{"count":1,"href":"https:\/\/akdenizolaygazetesi.com\/index.php?rest_route=\/wp\/v2\/posts\/19476\/revisions"}],"predecessor-version":[{"id":19478,"href":"https:\/\/akdenizolaygazetesi.com\/index.php?rest_route=\/wp\/v2\/posts\/19476\/revisions\/19478"}],"wp:featuredmedia":[{"embeddable":true,"href":"https:\/\/akdenizolaygazetesi.com\/index.php?rest_route=\/wp\/v2\/media\/19477"}],"wp:attachment":[{"href":"https:\/\/akdenizolaygazetesi.com\/index.php?rest_route=%2Fwp%2Fv2%2Fmedia&parent=19476"}],"wp:term":[{"taxonomy":"category","embeddable":true,"href":"https:\/\/akdenizolaygazetesi.com\/index.php?rest_route=%2Fwp%2Fv2%2Fcategories&post=19476"},{"taxonomy":"post_tag","embeddable":true,"href":"https:\/\/akdenizolaygazetesi.com\/index.php?rest_route=%2Fwp%2Fv2%2Ftags&post=19476"}],"curies":[{"name":"wp","href":"https:\/\/api.w.org\/{rel}","templated":true}]}}