{"id":1948,"date":"2020-11-04T18:22:28","date_gmt":"2020-11-04T15:22:28","guid":{"rendered":"http:\/\/mersinekonomipolitikagazetesi.com\/?p=1948"},"modified":"2020-11-04T18:22:28","modified_gmt":"2020-11-04T15:22:28","slug":"tarsus-idman-yurdu-2-ligde","status":"publish","type":"post","link":"https:\/\/akdenizolaygazetesi.com\/?p=1948","title":{"rendered":"Tarsus \u0130dman Yurdu 2. Lig\u2019de"},"content":{"rendered":"<p>TFF 3. Lig Play-Off Finali&#8217;nde Tarsus \u0130dman Yurdu, K\u0131z\u0131lcab\u00f6l\u00fckspor&#8217;u 1-0 ma\u011flup ederek 2. Lig&#8217;e \u00e7\u0131kt\u0131.<\/p>\n<p><span style=\"font-size:16px;\"><span style=\"font-family: sans-serif; line-height: 20px; text-align: justify; background-color: rgb(242, 244, 245);\">Ankara&#8217;da oynanan final kar\u015f\u0131la\u015fmas\u0131nda K\u0131z\u0131lcab\u00f6l\u00fckspor&#8217;u 1-0 yenerek 2. Lig&#8217;e y\u00fckselen Tarsus \u0130dman Yurdu \u015fampiyonluk kupas\u0131n\u0131 ald\u0131. Kupa sevincini tak\u0131mla birlikte ya\u015fayan Tarsus Belediye Ba\u015fkan\u0131 \u015eevket Can, taraftarlar, futbolcular ve y\u00f6neticiler duygu dolu anlar ya\u015fad\u0131lar.\u00a0<\/span><br style=\"box-sizing: border-box; font-family: sans-serif; font-size: 14px; line-height: 20px; text-align: justify; background-color: rgb(242, 244, 245);\" \/><br \/>\n<span style=\"font-family: sans-serif; line-height: 20px; text-align: justify; background-color: rgb(242, 244, 245);\">Y\u00f6netimi, futbolcular\u0131 ve teknik heyeti tebrik eden Belediye Ba\u015fkan\u0131 \u015eevket Can, \u015fampiyonlu\u011fu hak ettiklerini s\u00f6yledi.\u00a0<\/span><br style=\"box-sizing: border-box; font-family: sans-serif; font-size: 14px; line-height: 20px; text-align: justify; background-color: rgb(242, 244, 245);\" \/><br \/>\n<span style=\"font-family: sans-serif; line-height: 20px; text-align: justify; background-color: rgb(242, 244, 245);\">\u201c\u0130nand\u0131k, ba\u015fard\u0131k\u201d diyen Ba\u015fkan Can, \u00e7ok uzun bir maratondan sonra hedefe ula\u015fman\u0131n mutlulu\u011funu ya\u015fad\u0131klar\u0131n\u0131 belirtti.\u00a0<\/span><br style=\"box-sizing: border-box; font-family: sans-serif; font-size: 14px; line-height: 20px; text-align: justify; background-color: rgb(242, 244, 245);\" \/><br \/>\n<span style=\"font-family: sans-serif; line-height: 20px; text-align: justify; background-color: rgb(242, 244, 245);\">Ba\u015fkan Can, \u201cB\u00fcy\u00fck hedefleriniz varsa b\u00fcy\u00fck \u00e7abalar g\u00f6stermek zorundas\u0131n\u0131zd\u0131r. Bizler lig ba\u015flarken tak\u0131m\u0131m\u0131za g\u00fcvendik ve imkanlar\u0131m\u0131z do\u011frultusunda, arkas\u0131nda durduk desteklemeye \u00e7al\u0131\u015ft\u0131k. Cefakar vefakar taraftarlar\u0131m\u0131zla ya\u011fmur, \u00e7amur demeden, ma\u00e7larda tak\u0131m\u0131m\u0131z\u0131n yan\u0131nda yer ald\u0131k. Normalde gruplardan direk \u00e7\u0131k\u0131p bu i\u015fi play-off\u2019lara kadar getirmemiz gerekirdi. Ama o durumda dahi moralimizi bozmadan hedefe kilitlenmi\u015f \u015fekilde, disiplinli olarak play-off ma\u00e7lar\u0131m\u0131z\u0131 da ge\u00e7erek hedefimize ula\u015ft\u0131k. Emeklerimiz, \u00e7abalar\u0131m\u0131z bo\u015fa gitmedi\u011fi i\u00e7in \u00e7ok mutluyuz. Allah\u2019a \u015f\u00fck\u00fcrler olsun diyoruz. Bu zaferde eme\u011fi ge\u00e7en ba\u015fta cefakar taraftarlar\u0131m\u0131za, y\u00f6netime, teknik ekibe ve tabi ki birbirinden k\u0131ymetli oyuncular\u0131m\u0131za te\u015fekk\u00fcr ediyorum. \u015eahs\u0131m olarak benim de bu zaferde azda olsa bir katk\u0131m olduysa ne mutlu bana. Bu r\u00fczgar\u0131 ve birlik beraberli\u011fimizi 2\u2019nci lig\u2019de de devam ettirebilirsek inan\u0131yorum ki orada da b\u00fcy\u00fck ba\u015far\u0131lara imza ataca\u011f\u0131z. \u015eampiyonluk hepimize hay\u0131rl\u0131 u\u011furlu olsun\u201d dedi.\u00a0<\/span><br style=\"box-sizing: border-box; font-family: sans-serif; font-size: 14px; line-height: 20px; text-align: justify; background-color: rgb(242, 244, 245);\" \/><br \/>\n<span style=\"font-family: sans-serif; line-height: 20px; text-align: justify; background-color: rgb(242, 244, 245);\">B\u00fct\u00fcn imkanlar\u0131 seferber ettiklerini ifade eden Ba\u015fkan Can, \u201cTaraftarlar\u0131m\u0131z\u0131n rahat bir deplasmana gidebilmeleri i\u00e7in onlarca otob\u00fcs ayarlad\u0131k. 5 bine yak\u0131n bayrak, forma ve \u015fapka da\u011f\u0131tt\u0131k. Ma\u00e7a gidemeyen sporseverlerimiz i\u00e7in de Cumhuriyet alan\u0131nda dev ekran kurdurduk, heyecan\u0131m\u0131za ortak ettirdik. Hem\u015fehrilerimizin ma\u00e7\u0131 evlerinde yada i\u015f yerlerinde izlemeleri i\u00e7inde m\u00fcsabakay\u0131 canl\u0131 olarak televizyon kanal\u0131nda verdirdik. Feda olsun Tarsusumuza, her\u015fey Tarsus ve Tarsuslular i\u00e7indir\u201d \u015feklinde konu\u015ftu.\u00a0<\/span><\/span><\/p>\n","protected":false},"excerpt":{"rendered":"<p>TFF 3. Lig Play-Off Finali&#8217;nde Tarsus \u0130dman Yurdu, K\u0131z\u0131lcab\u00f6l\u00fckspor&#8217;u 1-0 ma\u011flup ederek 2. Lig&#8217;e \u00e7\u0131kt\u0131. Ankara&#8217;da oynanan final kar\u015f\u0131la\u015fmas\u0131nda K\u0131z\u0131lcab\u00f6l\u00fckspor&#8217;u 1-0 yenerek 2. Lig&#8217;e y\u00fckselen Tarsus \u0130dman Yurdu \u015fampiyonluk kupas\u0131n\u0131 &hellip; <a href=\"https:\/\/akdenizolaygazetesi.com\/?p=1948\" class=\"more-link\">Devam\u0131n\u0131 Oku&#8230;<\/a><\/p>\n","protected":false},"author":1,"featured_media":0,"comment_status":"open","ping_status":"open","sticky":false,"template":"","format":"standard","meta":[],"categories":[],"tags":[],"_links":{"self":[{"href":"https:\/\/akdenizolaygazetesi.com\/index.php?rest_route=\/wp\/v2\/posts\/1948"}],"collection":[{"href":"https:\/\/akdenizolaygazetesi.com\/index.php?rest_route=\/wp\/v2\/posts"}],"about":[{"href":"https:\/\/akdenizolaygazetesi.com\/index.php?rest_route=\/wp\/v2\/types\/post"}],"author":[{"embeddable":true,"href":"https:\/\/akdenizolaygazetesi.com\/index.php?rest_route=\/wp\/v2\/users\/1"}],"replies":[{"embeddable":true,"href":"https:\/\/akdenizolaygazetesi.com\/index.php?rest_route=%2Fwp%2Fv2%2Fcomments&post=1948"}],"version-history":[{"count":0,"href":"https:\/\/akdenizolaygazetesi.com\/index.php?rest_route=\/wp\/v2\/posts\/1948\/revisions"}],"wp:attachment":[{"href":"https:\/\/akdenizolaygazetesi.com\/index.php?rest_route=%2Fwp%2Fv2%2Fmedia&parent=1948"}],"wp:term":[{"taxonomy":"category","embeddable":true,"href":"https:\/\/akdenizolaygazetesi.com\/index.php?rest_route=%2Fwp%2Fv2%2Fcategories&post=1948"},{"taxonomy":"post_tag","embeddable":true,"href":"https:\/\/akdenizolaygazetesi.com\/index.php?rest_route=%2Fwp%2Fv2%2Ftags&post=1948"}],"curies":[{"name":"wp","href":"https:\/\/api.w.org\/{rel}","templated":true}]}}