{"id":1949,"date":"2020-11-04T18:22:28","date_gmt":"2020-11-04T15:22:28","guid":{"rendered":"http:\/\/mersinekonomipolitikagazetesi.com\/?p=1949"},"modified":"2020-11-04T18:22:28","modified_gmt":"2020-11-04T15:22:28","slug":"tarhan-doludan-etkilenen-ciftcilerle-gorustu","status":"publish","type":"post","link":"https:\/\/akdenizolaygazetesi.com\/?p=1949","title":{"rendered":"Tarhan, doludan etkilenen \u00e7ift\u00e7ilerle g\u00f6r\u00fc\u015ft\u00fc"},"content":{"rendered":"<p>Mezitli Belediye Ba\u015fkan\u0131 Ne\u015fet Tarhan, \u00f6nceki g\u00fcn ya\u015fanan yo\u011fun dolu ya\u011f\u0131\u015f\u0131nda zarar g\u00f6ren k\u00f6ylere giderek, vatanda\u015flar\u0131n sorunlar\u0131n\u0131 dinledi.<\/p>\n<p><span style=\"font-size:16px;\"><span style=\"font-family: sans-serif; line-height: 20px; text-align: justify; background-color: rgb(242, 244, 245);\">Mezitli il\u00e7esinin Takanl\u0131, Pelitkoya\u011f\u0131 ve \u00c7evlik mahallelerindeki k\u00f6yl\u00fclerle bulu\u015fan Tarhan, \u00e7ift\u00e7ilerin her zaman yan\u0131nda olacaklar\u0131n\u0131 s\u00f6yleyerek, doludan zarar g\u00f6ren \u00fcr\u00fcnleri kontrol ederek, deste\u011fin sa\u011flanmas\u0131 i\u00e7in gerekli yerlerle g\u00f6r\u00fc\u015fece\u011fini bildirdi.\u00a0<\/span><br style=\"box-sizing: border-box; font-family: sans-serif; font-size: 14px; line-height: 20px; text-align: justify; background-color: rgb(242, 244, 245);\" \/><br \/>\n<span style=\"font-family: sans-serif; line-height: 20px; text-align: justify; background-color: rgb(242, 244, 245);\">Afetlere kar\u015f\u0131 yap\u0131labilecek en etkin m\u00fccadelenin tar\u0131m sigortas\u0131 oldu\u011funu vurgulayan Tarhan, &#8220;Maalesef k\u0131sa bir s\u00fcre ya\u011fan dolu bir\u00e7ok k\u00f6y\u00fcm\u00fczdeki \u00e7ift\u00e7imizin t\u00fcm emeklerinin zayi olmas\u0131na neden oldu. Yap\u0131lan o kadar masraf ve \u00fcr\u00fcn, dolunun vurmas\u0131yla yok oldu gitti. Muhtarlar\u0131m\u0131zla bir araya gelerek &#8216;Hangi k\u00f6y\u00fcn ne kadar zarar\u0131 var, nas\u0131l \u00e7\u00f6z\u00fcm \u00fcretebiliriz?&#8217; buna karar verece\u011fiz. Maalesef bu afet ya\u015fand\u0131, art\u0131k bundan sonra neler yapabilece\u011fimizi planlamak durumunday\u0131z&#8221; dedi.\u00a0<\/span><\/span><\/p>\n","protected":false},"excerpt":{"rendered":"<p>Mezitli Belediye Ba\u015fkan\u0131 Ne\u015fet Tarhan, \u00f6nceki g\u00fcn ya\u015fanan yo\u011fun dolu ya\u011f\u0131\u015f\u0131nda zarar g\u00f6ren k\u00f6ylere giderek, vatanda\u015flar\u0131n sorunlar\u0131n\u0131 dinledi. Mezitli il\u00e7esinin Takanl\u0131, Pelitkoya\u011f\u0131 ve \u00c7evlik mahallelerindeki k\u00f6yl\u00fclerle bulu\u015fan Tarhan, \u00e7ift\u00e7ilerin her &hellip; <a href=\"https:\/\/akdenizolaygazetesi.com\/?p=1949\" class=\"more-link\">Devam\u0131n\u0131 Oku&#8230;<\/a><\/p>\n","protected":false},"author":1,"featured_media":0,"comment_status":"open","ping_status":"open","sticky":false,"template":"","format":"standard","meta":[],"categories":[],"tags":[],"_links":{"self":[{"href":"https:\/\/akdenizolaygazetesi.com\/index.php?rest_route=\/wp\/v2\/posts\/1949"}],"collection":[{"href":"https:\/\/akdenizolaygazetesi.com\/index.php?rest_route=\/wp\/v2\/posts"}],"about":[{"href":"https:\/\/akdenizolaygazetesi.com\/index.php?rest_route=\/wp\/v2\/types\/post"}],"author":[{"embeddable":true,"href":"https:\/\/akdenizolaygazetesi.com\/index.php?rest_route=\/wp\/v2\/users\/1"}],"replies":[{"embeddable":true,"href":"https:\/\/akdenizolaygazetesi.com\/index.php?rest_route=%2Fwp%2Fv2%2Fcomments&post=1949"}],"version-history":[{"count":0,"href":"https:\/\/akdenizolaygazetesi.com\/index.php?rest_route=\/wp\/v2\/posts\/1949\/revisions"}],"wp:attachment":[{"href":"https:\/\/akdenizolaygazetesi.com\/index.php?rest_route=%2Fwp%2Fv2%2Fmedia&parent=1949"}],"wp:term":[{"taxonomy":"category","embeddable":true,"href":"https:\/\/akdenizolaygazetesi.com\/index.php?rest_route=%2Fwp%2Fv2%2Fcategories&post=1949"},{"taxonomy":"post_tag","embeddable":true,"href":"https:\/\/akdenizolaygazetesi.com\/index.php?rest_route=%2Fwp%2Fv2%2Ftags&post=1949"}],"curies":[{"name":"wp","href":"https:\/\/api.w.org\/{rel}","templated":true}]}}