{"id":19492,"date":"2022-06-26T11:21:08","date_gmt":"2022-06-26T08:21:08","guid":{"rendered":"http:\/\/akdenizolaygazetesi.com\/?p=19492"},"modified":"2022-06-26T11:21:08","modified_gmt":"2022-06-26T08:21:08","slug":"mersin-buyuksehir-belediyesinin-calismalari-isik-olabilir","status":"publish","type":"post","link":"https:\/\/akdenizolaygazetesi.com\/?p=19492","title":{"rendered":"&#8220;MERS\u0130N B\u00dcY\u00dcK\u015eEH\u0130R BELED\u0130YES\u0130&#8217;N\u0130N \u00c7ALI\u015eMALARI I\u015eIK OLAB\u0130L\u0130R&#8221;"},"content":{"rendered":"<p>Mersin B\u00fcy\u00fck\u015fehir Belediye Ba\u015fkan\u0131 Vahap Se\u00e7er, Mersin B\u00fcy\u00fck\u015fehir Belediyesi Tar\u0131msal Hizmetleri Dairesi Ba\u015fkanl\u0131\u011f\u0131 taraf\u0131ndan d\u00fczenlenen &#8216;Yerel Y\u00f6netimler ve Tar\u0131m&#8217; konulu \u00e7al\u0131\u015ftaya kat\u0131ld\u0131. Mersin B\u00fcy\u00fck\u015fehir Belediyesi&#8217;nin ev sahipli\u011finde, Cumhuriyet Halk Partili 11 B\u00fcy\u00fck\u015fehir Belediyesi&#8217;nin tar\u0131msal hizmetler konular\u0131nda hizmet veren daire ba\u015fkanlar\u0131n\u0131n kat\u0131l\u0131m\u0131yla 6.s\u0131 d\u00fczenlenen \u00e7al\u0131\u015ftayda ortak proje, bilgi ve deneyimler payla\u015f\u0131ld\u0131.<\/p>\n<p>Se\u00e7er: &#8220;Mersin hem bitkisel hem de hayvansal \u00fcretim alan\u0131na sahip bir kent&#8221;<\/p>\n<p>D\u00fczenlenen \u00e7al\u0131\u015ftaya Ba\u015fkan Se\u00e7er, CHP Genel Ba\u015fkan Ba\u015fdan\u0131\u015fman\u0131, Parti Meclisi \u00dcyesi ve Bursa Milletvekili Orhan Sar\u0131bal ile 11 B\u00fcy\u00fck\u015fehir Belediyesi&#8217;nin tar\u0131msal hizmetler konusunda hizmet veren daire ba\u015fkanlar\u0131 kat\u0131ld\u0131. Mersin B\u00fcy\u00fck\u015fehir Belediyesi Tar\u0131msal Hizmetler Dairesi Ba\u015fkanl\u0131\u011f\u0131&#8217;n\u0131n hizmet tan\u0131t\u0131m videosu ile ba\u015flayan \u00e7al\u0131\u015ftayda Mersin B\u00fcy\u00fck\u015fehir Belediye Ba\u015fkan\u0131 Vahap Se\u00e7er ve CHP Genel Ba\u015fkan Ba\u015fdan\u0131\u015fman\u0131, Parti Meclisi \u00dcyesi ve Bursa Milletvekili Orhan Sar\u0131bal a\u00e7\u0131l\u0131\u015f konu\u015fmalar\u0131n\u0131 ger\u00e7ekle\u015ftirdi.<\/p>\n<p>Mersin&#8217;i Toroslar&#8217;\u0131n tepesindeki endemik bitkilere benzetti\u011fini ifade eden Se\u00e7er, en \u00f6nemli ama\u00e7lar\u0131ndan birinin de Mersin&#8217;in tan\u0131t\u0131lmas\u0131 oldu\u011funu s\u00f6yleyerek, &#8220;D\u00f6nd\u00fc\u011f\u00fcn\u00fcz zaman gitti\u011finiz yerlerde Mersin&#8217;i anlatman\u0131z\u0131 istiyoruz. Bunu \u00f6zellikle \u00e7ok \u00f6nemsiyoruz. Mersin&#8217;in tan\u0131t\u0131lmas\u0131n\u0131, bilinmesini istiyoruz. Buran\u0131n \u00e7ok \u00f6zel, \u00e7ok de\u011ferli \u00f6zellikleri, nitelikleri, zenginlikleri var. T\u00fcrkiyemizin her taraf\u0131 g\u00fczel ama bizim bug\u00fcn burada konu\u015faca\u011f\u0131m\u0131z konu; tar\u0131m, ziraat. Hem bitkisel \u00fcretim hem hayvansal \u00fcretim. Bu \u00fcretim alan\u0131na ait \u00e7ok \u00f6nemli \u00f6zellikleri ta\u015f\u0131yan da bir kent. Sizi de \u00f6zelinde ilgilendiren yap\u0131s\u0131 olan bir \u015fehir buras\u0131. Biz de, belediyemiz de tar\u0131ma dair projeksiyonlar\u0131 yazarken, \u00e7izerken ya da programa al\u0131rken bu \u00f6zellikleri g\u00f6z \u00f6n\u00fcne alarak bunu yap\u0131yoruz. Makro tar\u0131m politikalar\u0131 T\u00fcrkiye&#8217;deki, merkezi h\u00fck\u00fcmeti ilgilendiren, dolay\u0131s\u0131yla partimizin de genel merkezini, oradaki tar\u0131m departman\u0131n\u0131 ilgilendiren konu. Bir di\u011fer konu da biz yerel y\u00f6neticilerin yerelde iktidarda oldu\u011funuz alanlarda merkezin bize sa\u011flad\u0131\u011f\u0131 bilgi deste\u011fi ile ya da partimizin program\u0131nda yer alan tar\u0131ma dair \u00e7al\u0131\u015fmalara uygun; ancak tabii ki T\u00fcrkiye Cumhuriyeti yasalar\u0131 \u00e7er\u00e7evesinde, mevzuatlar\u0131 \u00e7er\u00e7evesinde baz\u0131 politikalar uygulamal\u0131y\u0131z.&#8221; dedi.<\/p>\n<p>&#8220;Mersin B\u00fcy\u00fck\u015fehir Belediyesi&#8217;nin \u00e7al\u0131\u015fmalar\u0131 \u0131\u015f\u0131k olabilir&#8221;<\/p>\n<p>Her b\u00f6lgenin kendine has \u00f6zellikleri oldu\u011funu kaydeden Ba\u015fkan Se\u00e7er, Mersin B\u00fcy\u00fck\u015fehir Belediyesi&#8217;nin \u00e7al\u0131\u015fmalar\u0131n\u0131n \u0131\u015f\u0131k olabilece\u011fini belirterek, &#8220;Her b\u00f6lgenin kendine m\u00fcnhas\u0131r \u015fartlar\u0131 oldu\u011fu i\u00e7in buradaki \u00e7ok uygun olan bir proje bir ba\u015fka ilde uygun olmayabilir. \u00c7\u00fcnk\u00fc \u00fcr\u00fcn \u00e7e\u015fitlili\u011fi, ziraat \u015fekli, gelenekleri, beklentileri farkl\u0131. Mersin B\u00fcy\u00fck\u015fehir Belediyesi&#8217;nin \u00e7al\u0131\u015fmalar\u0131 \u0131\u015f\u0131k olabilir&#8221; ifadelerini kulland\u0131.<\/p>\n<p>&#8220;Tar\u0131m sonu\u00e7lar\u0131 itibariyle sosyal bir sekt\u00f6rd\u00fcr&#8221;<\/p>\n<p>84 milyon T\u00fcrkiye&#8217;nin n\u00fcfusunun \u00e7al\u0131\u015fma hayat\u0131nda olanlar\u0131n yakla\u015f\u0131k 4&#8217;te 1&#8217;inin tar\u0131m sekt\u00f6r\u00fcnde oldu\u011funu ifade eden Ba\u015fkan Se\u00e7er, tar\u0131m\u0131n sosyal y\u00f6n\u00fcne de vurgu yaparak \u015funlar\u0131 s\u00f6yledi:<\/p>\n<p>&#8220;Direkt, endirekt; tar\u0131mdan insanlar ge\u00e7iniyor. Sizin b\u00f6lgelerde de vard\u0131r. Ben m\u00fchendislik yap\u0131yorumdur ama atadan, dededen kalma 3-5 d\u00f6n\u00fcm limon bah\u00e7esi vard\u0131r. Onun geliri de benim ekonomime katk\u0131 sunar. Tar\u0131m\u0131n sosyal bir y\u00f6n\u00fc vard\u0131r. Bu \u015feker bu topluma laz\u0131m. \u0130nsan\u0131n biyolojik varl\u0131\u011f\u0131 i\u00e7in buna ihtiyac\u0131 var. Ben bunu gerekirse di\u011fer sekt\u00f6rlerden ald\u0131\u011f\u0131m vergilerle s\u00fcbvanse ederim ve toplumun da \u00f6lmesini engellerim. Biyolojik ya\u015fam\u0131n\u0131n sona ermesini engellerim&#8217; dedi\u011finiz noktada siz bu meseleye sosyal da bak\u0131yorsunuz demektir. Benim bak\u0131\u015f a\u00e7\u0131ma g\u00f6re tar\u0131m elbette paray\u0131 ilgilendiriyorsa, bir b\u00fct\u00e7eyi ilgilendiriyorsa ekonomik bir sekt\u00f6rd\u00fcr ama di\u011fer taraf\u0131ndan sonu\u00e7lar\u0131 itibariyle de sosyal bir sekt\u00f6rd\u00fcr diye bakmak laz\u0131m.&#8221;<\/p>\n<p>&#8220;Mersin&#8217;in 380 bin hektar tar\u0131m alan\u0131 var&#8221;<\/p>\n<p>Tar\u0131m konusunda b\u00f6lge i\u00e7in b\u00fcy\u00fck \u00f6nemi olan sulama borusu deste\u011fi ve hayvanc\u0131l\u0131k projelerinden s\u00f6z eden Ba\u015fkan Se\u00e7er, c\u00fcmlelerine \u015fu \u015fekilde devam etti:<\/p>\n<p>&#8220;16 bin kilometrekare alan ve 380 bin hektar tar\u0131m alan\u0131m\u0131z var Mersin&#8217;in.  Burada \u00e7ok kaliteli, raf de\u011feri, katma de\u011feri y\u00fcksek \u00fcr\u00fcnler oldu\u011fu i\u00e7in buras\u0131 turfandac\u0131 b\u00f6lge. Toprakla suyu bulu\u015fturdu\u011funuz zaman do\u011fal olarak kalite ve verim kendili\u011finden artacakt\u0131r. Bu da ciroya yans\u0131yacak. Bu da \u00e7ift\u00e7inin cebine yans\u0131yacak. Gelelim hayvanc\u0131l\u0131k projesine; Hadi Gel K\u00f6y\u00fcm\u00fcze Destek Verelim. K\u00f6yl\u00fc do\u011fdu\u011fu yerde doysun. Biz her y\u0131l 60 aile se\u00e7iyoruz ve bunlara 25&#8217;er hayvan veriyoruz ve bunlar dam\u0131zl\u0131k. Dam\u0131zl\u0131k 3 \u00e7e\u015fit k\u0131l ke\u00e7isi, G\u00fcney Karaman ve ivesi koyun. 16 bin kilometrekare alan\u0131n, farkl\u0131 lokasyonlar\u0131n, farkl\u0131 \u00f6zellikleri oldu\u011fu i\u00e7in \u00e7e\u015fitler de farkl\u0131l\u0131k arz ediyor ve 1 y\u0131ll\u0131k yemini, veteriner hizmetlerini; zaten Veteriner Odas\u0131 da i\u015fin i\u00e7erisinde, Tar\u0131m \u0130l M\u00fcd\u00fcrl\u00fc\u011f\u00fc de; onlar\u0131 da kat\u0131yoruz, finansman\u0131 biz sa\u011fl\u0131yoruz ama onlar\u0131n olmas\u0131 daha de\u011fer kat\u0131yor ve bu s\u00fcr\u00fcyor gidiyor. \u0130\u015fte 2 y\u0131l \u00f6nce ba\u015fland\u0131. 120 ailede \u015fu anda 3 bin hayvan da\u011f\u0131t\u0131ld\u0131 ve t\u0131k\u0131r t\u0131k\u0131r i\u015fleyen bir mekanizma.<\/p>\n<p>Sar\u0131bal: &#8220;Belediyelerimiz muhte\u015fem \u00e7al\u0131\u015f\u0131yorlar&#8221;<\/p>\n<p>CHP Genel Ba\u015fkan Ba\u015fdan\u0131\u015fman\u0131, Parti Meclisi \u00dcyesi ve Bursa Milletvekili Orhan Sar\u0131bal, CHP&#8217;li B\u00fcy\u00fck\u015fehir Belediyelerinin \u00f6nemli i\u015fler yapt\u0131\u011f\u0131n\u0131 vurgulayarak, &#8220;Belediyelerimiz muhte\u015fem \u00e7al\u0131\u015f\u0131yorlar, \u00e7aba sarf ediyorlar, emek sarf ediyorlar. Elbette b\u00fct\u00fcn bunlar\u0131 kamuoyuna anlatmak, kamuoyu yaratmak, onlar\u0131 g\u00f6r\u00fcn\u00fcr k\u0131lmak gibi bir sorumlulu\u011fumuz var.&#8221; dedi.<\/p>\n<p>&#8220;B\u00fct\u00fcn\u00fcyle burada olmam\u0131z \u00f6z\u00fc; dayan\u0131\u015fma, birliktelik&#8221;<\/p>\n<p>Sar\u0131bal, Mersin B\u00fcy\u00fck\u015fehir Belediyesi&#8217;nin \u00f6nemli ve k\u0131ymetli i\u015fler yapt\u0131\u011f\u0131n\u0131 ifade ederek, &#8220;\u00c7ok k\u0131ymetli i\u015fler yap\u0131yorsunuz. Tabii Mersin&#8217;in \u015f\u00f6yle bir avantaj\u0131 var: Meslekta\u015f\u0131m\u0131z B\u00fcy\u00fck\u015fehir Belediye Ba\u015fkan\u0131. Kendisini kutluyoruz ve ba\u015far\u0131lar\u0131n\u0131n devam\u0131n\u0131 elbette diliyoruz ve yan\u0131nda oldu\u011fumuzu bir kez daha ifade ediyoruz. B\u00fct\u00fcn\u00fcyle burada olmam\u0131z ve bir \u015fey yapmaya \u00e7al\u0131\u015fmam\u0131z\u0131n \u00f6z\u00fc; dayan\u0131\u015fma, birliktelik, yap\u0131lan projeleri birbirimize anlatmak, gelece\u011fi asl\u0131nda biraz daha in\u015fa etmek ve en \u00f6nemlisi gelecek olan se\u00e7imde, iktidar olaca\u011f\u0131m\u0131z d\u00f6nemde Cumhuriyet Halk Partisi&#8217;nin tar\u0131m politikalar\u0131n\u0131n temelinin yerelde nas\u0131l ger\u00e7ekle\u015ftirildi\u011fini ortaya koyacak bir amac\u0131 da g\u00f6r\u00fcyoruz. Biliyoruz ve bunu ortaya koymaya \u00e7al\u0131\u015faca\u011f\u0131z&#8221; diye konu\u015ftu.<\/p>\n<p>G\u00f6k\u00e7ek: &#8220;Bilgi ve deneyim payla\u015f\u0131m\u0131 yap\u0131yoruz&#8221;<\/p>\n<p>Mersin B\u00fcy\u00fck\u015fehir Belediyesi Tar\u0131msal Hizmetler Dairesi Ba\u015fkan\u0131 Serdar G\u00f6k\u00e7ek, Mersin&#8217;de d\u00fczenlenen \u00e7al\u0131\u015ftay\u0131n 6. \u00e7al\u0131\u015ftay oldu\u011funu belirterek, &#8220;B\u00fcy\u00fck\u015fehir Belediyelerimizin kendi aralar\u0131nda uygulam\u0131\u015f oldu\u011fu projelerle ilgili bilgi ve deneyim payla\u015fmas\u0131n\u0131 yap\u0131yoruz. Birbirimizden \u00f6rnek ald\u0131\u011f\u0131m\u0131z projeler oluyor. Daha \u00e7ok k\u0131rsal alanda hizmet etti\u011fimiz \u00fcreticilerimizin, \u00f6zellikle k\u00fc\u00e7\u00fck \u00f6l\u00e7ekli \u00fcreticilerimize yapm\u0131\u015f oldu\u011fumuz projelerde vatanda\u015flar\u0131m\u0131za nas\u0131l daha faydal\u0131 oluruz onun pe\u015findeyiz. Bu toplant\u0131lar\u0131m\u0131z devam edecek. \u0130n\u015fallah faydal\u0131 toplant\u0131lar neticesinde \u00fcreticilerimizin refah\u0131n\u0131 art\u0131raca\u011f\u0131z, onlar\u0131n gelirlerini art\u0131raca\u011f\u0131z ve daha mutlu bir T\u00fcrkiye i\u00e7in B\u00fcy\u00fck\u015fehir Belediyeleri olarak \u00e7al\u0131\u015fmaktay\u0131z&#8221; dedi.<\/p>\n<p>T\u00fcz\u00fcn: &#8220;Amac\u0131m\u0131z \u00fcreticiye en k\u0131sa yoldan maksimum fayday\u0131 sa\u011flayacak politikalar \u00fcretebilmek&#8221;<\/p>\n<p>Ankara B\u00fcy\u00fck\u015fehir Belediyesi K\u0131rsal Hizmetler Dairesi Ba\u015fkan\u0131 Ahmet Mekin T\u00fcz\u00fcn de, yap\u0131lan \u00e7al\u0131\u015ftay\u0131n \u00f6nemine dikkat \u00e7ekerek, &#8220;Yapm\u0131\u015f oldu\u011fumuz faaliyetleri, projelerimizi birbirimize anlatarak bir koordinasyon sa\u011fl\u0131yoruz. Ayn\u0131 zamanda yerel y\u00f6netimlerin tar\u0131m sekt\u00f6r\u00fcnde g\u00f6stermi\u015f oldu\u011fu etkiyi maksimize etmek i\u00e7in birbirimizle bir e\u015fg\u00fcd\u00fcm i\u00e7erisinde \u00e7al\u0131\u015f\u0131yoruz. Mersin&#8217;de Tar\u0131msal Hizmetler Daire Ba\u015fkan\u0131m\u0131z\u0131n yapm\u0131\u015f oldu\u011fu faaliyetleri daha detayl\u0131 olarak inceliyor ve buradan \u00f6rnek projelerle kendi b\u00f6lgelerimize uygun olan alanlara yans\u0131tmay\u0131 hedefliyoruz. &#8220;dedi<\/p>\n<p>Meri\u00e7: &#8220;Mevcut tar\u0131m politikalar\u0131 gerek \u00fcreticilerimizin gerek t\u00fcketicilerimizin ihtiyac\u0131na kar\u015f\u0131l\u0131k gelen bir hareketi sergilemiyor&#8221;<\/p>\n<p>\u0130zmir B\u00fcy\u00fck\u015fehir Belediyesi Tar\u0131msal Hizmetler Dairesi Ba\u015fkan\u0131 \u015eevket Meri\u00e7 ise, &#8220;Malumunuz, her t\u00fcrl\u00fc do\u011fal afet ve kar\u015f\u0131la\u015ft\u0131\u011f\u0131m\u0131z zorluklardan en fazla etkilenen kesim tar\u0131mla ilgili kesim ve tar\u0131msal \u00fcreticiler. Asl\u0131nda en b\u00fcy\u00fck emek yo\u011fun \u00fcretimin yap\u0131ld\u0131\u011f\u0131 ve bunun normalde yurtta\u015flar\u0131m\u0131z\u0131n tamam\u0131na yay\u0131lan bir hareket oldu\u011funu d\u00fc\u015f\u00fcnd\u00fc\u011f\u00fcn\u00fczde etkilenen kesim tar\u0131msal kesim ama t\u00fcm yurtta\u015flar\u0131m\u0131z\u0131n da eksik g\u0131daya ula\u015fma ya da daha fazla pahal\u0131 bir g\u0131daya ula\u015fmak gibi bir sorunlar\u0131 var. Burada bulunmam\u0131z\u0131n tam sebebi de biraz \u00f6nce s\u00f6yledi\u011fim olumsuzluklar\u0131n tamam\u0131na \u00e7\u00f6z\u00fcm bulabilmek&#8221; ifadelerini kulland\u0131.<\/p>\n<p>Kallem: &#8220;Birbirimizin projelerinden etkileniyoruz, eksilerini ve art\u0131lar\u0131n\u0131 \u00f6\u011frenme \u015fans\u0131m\u0131z oluyor&#8221;<\/p>\n<p>Mu\u011fla B\u00fcy\u00fck\u015fehir Belediyesi Tar\u0131msal Hizmetler Dairesi Ba\u015fkan\u0131 Uzman Veteriner Hekim Buket Kallem, 11 B\u00fcy\u00fck\u015fehir Belediyesi olarak her ay toplant\u0131lar d\u00fczenlediklerinin belirterek, &#8220;Projelerimizi birbirimize anlat\u0131yoruz ve ortak ne yapabiliriz buna bir cevap bulmaya \u00e7al\u0131\u015f\u0131yoruz. Ayn\u0131 zamanda da birbirimizin projelerinden etkileniyoruz, eksilerini ve art\u0131lar\u0131n\u0131 \u00f6\u011frenme \u015fans\u0131m\u0131z oluyor. Bu toplant\u0131lar\u0131n kesinlikle \u00e7ok \u00f6nemli oldu\u011funu d\u00fc\u015f\u00fcn\u00fcyorum&#8221; dedi.<\/p>\n<p>\u00d6zel: &#8220;Ba\u015far\u0131l\u0131 bilgi al\u0131\u015fveri\u015fleri ger\u00e7ekle\u015ftiriyoruz&#8221;<\/p>\n<p>Antalya B\u00fcy\u00fck\u015fehir Belediyesi Tar\u0131msal Hizmetler Daire Ba\u015fkan\u0131 Seda \u00d6zel, \u00f6zellikle co\u011frafyas\u0131, iklimi ve do\u011fas\u0131yla benzer \u00f6zelliklere sahip olan Mersin ile Antalya&#8217;n\u0131n benzer projelerde ciddi bir bilgi al\u0131\u015fveri\u015fi yapt\u0131\u011f\u0131ndan bahsederek, &#8220;Burada yap\u0131lan \u00e7al\u0131\u015fmalar hakk\u0131nda bize \u00e7ok g\u00fczel bir sunum ger\u00e7ekle\u015fti. Ger\u00e7ekten hayvanc\u0131l\u0131k konusunda \u00f6zellikle \u00e7ok ba\u015far\u0131l\u0131 projeleri var. Yine makine te\u00e7hizat konusunda \u00e7ift\u00e7iye yapt\u0131klar\u0131 desteklemeleri \u00e7ok be\u011feniyoruz. Bunlardan baz\u0131lar\u0131n\u0131 biz de kendi ilimizde uyguluyoruz ve kendilerine yine ba\u015far\u0131lar\u0131n\u0131n devam\u0131n\u0131 diliyoruz&#8221; diye konu\u015ftu.<\/p>\n","protected":false},"excerpt":{"rendered":"<p>Mersin B\u00fcy\u00fck\u015fehir Belediye Ba\u015fkan\u0131 Vahap Se\u00e7er, Mersin B\u00fcy\u00fck\u015fehir Belediyesi Tar\u0131msal Hizmetleri Dairesi Ba\u015fkanl\u0131\u011f\u0131 taraf\u0131ndan d\u00fczenlenen &#8216;Yerel Y\u00f6netimler ve Tar\u0131m&#8217; konulu \u00e7al\u0131\u015ftaya kat\u0131ld\u0131. Mersin B\u00fcy\u00fck\u015fehir Belediyesi&#8217;nin ev sahipli\u011finde, Cumhuriyet Halk Partili &hellip; <a href=\"https:\/\/akdenizolaygazetesi.com\/?p=19492\" class=\"more-link\">Devam\u0131n\u0131 Oku&#8230;<\/a><\/p>\n","protected":false},"author":2,"featured_media":19493,"comment_status":"open","ping_status":"open","sticky":false,"template":"","format":"standard","meta":[],"categories":[8,1,3,5],"tags":[],"_links":{"self":[{"href":"https:\/\/akdenizolaygazetesi.com\/index.php?rest_route=\/wp\/v2\/posts\/19492"}],"collection":[{"href":"https:\/\/akdenizolaygazetesi.com\/index.php?rest_route=\/wp\/v2\/posts"}],"about":[{"href":"https:\/\/akdenizolaygazetesi.com\/index.php?rest_route=\/wp\/v2\/types\/post"}],"author":[{"embeddable":true,"href":"https:\/\/akdenizolaygazetesi.com\/index.php?rest_route=\/wp\/v2\/users\/2"}],"replies":[{"embeddable":true,"href":"https:\/\/akdenizolaygazetesi.com\/index.php?rest_route=%2Fwp%2Fv2%2Fcomments&post=19492"}],"version-history":[{"count":1,"href":"https:\/\/akdenizolaygazetesi.com\/index.php?rest_route=\/wp\/v2\/posts\/19492\/revisions"}],"predecessor-version":[{"id":19494,"href":"https:\/\/akdenizolaygazetesi.com\/index.php?rest_route=\/wp\/v2\/posts\/19492\/revisions\/19494"}],"wp:featuredmedia":[{"embeddable":true,"href":"https:\/\/akdenizolaygazetesi.com\/index.php?rest_route=\/wp\/v2\/media\/19493"}],"wp:attachment":[{"href":"https:\/\/akdenizolaygazetesi.com\/index.php?rest_route=%2Fwp%2Fv2%2Fmedia&parent=19492"}],"wp:term":[{"taxonomy":"category","embeddable":true,"href":"https:\/\/akdenizolaygazetesi.com\/index.php?rest_route=%2Fwp%2Fv2%2Fcategories&post=19492"},{"taxonomy":"post_tag","embeddable":true,"href":"https:\/\/akdenizolaygazetesi.com\/index.php?rest_route=%2Fwp%2Fv2%2Ftags&post=19492"}],"curies":[{"name":"wp","href":"https:\/\/api.w.org\/{rel}","templated":true}]}}