{"id":19495,"date":"2022-06-27T13:01:15","date_gmt":"2022-06-27T10:01:15","guid":{"rendered":"http:\/\/akdenizolaygazetesi.com\/?p=19495"},"modified":"2022-06-27T13:01:15","modified_gmt":"2022-06-27T10:01:15","slug":"mercekin-baslattigi-2-kursla-girisimciler-dijital-dunyanin-zenginligini-tanidi","status":"publish","type":"post","link":"https:\/\/akdenizolaygazetesi.com\/?p=19495","title":{"rendered":"MERCEK&#8217;\u0130N BA\u015eLATTI\u011eI 2 KURSLA G\u0130R\u0130\u015e\u0130MC\u0130LER, D\u0130J\u0130TAL D\u00dcNYANIN ZENG\u0130NL\u0130\u011e\u0130N\u0130 TANIDI"},"content":{"rendered":"<p>Mersin B\u00fcy\u00fck\u015fehir Belediyesi Sosyal Hizmetler Dairesi&#8217;ne ba\u011fl\u0131 MERCEK Mesleki E\u011fitim Merkezi taraf\u0131ndan hayata ge\u00e7irilen Dijital Akademi Projesi kapsam\u0131nda ba\u015flat\u0131lan &#8216;Giri\u015fimciler i\u00e7in Finansal Okuryazarl\u0131k E\u011fitimi&#8217; ile &#8216;Dijital D\u00f6n\u00fc\u015f\u00fcm ve Facebook Business Manager E\u011fitimi&#8217; tamamland\u0131. Mersin Ticaret ve Sanayi Odas\u0131 (MTSO) i\u015fbirli\u011fi ve HAB\u0130TAT Derne\u011fi&#8217;nin destekleriyle ger\u00e7ekle\u015ftirilen at\u00f6lyelerde giri\u015fimci kursiyerler, dijital d\u00fcnyan\u0131n i\u015f hayat\u0131nda kendilerine sunaca\u011f\u0131 katk\u0131lar hakk\u0131nda e\u011fitimler ald\u0131.<br \/>\n&#8220;E\u011fitimlerimiz gayet iyi ge\u00e7ti. \u00c7ok g\u00fczel, de\u011ferli kat\u0131l\u0131mc\u0131lar\u0131m\u0131z oldu&#8221;<br \/>\nB\u00fcy\u00fck\u015fehir Belediyesi Sosyal Hizmetler Dairesi&#8217;nde g\u00f6revli Sosyolog ve MERCEK Mesleki E\u011fitim Merkezi Sorumlusu Sinem Turan, e\u011fitimlere ili\u015fkin \u015fu bilgileri payla\u015ft\u0131:<br \/>\n&#8220;Mersin Ticaret ve Sanayi Odas\u0131 i\u015f birli\u011finde ve HAB\u0130TAT Derne\u011fi&#8217;nin destekleriyle bir tak\u0131m e\u011fitimlerimizi hayata ge\u00e7irdik. Bunlardan ilk 2&#8217;sini tamamlad\u0131k. Di\u011fer e\u011fitimlerimizin ba\u015fvurular\u0131 devam etmekte olup, Temmuz ay\u0131 i\u00e7erisinde ger\u00e7ekle\u015ftirilecek. E\u011fitimlerimiz gayet iyi ge\u00e7ti. \u00c7ok k\u0131sa bir s\u00fcrede \u00e7ok g\u00fczel, de\u011ferli kat\u0131l\u0131mc\u0131lar\u0131m\u0131z oldu. Alanlar\u0131nda ilerlemek, uzmanla\u015fmak, deneyim ve tecr\u00fcbe kazanmak \u00fczere buradayd\u0131lar.&#8221;<br \/>\nCihan: &#8220;Bu e\u011fitimimizde giri\u015fimci adaylar\u0131n, giri\u015fimcilik d\u00fcnyas\u0131nda daha ba\u015far\u0131l\u0131 olabilmesini ama\u00e7l\u0131yoruz&#8221;<br \/>\nHAB\u0130TAT Derne\u011fi Etkinlik Koordinat\u00f6r\u00fc Hasan Basri Cihan, &#8220;Bu e\u011fitimimizde bireylerin, giri\u015fimci adaylar\u0131n, startapplar\u0131n, KOB\u0130&#8217;lerin asl\u0131nda giri\u015fimcilik d\u00fcnyas\u0131nda daha ba\u015far\u0131l\u0131 olabilmesini ama\u00e7l\u0131yoruz. Finansal anlamda kendi bireysel becerilerini, \u015firketin finansal sistemlerini daha iyi y\u00f6netmesi i\u00e7in ger\u00e7ekle\u015ftirdi\u011fimiz bir e\u011fitim. Bunun yan\u0131nda asl\u0131nda giri\u015fimcilerimize, giri\u015fimci adaylar\u0131m\u0131za \u00e7e\u015fitli hibeleri aktard\u0131\u011f\u0131m\u0131z, s\u00fcre\u00e7lerden bahsetti\u011fimiz, bu hibe kaynaklar\u0131na ula\u015f\u0131rken neleri tamamlamalar\u0131 gerekti\u011fini aktard\u0131\u011f\u0131m\u0131z bir e\u011fitim i\u00e7eri\u011fi olarak da adland\u0131rabiliriz&#8221; dedi.<br \/>\nTaylan: &#8220;Mersin B\u00fcy\u00fck\u015fehir Belediyesi&#8217;ne \u00e7ok te\u015fekk\u00fcr ediyoruz&#8221;<br \/>\nE\u011fitimci S\u00fcheyla Taylan, &#8220;Biz Mersin B\u00fcy\u00fck\u015fehir Belediyesi&#8217;ne \u00e7ok te\u015fekk\u00fcr ediyoruz. \u00c7\u00fcnk\u00fc bir fikri olan, bu fikirleri hayata ge\u00e7irmek isteyen ve yapt\u0131klar\u0131 i\u015fi de daha iyi yapmak isteyen gen\u00e7lerle bizi bulu\u015fturdu. Verdi\u011fimiz e\u011fitim i\u00e7eriklerinden \u00e7ok memnun kald\u0131klar\u0131n\u0131 s\u00f6ylediler. Bunun sadece giri\u015fimci olarak de\u011fil; ki\u015fisel geli\u015fimleri anlam\u0131nda da ufuklar\u0131n\u0131 a\u00e7abilmek, vizyonlar\u0131n\u0131, bak\u0131\u015f a\u00e7\u0131lar\u0131n\u0131 geni\u015fletmek anlam\u0131nda da kendilerine \u00e7ok b\u00fcy\u00fck destek sa\u011flad\u0131\u011f\u0131ndan bahsettiler. Bu da tabi bizi \u00e7ok mutlu etti&#8221; diye konu\u015ftu.<br \/>\n\u00c7i\u00e7ek: &#8220;E\u011fitim gayet verimliydi. 3 g\u00fcn boyunca 18 saatlik bir at\u00f6lye ger\u00e7ekle\u015ftirdik&#8221;<br \/>\nE\u011fitmen Umur G\u00f6khan \u00c7i\u00e7ek, &#8220;Burada 3 g\u00fcnl\u00fck bir program kapsam\u0131nda 4 ana ba\u015fl\u0131kta \u00e7al\u0131\u015ft\u0131k. \u0130lk g\u00fcn; dijital d\u00f6n\u00fc\u015f\u00fcm ve dijitalle\u015fme s\u00fcre\u00e7leri hakk\u0131nda biraz bilgilendik. Devam\u0131nda dijital pazarlamaya giri\u015f e\u011fitimi ger\u00e7ekle\u015ftirdik. \u0130kinci g\u00fcn; A&#8217;dan Z&#8217;ye bir Facebook ve Instagram kampanyas\u0131n\u0131n olu\u015fturulmas\u0131 a\u015famalar\u0131n\u0131 arkada\u015flarla birlikte at\u00f6lye \u015feklinde ger\u00e7ekle\u015ftirdik. E\u011fitimin son g\u00fcn\u00fcnde de iyi bir e-ticaret sitesi kurmak i\u00e7in gerekliliklerin ne oldu\u011fu ve bunlar\u0131n nas\u0131l yap\u0131laca\u011f\u0131n\u0131 detayl\u0131 \u015fekilde \u00e7al\u0131\u015fm\u0131\u015f olduk. Buradaki kat\u0131l\u0131mc\u0131 yap\u0131s\u0131 genellikle hen\u00fcz giri\u015fimci olmayan, giri\u015fimcili\u011fe haz\u0131rlanan adaylardan olu\u015fuyordu. E\u011fitim gayet verimliydi. 3 g\u00fcn boyunca yakla\u015f\u0131k 18 saatlik bir at\u00f6lye ger\u00e7ekle\u015ftirmi\u015f olduk&#8221; diye konu\u015ftu.<br \/>\nKursiyerler: &#8220;Gelece\u011fin mesleklerini \u00f6\u011frenebilmek ad\u0131na benim ufkumu a\u00e7t\u0131 diyebilirim&#8221;<br \/>\nE\u011fitime Erdemli&#8217;den kat\u0131lan Raziye G\u00fcrsoy, &#8220;Mersin&#8217;de b\u00f6yle bir e\u011fitim almak beni mutlu etti. Giri\u015fimcili\u011fin desteklenmesi, bug\u00fcne kadar geldi\u011fimiz noktada tar\u0131m\u0131n azald\u0131\u011f\u0131 noktada \u00e7ok \u00f6nemli. \u00c7\u00fcnk\u00fc \u015fu an her \u015fey dijital, her \u015fey sosyal medyada. Sosyal medyay\u0131, dijitalle\u015fmeyi takip etmek, gelece\u011fin mesleklerini \u00f6\u011frenebilmek ad\u0131na benim ufkumu a\u00e7t\u0131 diyebilirim&#8221; ifadelerini kulland\u0131.<br \/>\n\u00c7a\u011fla Ataman, &#8220;Giri\u015fimciler i\u00e7in finansal okuryazarl\u0131k e\u011fitimine kat\u0131ld\u0131m. Benim i\u00e7in yeni fikirlerimi olu\u015fturabilece\u011fim g\u00fczel bir aland\u0131. Kendimi geli\u015ftirmek i\u00e7in b\u00f6yle bir kurs talep ettim. Belediyemizin b\u00f6yle bir yer temin edip de kursiyer olarak bizi kabul etmesi, bizim i\u00e7in \u00e7ok b\u00fcy\u00fck avantaj&#8221; ifadelerini kulland\u0131.<br \/>\nEnerji Sistemleri M\u00fchendisi Ahmet Can \u00c7\u0131kla, &#8220;Giri\u015fimciler i\u00e7in finansal okuryazarl\u0131k e\u011fitimi ald\u0131k. Bu e\u011fitimde \u00f6\u011frendi\u011fimiz ve mezun olduktan sonra kullanaca\u011f\u0131m\u0131z Excel gibi baz\u0131 programlar vard\u0131.  Giri\u015fimcilik, ilerde yapmay\u0131 d\u00fc\u015f\u00fcnd\u00fc\u011f\u00fcm bir \u015fey. Benim i\u00e7in faydas\u0131 oldu\u011funu d\u00fc\u015f\u00fcn\u00fcyorum&#8221; dedi.<\/p>\n","protected":false},"excerpt":{"rendered":"<p>Mersin B\u00fcy\u00fck\u015fehir Belediyesi Sosyal Hizmetler Dairesi&#8217;ne ba\u011fl\u0131 MERCEK Mesleki E\u011fitim Merkezi taraf\u0131ndan hayata ge\u00e7irilen Dijital Akademi Projesi kapsam\u0131nda ba\u015flat\u0131lan &#8216;Giri\u015fimciler i\u00e7in Finansal Okuryazarl\u0131k E\u011fitimi&#8217; ile &#8216;Dijital D\u00f6n\u00fc\u015f\u00fcm ve Facebook Business &hellip; <a href=\"https:\/\/akdenizolaygazetesi.com\/?p=19495\" class=\"more-link\">Devam\u0131n\u0131 Oku&#8230;<\/a><\/p>\n","protected":false},"author":2,"featured_media":19496,"comment_status":"open","ping_status":"open","sticky":false,"template":"","format":"standard","meta":[],"categories":[1,2,3,5],"tags":[],"_links":{"self":[{"href":"https:\/\/akdenizolaygazetesi.com\/index.php?rest_route=\/wp\/v2\/posts\/19495"}],"collection":[{"href":"https:\/\/akdenizolaygazetesi.com\/index.php?rest_route=\/wp\/v2\/posts"}],"about":[{"href":"https:\/\/akdenizolaygazetesi.com\/index.php?rest_route=\/wp\/v2\/types\/post"}],"author":[{"embeddable":true,"href":"https:\/\/akdenizolaygazetesi.com\/index.php?rest_route=\/wp\/v2\/users\/2"}],"replies":[{"embeddable":true,"href":"https:\/\/akdenizolaygazetesi.com\/index.php?rest_route=%2Fwp%2Fv2%2Fcomments&post=19495"}],"version-history":[{"count":1,"href":"https:\/\/akdenizolaygazetesi.com\/index.php?rest_route=\/wp\/v2\/posts\/19495\/revisions"}],"predecessor-version":[{"id":19497,"href":"https:\/\/akdenizolaygazetesi.com\/index.php?rest_route=\/wp\/v2\/posts\/19495\/revisions\/19497"}],"wp:featuredmedia":[{"embeddable":true,"href":"https:\/\/akdenizolaygazetesi.com\/index.php?rest_route=\/wp\/v2\/media\/19496"}],"wp:attachment":[{"href":"https:\/\/akdenizolaygazetesi.com\/index.php?rest_route=%2Fwp%2Fv2%2Fmedia&parent=19495"}],"wp:term":[{"taxonomy":"category","embeddable":true,"href":"https:\/\/akdenizolaygazetesi.com\/index.php?rest_route=%2Fwp%2Fv2%2Fcategories&post=19495"},{"taxonomy":"post_tag","embeddable":true,"href":"https:\/\/akdenizolaygazetesi.com\/index.php?rest_route=%2Fwp%2Fv2%2Ftags&post=19495"}],"curies":[{"name":"wp","href":"https:\/\/api.w.org\/{rel}","templated":true}]}}