{"id":1950,"date":"2020-11-04T18:22:28","date_gmt":"2020-11-04T15:22:28","guid":{"rendered":"http:\/\/mersinekonomipolitikagazetesi.com\/?p=1950"},"modified":"2020-11-04T18:22:28","modified_gmt":"2020-11-04T15:22:28","slug":"super-ligin-korkulu-ruyasi-mersin-idmanyurdu-yok-oluyor","status":"publish","type":"post","link":"https:\/\/akdenizolaygazetesi.com\/?p=1950","title":{"rendered":"S\u00fcper Lig&#8217;in korkulu r\u00fcyas\u0131 Mersin \u0130dmanyurdu yok oluyor"},"content":{"rendered":"<p>1925 y\u0131l\u0131nda kurulan ve bir zamanlar S\u00fcper Lig&#8217;de b\u00fcy\u00fck tak\u0131mlar\u0131n korkulu r\u00fcyas\u0131 olan Mersin \u0130dmanyurdu, 93 y\u0131l aradan sonra \u00f6n\u00fcm\u00fczdeki y\u0131l b\u00fcy\u00fck ihtimalle amat\u00f6r ligde m\u00fccadele edecek.<\/p>\n<p><span style=\"font-size:16px;\"><span style=\"font-family: sans-serif; line-height: 20px; text-align: justify; background-color: rgb(242, 244, 245);\">S\u00fcper Ligden \u00f6nce Spor Toto 1. Lig, bir sonraki y\u0131l TFF 2. Lig&#8217;e d\u00fc\u015fen Mersin \u0130dmanyurdu, bu y\u0131l da ligden rekorlar k\u0131rarak d\u00fc\u015ft\u00fc. Cezas\u0131 nedeniyle b\u00fcy\u00fck ihtimalle TFF 3. Lig&#8217;de de m\u00fccadele edemeyecek olan k\u0131rm\u0131z\u0131-lacivertli ekip, amat\u00f6r k\u00fcmede m\u00fccadelesini s\u00fcrd\u00fcrecek. T\u00fcrkiye&#8217;nin ilk kurulan kul\u00fcplerinden biri olan ve \u00fclke futbolunda bir zamanlar f\u0131rt\u0131na gibi esen Mersin \u0130dmanyurdu, 4 y\u0131ld\u0131r ya\u015fad\u0131\u011f\u0131 maddi s\u0131k\u0131nt\u0131lar, transfer yasaklar\u0131 ve bunlara ba\u011fl\u0131 FIFA&#8217;dan gelen cezalar nedeniyle bir anda yok oldu. 2013 &#8211; 2014 sezonunda S\u00fcper Ligi 6., 2014-2015 sezonunda ise S\u00fcper Ligi 7. bitiren k\u0131rm\u0131z\u0131-lacivertli ekip, 2015-2016 sezonunda ya\u015famaya ba\u015flad\u0131\u011f\u0131 maddi s\u0131k\u0131nt\u0131lardan dolay\u0131 ligi 18. s\u0131rada bitirerek Spor Toto 1. Lig&#8217;e d\u00fc\u015ft\u00fc. Maddi s\u0131k\u0131nt\u0131lar ve transfer yasa\u011f\u0131 ile birlikte bir t\u00fcrl\u00fc kendini toparlayamayan Mersin ekibi, bu sezonda da ligi 18. s\u0131rada bitirerek 2. Ligin yolunu tuttu. Bu y\u0131l da beklenen deste\u011fi g\u00f6remeyen ve bir t\u00fcrl\u00fc istenilen sonu\u00e7lar\u0131 alamayan \u00c7ukurova ekibi, ligi sadece bir galibiyet, bir beraberlik alarak, kul\u00fcp tarihinde rekorlar k\u0131rarak k\u00fcme d\u00fc\u015ft\u00fc. Cezas\u0131 nedeniyle b\u00fcy\u00fck ihtimalle TFF 3. Lig&#8217;de de m\u00fccadele edemeyecek olan Mersin \u0130dmanyurdu, amat\u00f6r k\u00fcmede m\u00fccadelesini s\u00fcrd\u00fcrecek. Tak\u0131m\u0131n ilk y\u0131llar\u0131ndan bug\u00fcne gelinen s\u00fcre\u00e7le ilgili \u0130HA muhabirine a\u00e7\u0131klamalarda bulunan Mersin \u0130dmanyurdu&#8217;nun Onursal Menajeri Hac\u0131 Bayram Birinci, akl\u0131na b\u00f6yle bir \u015feyin olaca\u011f\u0131n\u0131n hi\u00e7 gelmedi\u011fini s\u00f6yledi. Birinci, &#8220;Bir zamanlar T\u00fcrkiye&#8217;de say\u0131l\u0131 kul\u00fcplerden olan Mersin \u0130dmanyurdu&#8217;nun bu duruma gelece\u011fine kimsenin inanmad\u0131\u011f\u0131n\u0131 kaydeden Birinci, &#8220;E\u015fimle, \u00e7ocu\u011fumla tan\u0131\u015fmadan Mersin \u0130dmanyurdu ile tan\u0131\u015ft\u0131m. Bu duruma d\u00fc\u015fmesini hazmedemiyorum. \u0130\u00e7im a\u011fl\u0131yor. Halen kendimde de\u011filim. Halen inanam\u0131yorum. Bu tak\u0131m\u0131n \u00e7ok g\u00fczel g\u00fcnlerini ya\u015fad\u0131m. \u0130lk y\u0131llarda tak\u0131m\u0131n ismi \u00c7ukurova \u0130dmanyurduydu, o zaman i\u015f adamlar\u0131ndayd\u0131 tak\u0131m. Sonra Mersin \u0130dmanyurdu yapt\u0131k. Mersin \u0130dmanyurdu, b\u00fct\u00fcn Mersin\u2019i tan\u0131tt\u0131. Mersin \u0130dmanyurdu o d\u00f6nemlerde T\u00fcrkiye\u2019de bir \u00e7\u0131\u011f\u0131r a\u00e7t\u0131. Her zaman en sevilen tak\u0131mlardan birisiydi. Hakikaten T\u00fcrkiye\u2019de nereye gidersek gidelim mutlaka taraftar\u0131m\u0131z vard\u0131. Mersin her \u015feye laik bir \u015fehir. Mersin\u2019de ilk kuruldu\u011fu y\u0131llarda de\u011fil ancak sonraki y\u0131llarda tak\u0131m\u0131n ba\u015f\u0131na gelenler bir yere geldi\u011fi zaman hemen ipini \u00e7ekmeye \u00e7al\u0131\u015fanlar oldu&#8221; \u015feklinde konu\u015ftu.\u00a0<\/span><\/span><\/p>\n","protected":false},"excerpt":{"rendered":"<p>1925 y\u0131l\u0131nda kurulan ve bir zamanlar S\u00fcper Lig&#8217;de b\u00fcy\u00fck tak\u0131mlar\u0131n korkulu r\u00fcyas\u0131 olan Mersin \u0130dmanyurdu, 93 y\u0131l aradan sonra \u00f6n\u00fcm\u00fczdeki y\u0131l b\u00fcy\u00fck ihtimalle amat\u00f6r ligde m\u00fccadele edecek. S\u00fcper Ligden \u00f6nce &hellip; <a href=\"https:\/\/akdenizolaygazetesi.com\/?p=1950\" class=\"more-link\">Devam\u0131n\u0131 Oku&#8230;<\/a><\/p>\n","protected":false},"author":1,"featured_media":0,"comment_status":"open","ping_status":"open","sticky":false,"template":"","format":"standard","meta":[],"categories":[],"tags":[],"_links":{"self":[{"href":"https:\/\/akdenizolaygazetesi.com\/index.php?rest_route=\/wp\/v2\/posts\/1950"}],"collection":[{"href":"https:\/\/akdenizolaygazetesi.com\/index.php?rest_route=\/wp\/v2\/posts"}],"about":[{"href":"https:\/\/akdenizolaygazetesi.com\/index.php?rest_route=\/wp\/v2\/types\/post"}],"author":[{"embeddable":true,"href":"https:\/\/akdenizolaygazetesi.com\/index.php?rest_route=\/wp\/v2\/users\/1"}],"replies":[{"embeddable":true,"href":"https:\/\/akdenizolaygazetesi.com\/index.php?rest_route=%2Fwp%2Fv2%2Fcomments&post=1950"}],"version-history":[{"count":0,"href":"https:\/\/akdenizolaygazetesi.com\/index.php?rest_route=\/wp\/v2\/posts\/1950\/revisions"}],"wp:attachment":[{"href":"https:\/\/akdenizolaygazetesi.com\/index.php?rest_route=%2Fwp%2Fv2%2Fmedia&parent=1950"}],"wp:term":[{"taxonomy":"category","embeddable":true,"href":"https:\/\/akdenizolaygazetesi.com\/index.php?rest_route=%2Fwp%2Fv2%2Fcategories&post=1950"},{"taxonomy":"post_tag","embeddable":true,"href":"https:\/\/akdenizolaygazetesi.com\/index.php?rest_route=%2Fwp%2Fv2%2Ftags&post=1950"}],"curies":[{"name":"wp","href":"https:\/\/api.w.org\/{rel}","templated":true}]}}