{"id":19504,"date":"2022-06-27T13:11:37","date_gmt":"2022-06-27T10:11:37","guid":{"rendered":"http:\/\/akdenizolaygazetesi.com\/?p=19504"},"modified":"2022-06-27T13:11:37","modified_gmt":"2022-06-27T10:11:37","slug":"chpli-ali-mahir-basarir-butun-fiyatlar-ates-pahasi-olmus-durumda","status":"publish","type":"post","link":"https:\/\/akdenizolaygazetesi.com\/?p=19504","title":{"rendered":"CHP\u2019L\u0130 AL\u0130 MAH\u0130R BA\u015eARIR: \u201cB\u00dcT\u00dcN F\u0130YATLAR ATE\u015e PAHASI OLMU\u015e DURUMDA\u201d"},"content":{"rendered":"<p>CHP\u2019li Ali Mahir Ba\u015far\u0131r, PM \u00dcyesi Emre Y\u0131lmaz, Gen\u00e7lik Kollar\u0131 Genel Ba\u015fkan Yard\u0131mc\u0131s\u0131 \u0130zzet K\u0131r\u0131lmaz Mersin B\u00fcy\u00fck\u015fehir Belediye Meclis \u00dcyesi Ali Bolta\u00e7, Tarsus Belediye Meclis \u00dcyeleri ve \u00c7aml\u0131yayla \u0130l\u00e7e \u00d6rg\u00fct\u00fc ile Mersin \u00c7aml\u0131yayla\u2019da vatanda\u015flarla bir araya gelerek onlar\u0131n sorunlar\u0131n\u0131 dinledi.<\/p>\n<p>B\u0130Z\u0130 BU DURUMA D\u00dc\u015e\u00dcRENLER\u0130 AFFETM\u0130YORUZ<\/p>\n<p>Yem alamad\u0131\u011f\u0131n\u0131, bir yemin torbas\u0131n\u0131n 450 TL oldu\u011funu ve bundan dolay\u0131 da k\u00f6yde s\u00fct sa\u011facak inek bulamad\u0131klar\u0131n\u0131 s\u00f6yleyen \u00c7aml\u0131yayla\u2019daki k\u00f6y sakini, \u201cArt\u0131k yem alam\u0131yoruz, saman alam\u0131yoruz, g\u00fcbre alam\u0131yoruz, ekin ekemiyoruz, tavuklar\u0131 besleyemiyoruz. Bir torba yem ald\u0131\u011f\u0131m\u0131z zaman 1 hafta gidiyor o yem. \u00c7ok k\u00f6t\u00fc durumday\u0131z ve bizi bu duruma d\u00fc\u015f\u00fcrenleri affetmiyoruz.\u201d dedi.<\/p>\n<p>TAYY\u0130P BEY SA\u011eOLSUN (!)<\/p>\n<p>Bir yem d\u00fckkan\u0131n\u0131 ziyaret ederek yemlerin fiyatlar\u0131n\u0131 soran CHP\u2019li Ali Mahir Ba\u015far\u0131r, \u201cBir y\u0131l \u00f6nce civciv yemi ne kadard\u0131? 230 TL\u2019ydi. Bu sene 500 TL. S\u00fct yemi bir y\u0131l \u00f6nce ne kadard\u0131? 150 TL\u2019yken \u015fimdi 450 TL. Bu\u011fday\u0131n ge\u00e7en sene kilosu 3.5 TL\u2019ydi ama \u015fimdi 9 TL. Ku\u015f yeminin kilosu 3 TL\u2019ydi bu sene 15 TL yani 5 kat\u0131 artm\u0131\u015f. Tavuk yemi ge\u00e7en sene 215 TL\u2019yken bu sene 450 TL olmu\u015f durumda. Dar\u0131n\u0131n kilosu ge\u00e7en y\u0131l 3 TL\u2019ydi ama bu sene 9 TL. K\u00fcspenin ge\u00e7en y\u0131l torbas\u0131 130 TL\u2019yken bu sene torbas\u0131 350 TL olmu\u015f durumda. Yani anlayaca\u011f\u0131n\u0131z b\u00fct\u00fcn fiyatlar ate\u015f pahas\u0131 olmu\u015f durumda ve dokunan yan\u0131yor. Bak\u0131n yemci karde\u015fimiz ne diyor? Tayyip Bey sa\u011f olsun diyor. Hem bu yemci karde\u015fimiz zor durumda hem \u00e7ift\u00e7imiz hem k\u00f6yl\u00fcm\u00fcz hem de esnaf\u0131m\u0131z. Herkes yem fiyatlar\u0131ndan \u015fikayet\u00e7i. Ne olacak \u015fimdi? Yemci karde\u015fimizin de dedi\u011fi gibi AKP\u2019yi elbirli\u011fiyle devirece\u011fiz.\u201d ifadelerini kulland\u0131.<\/p>\n","protected":false},"excerpt":{"rendered":"<p>CHP\u2019li Ali Mahir Ba\u015far\u0131r, PM \u00dcyesi Emre Y\u0131lmaz, Gen\u00e7lik Kollar\u0131 Genel Ba\u015fkan Yard\u0131mc\u0131s\u0131 \u0130zzet K\u0131r\u0131lmaz Mersin B\u00fcy\u00fck\u015fehir Belediye Meclis \u00dcyesi Ali Bolta\u00e7, Tarsus Belediye Meclis \u00dcyeleri ve \u00c7aml\u0131yayla \u0130l\u00e7e \u00d6rg\u00fct\u00fc &hellip; <a href=\"https:\/\/akdenizolaygazetesi.com\/?p=19504\" class=\"more-link\">Devam\u0131n\u0131 Oku&#8230;<\/a><\/p>\n","protected":false},"author":2,"featured_media":19505,"comment_status":"open","ping_status":"open","sticky":false,"template":"","format":"standard","meta":[],"categories":[8,1,2,3,6],"tags":[],"_links":{"self":[{"href":"https:\/\/akdenizolaygazetesi.com\/index.php?rest_route=\/wp\/v2\/posts\/19504"}],"collection":[{"href":"https:\/\/akdenizolaygazetesi.com\/index.php?rest_route=\/wp\/v2\/posts"}],"about":[{"href":"https:\/\/akdenizolaygazetesi.com\/index.php?rest_route=\/wp\/v2\/types\/post"}],"author":[{"embeddable":true,"href":"https:\/\/akdenizolaygazetesi.com\/index.php?rest_route=\/wp\/v2\/users\/2"}],"replies":[{"embeddable":true,"href":"https:\/\/akdenizolaygazetesi.com\/index.php?rest_route=%2Fwp%2Fv2%2Fcomments&post=19504"}],"version-history":[{"count":1,"href":"https:\/\/akdenizolaygazetesi.com\/index.php?rest_route=\/wp\/v2\/posts\/19504\/revisions"}],"predecessor-version":[{"id":19506,"href":"https:\/\/akdenizolaygazetesi.com\/index.php?rest_route=\/wp\/v2\/posts\/19504\/revisions\/19506"}],"wp:featuredmedia":[{"embeddable":true,"href":"https:\/\/akdenizolaygazetesi.com\/index.php?rest_route=\/wp\/v2\/media\/19505"}],"wp:attachment":[{"href":"https:\/\/akdenizolaygazetesi.com\/index.php?rest_route=%2Fwp%2Fv2%2Fmedia&parent=19504"}],"wp:term":[{"taxonomy":"category","embeddable":true,"href":"https:\/\/akdenizolaygazetesi.com\/index.php?rest_route=%2Fwp%2Fv2%2Fcategories&post=19504"},{"taxonomy":"post_tag","embeddable":true,"href":"https:\/\/akdenizolaygazetesi.com\/index.php?rest_route=%2Fwp%2Fv2%2Ftags&post=19504"}],"curies":[{"name":"wp","href":"https:\/\/api.w.org\/{rel}","templated":true}]}}