{"id":19510,"date":"2022-06-27T13:14:50","date_gmt":"2022-06-27T10:14:50","guid":{"rendered":"http:\/\/akdenizolaygazetesi.com\/?p=19510"},"modified":"2022-06-27T13:14:50","modified_gmt":"2022-06-27T10:14:50","slug":"buyuksehirin-duzenledigi-genc-festte-renkli-goruntuler-yasandi","status":"publish","type":"post","link":"https:\/\/akdenizolaygazetesi.com\/?p=19510","title":{"rendered":"B\u00dcY\u00dcK\u015eEH\u0130R&#8217;\u0130N D\u00dcZENLED\u0130\u011e\u0130 GEN\u00c7 FEST&#8217;TE RENKL\u0130 G\u00d6R\u00dcNT\u00dcLER YA\u015eANDI"},"content":{"rendered":"<p>Mersin B\u00fcy\u00fck\u015fehir Belediyesi, sosyal faaliyetleriyle fark yaratmaya devam ediyor. Toplumun t\u00fcm kesimlerini kapsay\u0131c\u0131 etkinliklerine havalar\u0131n \u0131s\u0131nmas\u0131, okullar\u0131n tatile girmesi ve s\u0131nav d\u00f6nemlerinin sona ermesiyle birlikte h\u0131z veren Mersin B\u00fcy\u00fck\u015fehir Belediyesi, gen\u00e7lerin doyas\u0131ya e\u011flenmeleri i\u00e7in festivaller ger\u00e7ekle\u015ftiriyor.<\/p>\n<p>B\u00fcy\u00fck\u015fehir Belediyesi ile Tarsus&#8217;a De\u011fer Katanlar Kurulu (TADEKA) i\u015fbirli\u011fiyle &#8216;Tarsus Gen\u00e7 Fest&#8217; konser ve e\u011flence program\u0131 d\u00fczenlendi. K\u00fclt\u00fcr Park&#8217;\u0131n do\u011fal ortam\u0131nda kurulan sahne etraf\u0131nda binlerce gen\u00e7 toplan\u0131rken, farkl\u0131 ya\u015f gruplar\u0131ndan bir\u00e7ok vatanda\u015f da, enerjisi y\u00fcksek sahne performanslar\u0131n\u0131 ilgi ile izlediler.<\/p>\n<p>Gen\u00e7ler, hareketli sahne performanslar\u0131 ile co\u015ftular<\/p>\n<p>DJ \u015fov, dans \u015fov ve konserlerin ard\u0131 ard\u0131na yer ald\u0131\u011f\u0131 ve saatlerce s\u00fcren festivalde holi parti s\u0131ras\u0131nda at\u0131lan boyalarla ortam daha da renklendi.<\/p>\n<p>Kozmoz grubu, Kahir ve Gazi ikilisi, Mati-Emrati-Ozi \u00fc\u00e7l\u00fcs\u00fcn\u00fcn hip hop sahne performans\u0131 ile co\u015fan gen\u00e7ler dans \u015fov, DJ Ramazan ve Dodo&#8217;nun muhte\u015fem performanslar\u0131n\u0131n ard\u0131ndan finalde ise MEG&#8217;in seslendirdi\u011fi \u015fark\u0131larla unutamayacaklar\u0131 bir gece ya\u015fad\u0131lar.<\/p>\n<p>&#8216;Sizlerin bu co\u015fkusu oldu\u011fu s\u00fcrece, Ba\u015fkan\u0131m\u0131z Say\u0131n Vahap Se\u00e7er&#8217;in hizmetleri devam edecek&#8217;<\/p>\n<p>S\u0131n\u0131rs\u0131z e\u011flenceye sahne olan programda Mersin B\u00fcy\u00fck\u015fehir Belediyesi \u0130mar A.\u015e. Genel M\u00fcd\u00fcr\u00fc ve Meclis \u00dcyesi Ali Uyan, B\u00fcy\u00fck\u015fehir Belediyesi Meclis \u00fcyesi Av. \u00dcnzile Kuru ve CHP Tarsus \u0130l\u00e7e Ba\u015fkan\u0131 Av. Ozan Varal, sanat\u00e7\u0131 MEG&#8217;e \u00e7i\u00e7ek takdim ettiler.<\/p>\n<p>Burada bir konu\u015fma yapan Mersin B\u00fcy\u00fck\u015fehir Belediyesi \u0130mar A.\u015e. Genel M\u00fcd\u00fcr\u00fc Ali Uyan, &#8220;De\u011ferli gen\u00e7 karde\u015flerimiz, sizlerdeki bu enerji, bu heyecan, bu co\u015fku oldu\u011fu m\u00fcddet\u00e7e Mersin B\u00fcy\u00fck\u015fehir Belediye Ba\u015fkan\u0131m\u0131z Say\u0131n Vahap Se\u00e7er&#8217;in hizmetleri de bug\u00fcn oldu\u011fu gibi, yar\u0131nlarda da artarak devam edecek. Bundan emin olun&#8221; dedi.<\/p>\n<p>&#8220;\u015eimdiye kadar b\u00f6yle yenilikler g\u00f6rmedik&#8221;<\/p>\n<p>Konsere \u00e7ocu\u011fuyla birlikte kat\u0131lan Cennet Tun\u00e7ay, festivali \u00e7ok g\u00fczel buldu\u011funu belirterek, &#8220;\u00c7ok g\u00fczel, \u00e7ok muhte\u015fem. Zaten Tarsus b\u00f6yle \u015feylere a\u00e7. \u015eimdiye kadar b\u00f6yle bir yenilik g\u00f6rmedik&#8221; diye konu\u015ftu.<\/p>\n<p>&#8220;Bu t\u00fcr etkinlikler bizi sosyalle\u015ftiriyor&#8221;<\/p>\n<p>Bu tip organizasyonlar sayesinde arkada\u015flar\u0131yla daha fazla sosyalle\u015fme imkan\u0131 bulduklar\u0131n\u0131 s\u00f6yleyen G\u00fcl \u015eendur da, &#8220;\u00c7ok mutluyum, \u00e7ok g\u00fczel bir ortam. \u00c7ok g\u00fczel bir organizasyon olmu\u015f. Vahap Ba\u015fkan&#8217;a bu organizasyondan dolay\u0131 te\u015fekk\u00fcr ediyoruz. Sayesinde s\u00fcrekli Tarsus&#8217;ta b\u00f6yle etkinlikler g\u00f6r\u00fcyoruz. \u00c7ok mutluyuz bu durumdan. Arkada\u015flar\u0131m\u0131zla daha fazla sosyalle\u015fme, daha fazla bir \u015feyler payla\u015fabilme ortamlar\u0131 sa\u011fl\u0131yor&#8221; \u015feklinde konu\u015ftu.<\/p>\n<p>Konsere bebe\u011fiyle birlikte geldi<\/p>\n<p>Bebe\u011fi ile birlikte e\u011flenceye kat\u0131lan Fatma Nur isimli anne ise &#8220;Pandemiden dolay\u0131 zaten d\u0131\u015far\u0131ya \u00e7\u0131kam\u0131yorduk. Bu etkinlik hem herkesi birbiriyle tan\u0131\u015ft\u0131rd\u0131, hem daha g\u00fczel, daha iyi oldu bizim i\u00e7in. D\u0131\u015far\u0131ya \u00e7\u0131kt\u0131k, o\u011flum da \u00e7ok sevdi&#8221; dedi.<\/p>\n<p>&#8220;Yap\u0131lan konserler iyi oldu, \u00e7ok mutluyuz&#8221;<\/p>\n<p>Konsere kat\u0131lan bir ba\u015fka gen\u00e7 Sultan Kurt ise, &#8220;Vahap Se\u00e7er Ba\u015fkan\u0131m\u0131za te\u015fekk\u00fcr ediyoruz \u00f6ncelikle. \u00c7al\u0131\u015fmalar\u0131 olsun, ayr\u0131ca konserler olsun hepsini bir arada yapmas\u0131 \u00e7ok g\u00fczel. Pandemi oldu, o y\u00fczden insanlar birbirlerini fazla g\u00f6remedi, evin i\u00e7ine kapand\u0131k. Sonras\u0131nda yap\u0131lan bu konserler baya\u011f\u0131 bir iyi oldu, \u00e7ok mutluyuz&#8221; ifadelerini kulland\u0131. <\/p>\n<p>&#8220;Bizim i\u00e7in de \u00e7ok enerji oldu&#8221;<\/p>\n<p>Etkinlik alan\u0131na gelerek festivali ilgi ile takip eden ileri ya\u015f alm\u0131\u015f isimlerden G\u00f6n\u00fcl Kara ise &#8220;\u00c7ok g\u00fczel gen\u00e7lerimizi e\u011flendirmek. S\u0131nav sonras\u0131 b\u00f6yle bir e\u011flence yap\u0131lmas\u0131 \u00e7ok g\u00fczel olmu\u015f. Yapana, yard\u0131m edene, s\u00f6yleyene eline, diline, koluna sa\u011fl\u0131k olsun. Bizim i\u00e7in de \u00e7ok enerji oldu&#8221; dedi.<\/p>\n","protected":false},"excerpt":{"rendered":"<p>Mersin B\u00fcy\u00fck\u015fehir Belediyesi, sosyal faaliyetleriyle fark yaratmaya devam ediyor. Toplumun t\u00fcm kesimlerini kapsay\u0131c\u0131 etkinliklerine havalar\u0131n \u0131s\u0131nmas\u0131, okullar\u0131n tatile girmesi ve s\u0131nav d\u00f6nemlerinin sona ermesiyle birlikte h\u0131z veren Mersin B\u00fcy\u00fck\u015fehir Belediyesi, &hellip; <a href=\"https:\/\/akdenizolaygazetesi.com\/?p=19510\" class=\"more-link\">Devam\u0131n\u0131 Oku&#8230;<\/a><\/p>\n","protected":false},"author":2,"featured_media":19511,"comment_status":"open","ping_status":"open","sticky":false,"template":"","format":"standard","meta":[],"categories":[2,3,5],"tags":[],"_links":{"self":[{"href":"https:\/\/akdenizolaygazetesi.com\/index.php?rest_route=\/wp\/v2\/posts\/19510"}],"collection":[{"href":"https:\/\/akdenizolaygazetesi.com\/index.php?rest_route=\/wp\/v2\/posts"}],"about":[{"href":"https:\/\/akdenizolaygazetesi.com\/index.php?rest_route=\/wp\/v2\/types\/post"}],"author":[{"embeddable":true,"href":"https:\/\/akdenizolaygazetesi.com\/index.php?rest_route=\/wp\/v2\/users\/2"}],"replies":[{"embeddable":true,"href":"https:\/\/akdenizolaygazetesi.com\/index.php?rest_route=%2Fwp%2Fv2%2Fcomments&post=19510"}],"version-history":[{"count":1,"href":"https:\/\/akdenizolaygazetesi.com\/index.php?rest_route=\/wp\/v2\/posts\/19510\/revisions"}],"predecessor-version":[{"id":19512,"href":"https:\/\/akdenizolaygazetesi.com\/index.php?rest_route=\/wp\/v2\/posts\/19510\/revisions\/19512"}],"wp:featuredmedia":[{"embeddable":true,"href":"https:\/\/akdenizolaygazetesi.com\/index.php?rest_route=\/wp\/v2\/media\/19511"}],"wp:attachment":[{"href":"https:\/\/akdenizolaygazetesi.com\/index.php?rest_route=%2Fwp%2Fv2%2Fmedia&parent=19510"}],"wp:term":[{"taxonomy":"category","embeddable":true,"href":"https:\/\/akdenizolaygazetesi.com\/index.php?rest_route=%2Fwp%2Fv2%2Fcategories&post=19510"},{"taxonomy":"post_tag","embeddable":true,"href":"https:\/\/akdenizolaygazetesi.com\/index.php?rest_route=%2Fwp%2Fv2%2Ftags&post=19510"}],"curies":[{"name":"wp","href":"https:\/\/api.w.org\/{rel}","templated":true}]}}