{"id":19516,"date":"2022-06-27T16:52:33","date_gmt":"2022-06-27T13:52:33","guid":{"rendered":"http:\/\/akdenizolaygazetesi.com\/?p=19516"},"modified":"2022-06-27T16:52:33","modified_gmt":"2022-06-27T13:52:33","slug":"akdenizde-3-ay-suren-kadin-sagligi-ve-gebelik-egitim-programi-tamamlandi","status":"publish","type":"post","link":"https:\/\/akdenizolaygazetesi.com\/?p=19516","title":{"rendered":"Akdeniz\u2019de 3 ay s\u00fcren Kad\u0131n Sa\u011fl\u0131\u011f\u0131 ve Gebelik e\u011fitim program\u0131 tamamland\u0131"},"content":{"rendered":"<p>Akdeniz Belediyesi ile Toros \u00dcniversitesi i\u015fbirli\u011finde d\u00fczenlenen, toplam 3 ay s\u00fcren ve 360 kad\u0131n\u0131n kat\u0131larak sertifika ald\u0131\u011f\u0131; \u201cKad\u0131n Sa\u011fl\u0131\u011f\u0131 ve Gebelik \/ Sa\u011fl\u0131kl\u0131 Gebelik Mutlu Annelik E\u011fitim Projesi\u201d tamamland\u0131.<br \/>\nAkdeniz Belediye Ba\u015fkan\u0131 M. Mustafa G\u00fcltak ile Toros \u00dcniversitesi Rekt\u00f6r\u00fc Prof. Dr. \u00d6mer Ar\u0131\u00f6z aras\u0131nda imzalanan protokol kapsam\u0131nda, Kad\u0131n ve Aile Hizmetleri M\u00fcd\u00fcrl\u00fc\u011f\u00fc ve Sa\u011fl\u0131k Bilimleri Fak\u00fcltesi i\u015fbirli\u011finde y\u00fcr\u00fct\u00fclen \u201cKad\u0131n Sa\u011fl\u0131\u011f\u0131 ve Gebelik E\u011fitimi Projesi\u201d tamamland\u0131. Program\u0131n son oturumu ve kapan\u0131\u015f\u0131 nedeniyle belediye konferans salonunda d\u00fczenlenen t\u00f6rene; Toros \u00dcniversitesi Rekt\u00f6r\u00fc Prof. Dr. \u00d6mer Ar\u0131\u00f6z, Akdeniz Belediye Ba\u015fkan\u0131 M. Mustafa G\u00fcltak Sa\u011fl\u0131k Bilimleri Fak\u00fcltesi Dekan\u0131 Prof. Dr. F\u00fcgen \u00d6zcanarslan, Sa\u011fl\u0131k Bilimleri Fak\u00fcltesi \u00d6\u011fretim \u00dcyesi Dr. Nazife Akan, ba\u015fkan yard\u0131mc\u0131lar\u0131, anneler ve anne aday\u0131 kad\u0131nlar kat\u0131ld\u0131.<br \/>\nBa\u015fkan G\u00fcltak; \u201cAkdeniz\u2019de de\u011fi\u015fimi sa\u011flayan kad\u0131nlar oldu\u201d<br \/>\nBulu\u015fmada bir konu\u015fma yapan Ba\u015fkan G\u00fcltak; 3 bu\u00e7uk y\u0131l i\u00e7inde Akdeniz\u2019de bir de\u011fi\u015fim ba\u015flatt\u0131klar\u0131n\u0131 anlatt\u0131, kad\u0131nlar ve gen\u00e7ler yarar\u0131na, ge\u00e7mi\u015fte hi\u00e7 olmayan bir\u00e7ok hizmet ve projeyi hayata katt\u0131klar\u0131n\u0131 s\u00f6yledi. Ba\u015fkan G\u00fcltak, \u201cAkdenizli kad\u0131nlar\u0131 \u00fcretime kazand\u0131rmak i\u00e7in kooperatifler kurduk.<br \/>\nSon olarak, Akdam Mahallemizde, belediyemize ait bir arazide \u015feker otu bitkisi (Stevia) yeti\u015ftirmeleri ve sat\u0131\u015f\u0131n\u0131 yapmalar\u0131 amac\u0131yla kendilerine toprak tahsis ettik. Akdenizli kad\u0131nlar art\u0131k \u00fcretiyor, ailelerinin b\u00fct\u00e7elerine katk\u0131 sa\u011fl\u0131yor, \u00fcrettik\u00e7e mutlu oluyor, kendilerine olan g\u00fcvenleri art\u0131yor. Akdeniz\u2019de art\u0131k kavga da yok; bar\u0131\u015f, huzur ve karde\u015flik ve g\u00fcven var. Bunu sa\u011flayan da as\u0131l siz kad\u0131nlar oldunuz. \u00c7al\u0131\u015farak, \u00fcreterek ve e\u011fitimle hayata bak\u0131\u015f\u0131n\u0131z de\u011fi\u015fti\u201d dedi.<br \/>\nProf. Dr. Ar\u0131\u00f6z; \u201cOrtak projelerin devam\u0131 gelecek\u201d<br \/>\nToros \u00dcniversitesi Rekt\u00f6r\u00fc Prof. Dr. \u00d6mer Ar\u0131\u00f6z de konu\u015fmas\u0131nda, Akdeniz Belediyesi ile bir\u00e7ok proje haz\u0131rlad\u0131klar\u0131n\u0131 ve projelerin devam\u0131n\u0131n gelece\u011fini s\u00f6yledi. \u00dcniversitelerin 3 \u00f6nemli sorumlulu\u011fu oldu\u011funa de\u011finen Prof. Dr. Ar\u0131\u00f6z; \u201cBunlardan bir tanesi \u00e7ocuklar\u0131m\u0131z ve gen\u00e7lerimize sundu\u011fumuz e\u011fitim-\u00f6\u011fretim hizmeti. \u0130kincisi ara\u015ft\u0131rma-geli\u015ftirme faaliyetlerimiz. Bir \u00fc\u00e7\u00fcnc\u00fcs\u00fc ve bence en \u00f6nemlisi de topluma hizmet, halkla birlikte iyi \u015feyler yapmak, insanlara dokunmak ve yard\u0131mc\u0131 olmakt\u0131r. Bunu da bug\u00fcn burada \u00e7ok iyi bir \u015fekilde ger\u00e7ekle\u015ftirmekten b\u00fcy\u00fck mutluluk ve memnuniyet duydum\u201d diye konu\u015ftu.<br \/>\n\u00dc\u00e7 ay s\u00fcren e\u011fitimlere 360 kad\u0131n kat\u0131ld\u0131<br \/>\nKonu\u015fmalar\u0131n ard\u0131ndan e\u011fitimi veren akademisyenler ile e\u011fitime kat\u0131lan kad\u0131nlar\u0131n plaket ve sertifikalar\u0131 t\u00f6renle takdim edildi. \u00dc\u00e7 ay s\u00fcren projede, Akdeniz s\u0131n\u0131rlar\u0131nda ya\u015fayan ve sa\u011fl\u0131k hizmetlerine eri\u015fimde kimi zaman g\u00fc\u00e7l\u00fc ya\u015fayan 18 ya\u015f ve \u00fczeri 360 kad\u0131na, 3 grup halinde \u00fcreme sa\u011fl\u0131\u011f\u0131 ve cinsellik, temizlik ve beslenme, gebelik, koruyucu sa\u011fl\u0131k davran\u0131\u015flar\u0131, do\u011fum sonras\u0131 d\u00f6nem, aile planlamas\u0131 ve sa\u011fl\u0131k hizmetlerine ula\u015fma konular\u0131nda kapsaml\u0131 e\u011fitim verildi.<br \/>\nDi\u011fer yandan, iki kurumun birlikte verdi\u011fi e\u011fitimi ba\u015far\u0131yla tamamlay\u0131p sertifika almaya hak kazanan Akdenizli kad\u0131nlar, Ba\u015fkan G\u00fcltak\u2019\u0131n talimat\u0131yla \u00f6d\u00fcllendirildi. Kad\u0131nlar, farkl\u0131 zamanlarda d\u00fczenlenen etkinliklerle Mersin\u2019in tarihi, turistik,  k\u00fclt\u00fcrel ve do\u011fal mek\u00e2nlar\u0131n\u0131 ziyaret etme \u015fans\u0131 yakalad\u0131. <\/p>\n","protected":false},"excerpt":{"rendered":"<p>Akdeniz Belediyesi ile Toros \u00dcniversitesi i\u015fbirli\u011finde d\u00fczenlenen, toplam 3 ay s\u00fcren ve 360 kad\u0131n\u0131n kat\u0131larak sertifika ald\u0131\u011f\u0131; \u201cKad\u0131n Sa\u011fl\u0131\u011f\u0131 ve Gebelik \/ Sa\u011fl\u0131kl\u0131 Gebelik Mutlu Annelik E\u011fitim Projesi\u201d tamamland\u0131. Akdeniz &hellip; <a href=\"https:\/\/akdenizolaygazetesi.com\/?p=19516\" class=\"more-link\">Devam\u0131n\u0131 Oku&#8230;<\/a><\/p>\n","protected":false},"author":2,"featured_media":19517,"comment_status":"open","ping_status":"open","sticky":false,"template":"","format":"standard","meta":[],"categories":[2,3,5],"tags":[],"_links":{"self":[{"href":"https:\/\/akdenizolaygazetesi.com\/index.php?rest_route=\/wp\/v2\/posts\/19516"}],"collection":[{"href":"https:\/\/akdenizolaygazetesi.com\/index.php?rest_route=\/wp\/v2\/posts"}],"about":[{"href":"https:\/\/akdenizolaygazetesi.com\/index.php?rest_route=\/wp\/v2\/types\/post"}],"author":[{"embeddable":true,"href":"https:\/\/akdenizolaygazetesi.com\/index.php?rest_route=\/wp\/v2\/users\/2"}],"replies":[{"embeddable":true,"href":"https:\/\/akdenizolaygazetesi.com\/index.php?rest_route=%2Fwp%2Fv2%2Fcomments&post=19516"}],"version-history":[{"count":1,"href":"https:\/\/akdenizolaygazetesi.com\/index.php?rest_route=\/wp\/v2\/posts\/19516\/revisions"}],"predecessor-version":[{"id":19518,"href":"https:\/\/akdenizolaygazetesi.com\/index.php?rest_route=\/wp\/v2\/posts\/19516\/revisions\/19518"}],"wp:featuredmedia":[{"embeddable":true,"href":"https:\/\/akdenizolaygazetesi.com\/index.php?rest_route=\/wp\/v2\/media\/19517"}],"wp:attachment":[{"href":"https:\/\/akdenizolaygazetesi.com\/index.php?rest_route=%2Fwp%2Fv2%2Fmedia&parent=19516"}],"wp:term":[{"taxonomy":"category","embeddable":true,"href":"https:\/\/akdenizolaygazetesi.com\/index.php?rest_route=%2Fwp%2Fv2%2Fcategories&post=19516"},{"taxonomy":"post_tag","embeddable":true,"href":"https:\/\/akdenizolaygazetesi.com\/index.php?rest_route=%2Fwp%2Fv2%2Ftags&post=19516"}],"curies":[{"name":"wp","href":"https:\/\/api.w.org\/{rel}","templated":true}]}}