{"id":1952,"date":"2020-11-04T18:22:28","date_gmt":"2020-11-04T15:22:28","guid":{"rendered":"http:\/\/mersinekonomipolitikagazetesi.com\/?p=1952"},"modified":"2020-11-04T18:22:28","modified_gmt":"2020-11-04T15:22:28","slug":"mtso-baskani-ayhan-kiziltan-mersinin-sesini-daha-cok-duyuracagiz","status":"publish","type":"post","link":"https:\/\/akdenizolaygazetesi.com\/?p=1952","title":{"rendered":"MTSO BA\u015eKANI AYHAN KIZILTAN:   \u201cMERS\u0130N\u2019\u0130N SES\u0130N\u0130 DAHA \u00c7OK DUYURACA\u011eIZ\u201d"},"content":{"rendered":"<p>K\u0131z\u0131ltan, Mersin\u2019deki gazetelerin daha iyi \u015fartlarda bas\u0131labilmesi i\u00e7in Mersin\u2019e bir web ofset makinas\u0131n\u0131n al\u0131nabilmesi ve Mersin\u2019de gazetecili\u011fin \u00e7\u0131tas\u0131n\u0131n y\u00fckselmesi i\u00e7in destek s\u00f6z\u00fc verdi.<\/p>\n<p><span style=\"font-size:16px;\"><span style=\"color: rgb(34, 34, 34); font-family: arial, sans-serif; line-height: normal;\">Mersin Ticaret ve Sanayi Odas\u0131 -MTSO- Y\u00f6netim Kurulu Ba\u015fkan\u0131 Ayhan K\u0131z\u0131ltan, Ramazan nedeniyle d\u00fczenledi\u011fi iftar sofras\u0131nda Mersinli medya mensuplar\u0131yla bir araya geldi.<\/span><br style=\"color: rgb(34, 34, 34); font-family: arial, sans-serif; font-size: 12.8px; line-height: normal;\" \/><br \/>\n<span style=\"color: rgb(34, 34, 34); font-family: arial, sans-serif; line-height: normal;\">MTSO T\u00fcccar Kul\u00fcb\u00fc\u2019ne ger\u00e7ekle\u015fen iftar sofras\u0131na Mersinli medya mensuplar\u0131, MTSO Ba\u015fkan\u0131 Ayhan K\u0131z\u0131ltan, Meclis Ba\u015fkan\u0131 Hamit \u0130zol ile baz\u0131 MTSO y\u00f6netim kurulu \u00fcyeleri kat\u0131ld\u0131.<\/span><br style=\"color: rgb(34, 34, 34); font-family: arial, sans-serif; font-size: 12.8px; line-height: normal;\" \/><br \/>\n<span style=\"color: rgb(34, 34, 34); font-family: arial, sans-serif; line-height: normal;\">Yapt\u0131\u011f\u0131 konu\u015fmada K\u0131z\u0131ltan, T\u00fcrkiye ekonomisine y\u00f6nelik de\u011ferlendirmelerde bulundu, bas\u0131n mensuplar\u0131ndan gelen sorulara da yan\u0131t verdi.<\/span><br style=\"color: rgb(34, 34, 34); font-family: arial, sans-serif; font-size: 12.8px; line-height: normal;\" \/><br \/>\n<span style=\"color: rgb(34, 34, 34); font-family: arial, sans-serif; line-height: normal;\">MTSO Y\u00f6netim Kurulu Ba\u015fkan\u0131 K\u0131z\u0131ltan, MTSO\u2019nun yeni hedeflerini aktar\u0131rken, artan d\u00f6viz kuru fiyatlar\u0131na de\u011finerek, dolardaki art\u0131\u015f\u0131n \u00fclkeye ve i\u015f d\u00fcnyas\u0131na b\u00fcy\u00fck bir y\u00fck getirdi\u011fini belirterek birlikte \u00e7\u00f6z\u00fcmler arayacaklar\u0131n\u0131 kaydetti.<\/span><br style=\"color: rgb(34, 34, 34); font-family: arial, sans-serif; font-size: 12.8px; line-height: normal;\" \/><br \/>\n<span style=\"color: rgb(34, 34, 34); font-family: arial, sans-serif; line-height: normal;\">Medya temsilcilerinin sorusu \u00fczerine Mersin\u2019deki gazetelerin daha iyi \u015fartlarda bas\u0131labilmesi i\u00e7in Mersin\u2019e bir web ofset makinas\u0131n\u0131n al\u0131nabilmesi i\u00e7in \u00e7al\u0131\u015fma yapaca\u011f\u0131n\u0131, bu konuda gazetecilere tam destek verece\u011fini s\u00f6yledi. Ayr\u0131ca Mersin\u2019de gazetecili\u011fin \u00e7\u0131tas\u0131n\u0131n y\u00fckselmesi i\u00e7in \u00e7aba harc\u0131yaca\u011f\u0131n\u0131 dile getirdi.<\/span><br style=\"color: rgb(34, 34, 34); font-family: arial, sans-serif; font-size: 12.8px; line-height: normal;\" \/><br \/>\n<br style=\"color: rgb(34, 34, 34); font-family: arial, sans-serif; font-size: 12.8px; line-height: normal;\" \/><br \/>\n<span style=\"color: rgb(34, 34, 34); font-family: arial, sans-serif; line-height: normal;\">\u201cBirlikteli\u011fin meyvelerini de toplad\u0131k\u201d<\/span><br style=\"color: rgb(34, 34, 34); font-family: arial, sans-serif; font-size: 12.8px; line-height: normal;\" \/><br \/>\n<br style=\"color: rgb(34, 34, 34); font-family: arial, sans-serif; font-size: 12.8px; line-height: normal;\" \/><br \/>\n<span style=\"color: rgb(34, 34, 34); font-family: arial, sans-serif; line-height: normal;\">K\u0131z\u0131ltan s\u00f6zlerini Mersin\u2019in TOBB \u00e7at\u0131s\u0131 alt\u0131ndaki g\u00f6revleri hakk\u0131nda verdi\u011fi bilgilerle s\u00fcrd\u00fcrd\u00fc. MTSO se\u00e7imlerinin tamamlanmas\u0131 sonras\u0131nda Ankara\u2019da birlik ve beraberlik i\u00e7inde bir hafta boyunca yo\u011fun bir \u00e7al\u0131\u015fma s\u00fcrd\u00fcrd\u00fcklerini ve bu birlikteli\u011fin meyvelerini de toplad\u0131klar\u0131n\u0131 vurgulayan K\u0131z\u0131ltan, bu \u00e7al\u0131\u015fma sonras\u0131nda TOBB Genel Kurulu\u2019nda kendisinin Genel \u0130dare Kurulu \u00dcyeli\u011fi ile Ticaret ve Sanayi Odalar\u0131 Konsey Ba\u015fkan Yard\u0131mc\u0131l\u0131\u011f\u0131 g\u00f6revine se\u00e7ildi\u011fini s\u00f6yledi.\u00a0<\/span><br style=\"color: rgb(34, 34, 34); font-family: arial, sans-serif; font-size: 12.8px; line-height: normal;\" \/><br \/>\n<span style=\"color: rgb(34, 34, 34); font-family: arial, sans-serif; line-height: normal;\">K\u0131z\u0131ltan, Mersin\u2019in ald\u0131\u011f\u0131 di\u011fer g\u00f6revleri ise \u015f\u00f6yle a\u00e7\u0131klad\u0131:<\/span><br style=\"color: rgb(34, 34, 34); font-family: arial, sans-serif; font-size: 12.8px; line-height: normal;\" \/><br \/>\n<span style=\"color: rgb(34, 34, 34); font-family: arial, sans-serif; line-height: normal;\">\u201cAnamur Ticaret ve Sanayi Odas\u0131 Y\u00f6netim Kurulu Ba\u015fkan\u0131m\u0131z Ferudun Toruno\u011flu, Y\u00fcksek Disiplin Kurulu \u00dcyesi olurken Mersin Ticaret Borsas\u0131 Y\u00f6netim Kurulu Ba\u015fkan\u0131m\u0131z Abdullah \u00d6zdemir ile Tarsus Ticaret Borsas\u0131 Y\u00f6netim Kurulu Ba\u015fkan\u0131m\u0131z Murat Kaya, Ticaret Borsalar\u0131 Konsey \u00dcyeli\u011fine se\u00e7ildi. Mersin Deniz Ticaret Odas\u0131 Meclis Ba\u015fkan\u0131 Mehmet Levent Dip\u00e7in, Y\u00f6netim Kurulu Ba\u015fkan\u0131 M. Cihat Lokmano\u011flu, Ba\u015fkan Yard\u0131mc\u0131s\u0131 Jozef Atat ile Sayman \u00dcye Atahan \u00c7ukurova ise Deniz Ticaret Odalar\u0131 Konsey \u00dcyeli\u011fine se\u00e7ildi. MTSO Meclis \u00dcyemiz Mustafa Kabaday\u0131 TOBB \u0130klim De\u011fi\u015fikli\u011fi ve \u00c7evre Kurulu \u00dcyesi, Tarsus Ticaret ve Sanayi Odas\u0131 Y\u00f6netim Kurulu Ba\u015fkan\u0131m\u0131z Ruhi Ko\u00e7ak ile Mersin Deniz Ticaret Odas\u0131 Meclis \u00dcyesi Ayla Harp, TOBB D\u0131\u015f \u0130li\u015fkiler Komisyonu \u00dcyeli\u011fine se\u00e7ildi. Erdemli Ticaret ve Sanayi Odas\u0131 Y\u00f6netim Kurulu Ba\u015fkan\u0131m\u0131z Orhan Sar\u0131 da TOBB Turizm Komisyonu\u2019nda g\u00f6rev ald\u0131.\u201d\u00a0<\/span><br style=\"color: rgb(34, 34, 34); font-family: arial, sans-serif; font-size: 12.8px; line-height: normal;\" \/><br \/>\n<br style=\"color: rgb(34, 34, 34); font-family: arial, sans-serif; font-size: 12.8px; line-height: normal;\" \/><br \/>\n<span style=\"color: rgb(34, 34, 34); font-family: arial, sans-serif; line-height: normal;\">\u201cDayan\u0131\u015fma TOBB\u2019da g\u00fc\u00e7l\u00fc temsil getirdi\u201d<\/span><br style=\"color: rgb(34, 34, 34); font-family: arial, sans-serif; font-size: 12.8px; line-height: normal;\" \/><br \/>\n<br style=\"color: rgb(34, 34, 34); font-family: arial, sans-serif; font-size: 12.8px; line-height: normal;\" \/><br \/>\n<span style=\"color: rgb(34, 34, 34); font-family: arial, sans-serif; line-height: normal;\">Ankara\u2019da Meclis Ba\u015fkan\u0131 Hamit \u0130zol\u2019un, Y\u00f6netim Kurulu,\u00a0 Meclis \u00dcyeleri ve delegelerin tamam\u0131n\u0131n yo\u011fun destek verdi\u011fini dile getiren Ayhan K\u0131z\u0131ltan, dayan\u0131\u015fma ve birlikte hareket etmenin ilk etkisini TOBB \u00e7at\u0131s\u0131 alt\u0131nda g\u00f6sterdi\u011fini, bu sayede TOBB\u2019da g\u00fc\u00e7l\u00fc temsil edilme f\u0131rsat\u0131 yakalad\u0131klar\u0131n\u0131 s\u00f6yledi. \u201cMersin\u2019in \u00f6n\u00fc \u00fcn\u00fcm\u00fczdeki d\u00f6nemde Odalar Birli\u011fi\u2019nde a\u00e7\u0131k. Meclisten ge\u00e7en Torba Yasayla Mersin Deniz Ticaret Odas\u0131 Y\u00f6netim Kurulu Ba\u015fkan\u0131m\u0131z TOBB y\u00f6netimine girebilecek pozisyona geldi. Ben Genel \u0130dare Kurulu\u2019ndaki g\u00f6revimle TOBB y\u00f6netimiyle birlikte \u00e7al\u0131\u015faca\u011f\u0131m. Mersin\u2019in sesini daha \u00e7ok duyuraca\u011f\u0131z\u201d dedi.\u00a0<\/span><br style=\"color: rgb(34, 34, 34); font-family: arial, sans-serif; font-size: 12.8px; line-height: normal;\" \/><br \/>\n<span style=\"color: rgb(34, 34, 34); font-family: arial, sans-serif; line-height: normal;\">Ankara\u2019daki \u00e7al\u0131\u015fmalar\u0131 tamamlamalar\u0131n\u0131n ard\u0131ndan h\u0131zla Mersin\u2019deki \u00e7al\u0131\u015fmalar\u0131na ba\u015flad\u0131klar\u0131n\u0131 anlatan K\u0131z\u0131ltan, yine k\u0131sa, orta ve uzun vadeli yol haritas\u0131n\u0131, stratejilerini belirlerken birlikte hareket etmeye \u00f6zen g\u00f6sterdiklerini vurgulad\u0131. MTSO \u00e7at\u0131s\u0131 alt\u0131nda 99 Meclis \u00dcyesi ve 41 Meslek Komitesi bulundu\u011funu hat\u0131rlatan K\u0131z\u0131ltan: \u201cGruplar halinde Meclis \u00dcyelerimizle isti\u015fare toplant\u0131lar\u0131 yapmaya ba\u015flad\u0131k. Bu toplant\u0131larda \u00f6n\u00fcm\u00fczdeki d\u00f6nemde at\u0131lmas\u0131 gereken ad\u0131mlara y\u00f6nelik stratejimizi belirliyoruz. Meslek Komiteleri ve Meclisimiz, Odam\u0131z\u0131n mutfa\u011f\u0131d\u0131r. Onlar\u0131n \u00e7al\u0131\u015fmas\u0131 biz Y\u00f6netim Kurulu\u2019na y\u00f6n verecektir. Biz de bu \u00e7al\u0131\u015fmalar\u0131 ba\u015flatt\u0131k\u201d dedi. Bas\u0131n mensuplar\u0131n\u0131 artt\u0131klar\u0131 her ad\u0131mda bilgilendireceklerini kaydeden K\u0131z\u0131ltan, yola hep birlikte devam edeceklerini s\u00f6yledi.\u00a0<\/span><br style=\"color: rgb(34, 34, 34); font-family: arial, sans-serif; font-size: 12.8px; line-height: normal;\" \/><br \/>\n<br style=\"color: rgb(34, 34, 34); font-family: arial, sans-serif; font-size: 12.8px; line-height: normal;\" \/><br \/>\n<span style=\"color: rgb(34, 34, 34); font-family: arial, sans-serif; line-height: normal;\">\u0130ZOL: \u201cB\u0130RL\u0130KTE G\u00dcZEL B\u0130R 4 YIL GE\u00c7\u0130RECE\u011e\u0130M\u0130ZE \u0130NANIYORUM\u201d<\/span><br style=\"color: rgb(34, 34, 34); font-family: arial, sans-serif; font-size: 12.8px; line-height: normal;\" \/><br \/>\n<br style=\"color: rgb(34, 34, 34); font-family: arial, sans-serif; font-size: 12.8px; line-height: normal;\" \/><br \/>\n<span style=\"color: rgb(34, 34, 34); font-family: arial, sans-serif; line-height: normal;\">MTSO Meclis Ba\u015fkan\u0131 Hamit \u0130zol ise kulaktan dolma haberlerin yap\u0131ld\u0131\u011f\u0131na de\u011finerek: \u201cSizlerin sayg\u0131 s\u0131n\u0131rlar\u0131 \u00e7er\u00e7evesindeki yap\u0131c\u0131 ele\u015ftirilerine her zaman a\u00e7\u0131\u011f\u0131z. Sizlerin y\u00f6nlendirmesi, bak\u0131\u015f a\u00e7\u0131s\u0131 bizler i\u00e7in \u00f6nemli kulaktan dolma bilgilerle haber yap\u0131l\u0131yor bazen. Haber yap\u0131lmadan \u00f6nce her konuda mutlaka g\u00f6r\u00fc\u015f al\u0131nmas\u0131 gerekiyor. MTSO\u2019da g\u00f6rev alan ekibin y\u00fczde 80\u2019e yak\u0131n\u0131 de\u011fi\u015fti. \u00c7ok heyecanl\u0131 yeni bir ekip i\u015f ba\u015f\u0131nda. Bu ekibin heyecan\u0131n\u0131 k\u0131rmamal\u0131s\u0131n\u0131z. Mersin kalk\u0131n\u0131rsa hep birlikte b\u00fcy\u00fcr, mutlu oluruz. Ba\u015fka Mersin yok. Bu konuda sizlere \u015fimdiden te\u015fekk\u00fcr ediyorum. Birlikte g\u00fczel bir 4 y\u0131l ge\u00e7irece\u011fimize inan\u0131yorum.\u201d \u015feklinde konu\u015ftu.<\/span><\/span><\/p>\n<div class=\"yj6qo\" style=\"color: rgb(34, 34, 34); font-family: arial, sans-serif; font-size: 12.8px; line-height: normal;\">\u00a0<\/div>\n","protected":false},"excerpt":{"rendered":"<p>K\u0131z\u0131ltan, Mersin\u2019deki gazetelerin daha iyi \u015fartlarda bas\u0131labilmesi i\u00e7in Mersin\u2019e bir web ofset makinas\u0131n\u0131n al\u0131nabilmesi ve Mersin\u2019de gazetecili\u011fin \u00e7\u0131tas\u0131n\u0131n y\u00fckselmesi i\u00e7in destek s\u00f6z\u00fc verdi. Mersin Ticaret ve Sanayi Odas\u0131 -MTSO- Y\u00f6netim &hellip; <a href=\"https:\/\/akdenizolaygazetesi.com\/?p=1952\" class=\"more-link\">Devam\u0131n\u0131 Oku&#8230;<\/a><\/p>\n","protected":false},"author":1,"featured_media":0,"comment_status":"open","ping_status":"open","sticky":false,"template":"","format":"standard","meta":[],"categories":[],"tags":[],"_links":{"self":[{"href":"https:\/\/akdenizolaygazetesi.com\/index.php?rest_route=\/wp\/v2\/posts\/1952"}],"collection":[{"href":"https:\/\/akdenizolaygazetesi.com\/index.php?rest_route=\/wp\/v2\/posts"}],"about":[{"href":"https:\/\/akdenizolaygazetesi.com\/index.php?rest_route=\/wp\/v2\/types\/post"}],"author":[{"embeddable":true,"href":"https:\/\/akdenizolaygazetesi.com\/index.php?rest_route=\/wp\/v2\/users\/1"}],"replies":[{"embeddable":true,"href":"https:\/\/akdenizolaygazetesi.com\/index.php?rest_route=%2Fwp%2Fv2%2Fcomments&post=1952"}],"version-history":[{"count":0,"href":"https:\/\/akdenizolaygazetesi.com\/index.php?rest_route=\/wp\/v2\/posts\/1952\/revisions"}],"wp:attachment":[{"href":"https:\/\/akdenizolaygazetesi.com\/index.php?rest_route=%2Fwp%2Fv2%2Fmedia&parent=1952"}],"wp:term":[{"taxonomy":"category","embeddable":true,"href":"https:\/\/akdenizolaygazetesi.com\/index.php?rest_route=%2Fwp%2Fv2%2Fcategories&post=1952"},{"taxonomy":"post_tag","embeddable":true,"href":"https:\/\/akdenizolaygazetesi.com\/index.php?rest_route=%2Fwp%2Fv2%2Ftags&post=1952"}],"curies":[{"name":"wp","href":"https:\/\/api.w.org\/{rel}","templated":true}]}}