{"id":19524,"date":"2022-06-28T13:21:19","date_gmt":"2022-06-28T10:21:19","guid":{"rendered":"http:\/\/akdenizolaygazetesi.com\/?p=19524"},"modified":"2022-06-28T13:21:19","modified_gmt":"2022-06-28T10:21:19","slug":"bakanliginiz-bunyesinde-gida-muhendisi-istihdam-sayisini-arttirmaya-yonelik-calismalar-var-midir","status":"publish","type":"post","link":"https:\/\/akdenizolaygazetesi.com\/?p=19524","title":{"rendered":"Bakanl\u0131\u011f\u0131n\u0131z b\u00fcnyesinde g\u0131da m\u00fchendisi istihdam say\u0131s\u0131n\u0131 artt\u0131rmaya y\u00f6nelik \u00e7al\u0131\u015fmalar var m\u0131d\u0131r?"},"content":{"rendered":"<p>HDP Mersin Milletvekili Dr. R\u0131dvan Turan, g\u0131da m\u00fchendislerinin istihdam\u0131n\u0131 TBMM g\u00fcndemine ta\u015f\u0131d\u0131.<br \/>\nHDP Mersin Milletvekili Dr. R\u0131dvan Turan, konuyla ilgili, Tar\u0131m ve Orman Bakan\u0131 Vahit K\u0130R\u0130\u015e\u00c7\u0130\u2019nin yan\u0131tlamas\u0131 i\u00e7in soru \u00f6nergesi verdi.<br \/>\nDr. R\u0131dvan Turan soru \u00f6nergesinde \u015funlar\u0131 s\u00f6yledi: \u201cTar\u0131m ve Orman Bakanl\u0131\u011f\u0131, internet sitesinde 02.06.2022\u2019de yay\u0131nlad\u0131\u011f\u0131 personel ilan\u0131na g\u00f6re, toplamda 1800 personel al\u0131m\u0131 ger\u00e7ekle\u015ftirilece\u011fini duyurmu\u015ftur. Bakanl\u0131k, alaca\u011f\u0131 1800 personelden sadece 135 ki\u015fiyi g\u0131da m\u00fchendislerine ay\u0131rm\u0131\u015ft\u0131r. T\u00fcrkiye\u2019de \u00f6zel ve kamu \u00fcniversitelerinde yakla\u015f\u0131k 52 g\u0131da m\u00fchendisli\u011fi b\u00f6l\u00fcm\u00fc ve yakla\u015f\u0131k 1500\u2019\u00fcn \u00fczerinde kontenjan\u0131n oldu\u011fu dikkate al\u0131nd\u0131\u011f\u0131nda g\u0131da m\u00fchendis personel al\u0131m say\u0131s\u0131 olduk\u00e7a d\u00fc\u015f\u00fckt\u00fcr.<br \/>\nG\u0131da m\u00fchendisli\u011fi, g\u0131dalar\u0131n g\u00fcvenilir bir \u015fekilde \u00fcretimini, haz\u0131rlanmas\u0131n\u0131, i\u015flenmesini, paketlenmesini, da\u011f\u0131t\u0131lmas\u0131n\u0131 sa\u011flayan ve g\u0131dalardan uygun bir \u015fekilde yararlanmay\u0131 sa\u011flayan bir m\u00fchendislik dal\u0131d\u0131r. Temel ama\u00e7 insanlar\u0131n sa\u011fl\u0131kl\u0131 beslenmesidir. T\u00fcrkiye\u2019deki g\u0131da skandallar\u0131n\u0131n en b\u00fcy\u00fck sebeplerinden biri, g\u0131da m\u00fchendislerinin kamuda yeterli derecede istihdam edilmemesidir. Zira g\u0131da alan\u0131nda uzmanla\u015fm\u0131\u015f olan g\u0131da m\u00fchendislerinin istihdam\u0131yla denetimlerdeki niteli\u011fin orant\u0131l\u0131 oldu\u011fu a\u015fikard\u0131r.<br \/>\nTar\u0131m ve Orman Bakanl\u0131\u011f\u0131\u2019n\u0131n g\u0131da m\u00fchendisi al\u0131m say\u0131s\u0131n\u0131n d\u00fc\u015f\u00fck olmas\u0131 nedeniyle, g\u0131da m\u00fchendisleri \u00f6zel sekt\u00f6rde, asgari \u00fccret d\u00fczeyinde fazla mesai \u00e7al\u0131\u015fma ko\u015fullar\u0131nda \u00e7al\u0131\u015fmak zorunda kalmaktad\u0131r. \u00d6zel sekt\u00f6re tabi olan g\u0131da m\u00fchendisleri halk sa\u011fl\u0131\u011f\u0131ndan \u00f6nce \u00e7al\u0131\u015ft\u0131klar\u0131 \u015firketin daha fazla kazanmas\u0131 i\u00e7in etik de\u011ferlerinden vazge\u00e7meye zorlanmaktad\u0131r. Tar\u0131m ve Orman Bakanl\u0131\u011f\u0131 g\u0131da m\u00fchendisleri al\u0131m say\u0131s\u0131n\u0131 y\u00fckseltmeli ve \u00f6zel sekt\u00f6rde \u00e7al\u0131\u015fan g\u0131da m\u00fchendislerinin \u00e7al\u0131\u015fma ko\u015fullar\u0131n\u0131 iyile\u015ftirmelidir.\u201d<\/p>\n<p>Dr. R\u0131dvan Turan \u00f6nergesinde \u015fu sorulara yer verdi:<br \/>\n1)\tTar\u0131m ve Orman Bakanl\u0131\u011f\u0131\u2019n\u0131n g\u0131da m\u00fchendisi personel al\u0131m say\u0131s\u0131n\u0131 d\u00fc\u015f\u00fck tutmas\u0131n\u0131n nedenleri nelerdir?<br \/>\n2)\tBakanl\u0131\u011f\u0131n\u0131z b\u00fcnyesinde g\u0131da m\u00fchendisi istihdam say\u0131s\u0131n\u0131 artt\u0131rmaya y\u00f6nelik \u00e7al\u0131\u015fmalar var m\u0131d\u0131r?<br \/>\n3)\tBakanl\u0131\u011f\u0131n\u0131z taraf\u0131ndan \u00f6zel sekt\u00f6rde \u00e7al\u0131\u015fan g\u0131da m\u00fchendislerinin \u00e7al\u0131\u015fma ko\u015fullar\u0131n\u0131 iyile\u015ftirmeye y\u00f6nelik \u00e7al\u0131\u015fmalar\u0131 nelerdir?<\/p>\n","protected":false},"excerpt":{"rendered":"<p>HDP Mersin Milletvekili Dr. R\u0131dvan Turan, g\u0131da m\u00fchendislerinin istihdam\u0131n\u0131 TBMM g\u00fcndemine ta\u015f\u0131d\u0131. HDP Mersin Milletvekili Dr. R\u0131dvan Turan, konuyla ilgili, Tar\u0131m ve Orman Bakan\u0131 Vahit K\u0130R\u0130\u015e\u00c7\u0130\u2019nin yan\u0131tlamas\u0131 i\u00e7in soru \u00f6nergesi &hellip; <a href=\"https:\/\/akdenizolaygazetesi.com\/?p=19524\" class=\"more-link\">Devam\u0131n\u0131 Oku&#8230;<\/a><\/p>\n","protected":false},"author":2,"featured_media":19525,"comment_status":"open","ping_status":"open","sticky":false,"template":"","format":"standard","meta":[],"categories":[3,6],"tags":[],"_links":{"self":[{"href":"https:\/\/akdenizolaygazetesi.com\/index.php?rest_route=\/wp\/v2\/posts\/19524"}],"collection":[{"href":"https:\/\/akdenizolaygazetesi.com\/index.php?rest_route=\/wp\/v2\/posts"}],"about":[{"href":"https:\/\/akdenizolaygazetesi.com\/index.php?rest_route=\/wp\/v2\/types\/post"}],"author":[{"embeddable":true,"href":"https:\/\/akdenizolaygazetesi.com\/index.php?rest_route=\/wp\/v2\/users\/2"}],"replies":[{"embeddable":true,"href":"https:\/\/akdenizolaygazetesi.com\/index.php?rest_route=%2Fwp%2Fv2%2Fcomments&post=19524"}],"version-history":[{"count":1,"href":"https:\/\/akdenizolaygazetesi.com\/index.php?rest_route=\/wp\/v2\/posts\/19524\/revisions"}],"predecessor-version":[{"id":19526,"href":"https:\/\/akdenizolaygazetesi.com\/index.php?rest_route=\/wp\/v2\/posts\/19524\/revisions\/19526"}],"wp:featuredmedia":[{"embeddable":true,"href":"https:\/\/akdenizolaygazetesi.com\/index.php?rest_route=\/wp\/v2\/media\/19525"}],"wp:attachment":[{"href":"https:\/\/akdenizolaygazetesi.com\/index.php?rest_route=%2Fwp%2Fv2%2Fmedia&parent=19524"}],"wp:term":[{"taxonomy":"category","embeddable":true,"href":"https:\/\/akdenizolaygazetesi.com\/index.php?rest_route=%2Fwp%2Fv2%2Fcategories&post=19524"},{"taxonomy":"post_tag","embeddable":true,"href":"https:\/\/akdenizolaygazetesi.com\/index.php?rest_route=%2Fwp%2Fv2%2Ftags&post=19524"}],"curies":[{"name":"wp","href":"https:\/\/api.w.org\/{rel}","templated":true}]}}