{"id":19536,"date":"2022-06-29T12:30:05","date_gmt":"2022-06-29T09:30:05","guid":{"rendered":"http:\/\/akdenizolaygazetesi.com\/?p=19536"},"modified":"2022-06-29T12:30:05","modified_gmt":"2022-06-29T09:30:05","slug":"belediye-baskani-olduktan-sonra-mersinde-yasayan-bisiklet-severler-beni-de-bisiklet-tutkunu-yapti","status":"publish","type":"post","link":"https:\/\/akdenizolaygazetesi.com\/?p=19536","title":{"rendered":"&#8220;BELED\u0130YE BA\u015eKANI OLDUKTAN SONRA MERS\u0130N&#8217;DE YA\u015eAYAN B\u0130S\u0130KLET SEVERLER BEN\u0130 DE B\u0130S\u0130KLET TUTKUNU YAPTI&#8221;"},"content":{"rendered":"<p>Mersin B\u00fcy\u00fck\u015fehir Belediye Ba\u015fkan\u0131 Vahap Se\u00e7er, Mersin B\u00fcy\u00fck\u015fehir Belediyesi taraf\u0131ndan d\u00fczenlenen &#8216;EuroVelo-Avrupa Bisiklet Rotalar\u0131 A\u011f\u0131 Bisiklet Stratejileri ve Saha \u00c7al\u0131\u015fmas\u0131 Program\u0131&#8217;n\u0131n a\u00e7\u0131l\u0131\u015f\u0131na kat\u0131ld\u0131.<br \/>\nMersin B\u00fcy\u00fck\u015fehir Belediyesi Kongre ve Sergi Saray\u0131 Meclis Salonu&#8217;nda ger\u00e7ekle\u015ftirilen Saha \u00c7al\u0131\u015fmas\u0131 Program\u0131&#8217;n\u0131n a\u00e7\u0131l\u0131\u015f\u0131na Mersin B\u00fcy\u00fck\u015fehir Belediye Ba\u015fkan\u0131 Vahap Se\u00e7er, T\u00fcm Bisiklet Dernekleri Federasyonu Ba\u015fkan Yard\u0131mc\u0131s\u0131 Ahmet Salih \u00d6zenir, Antalya B\u00fcy\u00fck\u015fehir Belediyesi Gen\u00e7lik ve Spor Hizmetleri Dairesi Ba\u015fkan\u0131 T\u00fcrker Ahmet \u00d6zay ve sivil toplum kurulu\u015flar\u0131n\u0131n temsilcileri kat\u0131ld\u0131.<br \/>\n&#8220;Belediye Ba\u015fkan\u0131 olduktan sonra ben de bisiklet tutkunu oldum&#8221;<br \/>\nMersin B\u00fcy\u00fck\u015fehir Belediye Ba\u015fkan\u0131 Vahap Se\u00e7er, yararl\u0131 bir \u00e7al\u0131\u015fma olmas\u0131n\u0131 umut etti\u011fini belirterek ba\u015flad\u0131\u011f\u0131 konu\u015fmas\u0131nda, &#8220;Belediye Ba\u015fkan\u0131 olduktan sonra Mersin&#8217;de ya\u015fayan bisiklet severler beni de bisiklet tutkunu yapt\u0131lar. Farkl\u0131 yap\u0131lar alt\u0131nda hem en b\u00fcy\u00fck il\u00e7emiz olan Tarsus&#8217;ta, hem de Mersin merkezde \u00f6rg\u00fctlenen bisiklet severler, sadece bu hobilerini ya da bu al\u0131\u015fkanl\u0131klar\u0131n\u0131 yerine getirmekten \u00f6te, bisikletin kentte yayg\u0131nla\u015fmas\u0131 i\u00e7in de \u00e7ok \u00f6nemli katk\u0131 sunuyorlar. Kendilerine te\u015fekk\u00fcr ederim&#8221; dedi.<br \/>\n&#8220;Mersin tarihine gelmi\u015f en \u00e7ok bisiklet ve bisiklet yolu kelimesini kullanan Belediye Ba\u015fkan\u0131 oldu\u011fumu d\u00fc\u015f\u00fcn\u00fcyorum&#8221;<br \/>\nProgramda hem Tarsus&#8217;tan hem de Mersin&#8217;den kat\u0131l\u0131mc\u0131lar\u0131n yer ald\u0131\u011f\u0131n\u0131n vurgusunu yapan Ba\u015fkan Se\u00e7er, &#8220;S\u00fcrekli bu etkinliklerde beraber oldu\u011fumuz, bizlerle bu \u00e7al\u0131\u015fmalara kat\u0131lan, bizlere \u0131\u015f\u0131k olan, yol a\u00e7an, yol g\u00f6steren ger\u00e7ekten bu insanlar. Neticede b\u00fcrokrasi ve ben bu insanlar\u0131n g\u00f6r\u00fc\u015fleri, birikimleri, de\u011ferlendirmeleri do\u011frultusunda yol haritas\u0131 belirliyoruz. As\u0131l i\u015fi bilenler, i\u015fin i\u00e7inde olanlar ve i\u015fe hakim olanlar. O a\u00e7\u0131dan da 3 y\u0131ld\u0131r g\u00f6zlemliyorum, bunu tamamen samimiyetimle s\u00f6yl\u00fcyorum, herhangi bir kendi kendimize bir kompliman, Belediyemize ya da bana de\u011fil ama bir fark oldu\u011funu g\u00f6zlemliyorum. Bir de\u011fi\u015fim oldu\u011funu, bir geli\u015fme oldu\u011funu; en az\u0131ndan kentte bisiklet bu kadar konu\u015fulmazken bisiklet konu\u015fuluyor. Bir Belediye Ba\u015fkan\u0131 olarak herhalde Mersin tarihine gelmi\u015f en \u00e7ok bisiklet ve bisiklet yolu kelimesini kullanan Belediye Ba\u015fkan\u0131 oldu\u011fumu d\u00fc\u015f\u00fcn\u00fcyorum&#8221; diye konu\u015ftu.<br \/>\n&#8220;Mersin&#8217;in yollar\u0131 havaalan\u0131 yolu gibi olmaya ba\u015flad\u0131&#8221;<br \/>\nYapt\u0131klar\u0131 cadde ve bulvar \u00e7al\u0131\u015fmalar\u0131nda bisiklet yolu yapmaya \u00f6zen g\u00f6sterdiklerinin de alt\u0131n\u0131 \u00e7izen Ba\u015fkan Se\u00e7er, &#8220;Do\u011fal olarak bu kadar i\u015fin i\u00e7inde olunca da yapt\u0131\u011f\u0131m\u0131z b\u00fct\u00fcn projelerde, yol projelerinde hemen soruyorum; &#8216;bu \u00f6l\u00e7\u00fcler yeterli mi, bisiklet yolu yap\u0131yor muyuz?&#8217; \u0130lk akl\u0131ma gelen o oluyor. Bak\u0131n dikkat edin yeni \u00e7al\u0131\u015fmalar\u0131m\u0131za, yeni a\u00e7t\u0131\u011f\u0131m\u0131z bulvarlarda \u00e7ok g\u00fczel bisiklet yollar\u0131m\u0131z oldu. \u015eimdi 3. \u00c7evre Yolu&#8217;nda 6 kilometrelik yeni bir revize \u00e7al\u0131\u015fmam\u0131z var. Ge\u00e7ti\u011fimiz hafta sonu da o yolu kulland\u0131m. \u00c7ok ho\u015fuma gitti. Gayet g\u00fczel ve g\u00fcvenli. G\u00fcvenlik \u015feridini olu\u015fturan delinat\u00f6rler hem g\u00f6rsel a\u00e7\u0131dan g\u00fczel hem g\u00fcvenli\u011fi sa\u011fl\u0131yor. Allah i\u00e7in Mersin&#8217;in yollar\u0131 havaalan\u0131 yolu gibi olmaya ba\u015flad\u0131. Eme\u011fi ge\u00e7en t\u00fcm teknik arkada\u015flar\u0131m\u0131za te\u015fekk\u00fcr ediyoruz. Bu da bisiklete ilgiyi artt\u0131r\u0131yor. Ben daha \u00e7ok ta\u015f\u0131tla seyahat ederken bisiklet yollar\u0131nda bisiklet g\u00f6rmek isterim&#8221; ifadelerini kulland\u0131.<br \/>\n&#8220;\u0130zmir ve Konya&#8217;dan sonra T\u00fcrkiye&#8217;de 3. b\u00fcy\u00fck\u015fehir belediyesiyiz&#8221;<br \/>\n15 y\u0131ll\u0131k Bisiklet Master Plan\u0131 haz\u0131rland\u0131\u011f\u0131n\u0131 da s\u00f6zlerine ekleyen Ba\u015fkan Se\u00e7er, &#8220;G\u00fczel bir \u015fey yap\u0131ld\u0131. 15 y\u0131ll\u0131k Bisiklet Master Plan\u0131 haz\u0131rland\u0131. \u0130zmir ve Konya&#8217;dan sonra T\u00fcrkiye&#8217;de 3. b\u00fcy\u00fck\u015fehir belediyesiyiz. Bir projeksiyonunuz yoksa, bir plan\u0131n\u0131z yoksa rotu bo\u015falm\u0131\u015f araba gibi nereye gitti\u011finizi bilemezsiniz ama bir plan\u0131n\u0131z, bir projeksiyonunuz olursa ne yapt\u0131\u011f\u0131n\u0131z\u0131 da bilebilirsiniz ve bu plan i\u00e7erisindeki dahil etti\u011fimiz il\u00e7elerde de Bisikletli Turizm A\u011f\u0131 Plan\u0131&#8217;n\u0131 yapt\u0131k. Mersin nedir, iklimi nedir, topo\u011frafyas\u0131 nedir, co\u011frafyas\u0131 nedir, g\u00fcvenlik durumu nedir, sosyo-k\u00fclt\u00fcrel yap\u0131s\u0131 nedir? Buraya d\u00fcnyan\u0131n de\u011fi\u015fik yerlerinden gelecek olan insanlar burada ne ile kar\u015f\u0131la\u015facak? Farkl\u0131 bir \u015feyler g\u00f6rmek ister&#8221; diye belirtti.<br \/>\n&#8220;Turizmin geli\u015fmemesinde en \u00f6nemli fakt\u00f6r bilinmemezlik&#8221;<br \/>\nMersin&#8217;in muazzam tarihi, k\u00fclt\u00fcr\u00fc ve zenginli\u011fi olan bir kent oldu\u011funun alt\u0131n\u0131 \u00e7izen Ba\u015fkan Se\u00e7er, &#8220;Bunun i\u00e7in Bisikletli Turizm A\u011f\u0131 Plan\u0131 \u00f6nemli. Tarsus&#8217;un merkezi sadece bu hinterland\u0131n de\u011fil ya da bu \u00fclkenin de\u011fil, t\u00fcm d\u00fcnya co\u011frafyas\u0131nda en kadim yerle\u015fim yerlerinden biridir. Tarsus deyince 12 bin y\u0131l\u0131 konu\u015fuyorsunuz, 10 bin y\u0131l\u0131 konu\u015fuyorsunuz ve yerle\u015fik hayat olmu\u015f, medeniyet olmu\u015f, semavi dinler olmu\u015f, hepsi olmu\u015f. \u00d6\u011fretiler olmu\u015f, felsefe olmu\u015f, her \u015fey olmu\u015f Tarsus&#8217;ta. Biz bunlar\u0131 tan\u0131tam\u0131yoruz. \u0130\u015fte bu tip \u00e7al\u0131\u015fmalar \u00fclkenin tan\u0131t\u0131m\u0131na \u00e7ok \u00f6nemli fayda sa\u011flayacak \u00e7al\u0131\u015fmalar. Neden Mersin bilinmiyor? Neden T\u00fcrkiye&#8217;ye turist gelmiyor? Mutlaka bir\u00e7ok fakt\u00f6r var ama en \u00f6nemli fakt\u00f6rlerin ba\u015f\u0131nda da bilinmemezlik var. Yani sen \u00e7ok nadide bir \u00e7i\u00e7eksin, da\u011f\u0131n eteklerinde, Toroslar\u0131n eteklerinde ama senden kimsenin haberi yok gibi bir durum s\u00f6z konusu. Bu a\u00e7\u0131dan da \u00f6nemli oldu\u011funu d\u00fc\u015f\u00fcn\u00fcyorum&#8221; dedi.<br \/>\n&#8220;Yeni gelecek olan otob\u00fcslerin tamam\u0131nda bisiklet aparat\u0131 mevcut&#8221;<br \/>\nKentBis uygulamas\u0131 hakk\u0131nda da bilgi veren Ba\u015fkan Se\u00e7er, &#8220;\u015eehirde bisiklete olan ilgiyi artt\u0131rmak i\u00e7in KentBis uygulamas\u0131n\u0131 \u00f6nemsiyoruz.  \u015eu anda bizim 73 bin \u00fcyemiz var. Kart ta\u015f\u0131yor bu vatanda\u015flar ve o b\u00f6lgede 85 bisiklet, 6 istasyon ve 7 adet mini bak\u0131m istasyonumuz var. \u00d6zellikle sahil \u015feridinde ben de bisiklet kullan\u0131yorum, sabah sporlar\u0131na \u00e7\u0131k\u0131yorum haftan\u0131n belirli g\u00fcnleri. Son derece keyifli.  Bisiklet yollar\u0131nda baz\u0131 sorunlar ya\u015fan\u0131yor. Vatanda\u015flar\u0131m\u0131z zamanla buna adapte olacak&#8221; diye konu\u015ftu.<br \/>\nBa\u015fkan Se\u00e7er, Mersin&#8217;in uzun s\u00fcreli otob\u00fcs ihtiyac\u0131n\u0131 kar\u015f\u0131lad\u0131klar\u0131n\u0131 belirterek, &#8220;Di\u011fer taraftan bisikletlerin toplu ta\u015f\u0131ma ara\u00e7lar\u0131nda rahatl\u0131kla ta\u015f\u0131nmas\u0131 i\u00e7in de \u00e7aba sarf etmek laz\u0131m. Onun i\u00e7in de \u00f6zel aparatlar var. \u015eu anda mevcuttaki otob\u00fcslerin 25&#8217;inde var. 118 adet CNG&#8217;li limon otob\u00fcs\u00fcm\u00fcz daha geliyor ve bunlar\u0131n tamam\u0131nda bisiklet aparat\u0131 olacak. Zaten bizim 2029&#8217;a kadar otob\u00fcs ihtiyac\u0131m\u0131z kalmad\u0131 biliyorsunuz. Hepsini hallettik, bitirdik, ald\u0131k. \u015eapkadan tav\u015fan \u00e7\u0131kar\u0131yoruz g\u00f6rd\u00fc\u011f\u00fcn\u00fcz gibi. Bu kadar ekonomik sorunlar, bu kadar farkl\u0131 siyasal, b\u00fcrokratik sorunlar ama \u015fevkle, azimle \u00e7al\u0131\u015f\u0131nca do\u011fru zamanda, do\u011fru mek\u00e2nda, do\u011fru mecrada, do\u011fru i\u015fler yap\u0131nca g\u00fczel \u015feyler de olabiliyor demek ki&#8221; ifadelerini kulland\u0131.<br \/>\n&#8220;Bisiklet festivallerini \u00e7ok \u00f6nemsiyoruz&#8221;<br \/>\nFestivallerin farkl\u0131 b\u00f6lgelerdeki insanlar\u0131 bir araya getirme \u00f6zelli\u011fi oldu\u011funa dikkat \u00e7eken Ba\u015fkan Se\u00e7er, \u015f\u00f6yle devam etti:<br \/>\n&#8220;Bisiklet festivallerini \u00f6nemsiyoruz. Fark\u0131ndal\u0131k yaratmak, insanlar\u0131n bir araya gelmesini sa\u011flamak, \u00f6zellikle \u015fehir d\u0131\u015f\u0131ndan gelecek vatanda\u015flara, insanlara ya da d\u00fcnyan\u0131n farkl\u0131 yerlerinden bu festivallere kat\u0131lacak insanlara Mersin&#8217;i tan\u0131tmak a\u00e7\u0131s\u0131ndan muazzam bir katk\u0131 yap\u0131yor. Bir tanesi Mersin merkez, Erdemli ve Silifke&#8217;yi i\u00e7eren Caretta Bisiklet Festivali. Bir di\u011feri de ge\u00e7ti\u011fimiz g\u00fcnlerde benim de kat\u0131ld\u0131\u011f\u0131m birincisini yapt\u0131\u011f\u0131m\u0131z Tarsus Kleopatra Bisiklet Festivali. Bunlar her ge\u00e7en y\u0131l daha da renklenebilir. Burada konu\u015fmalar olacak. Fikir al\u0131\u015fveri\u015finde bulunulacak. G\u00f6rg\u00fcler ve deneyimler aktar\u0131lacak. Tarsus&#8217;ta ger\u00e7ekle\u015fen festivalin o g\u00fczelim \u015fehre ne kadar renk katt\u0131\u011f\u0131n\u0131 g\u00f6rd\u00fck. Misafirlerimiz orada belediyemize ait kampta kald\u0131 ve \u00e7ok mutlu ayr\u0131ld\u0131klar\u0131n\u0131 duydum. Onlar\u0131 konuk ettik, Berdan Nehri&#8217;nin kenar\u0131nda Gen\u00e7lik Kamp\u0131m\u0131zda. Muazzam \u015feyler bunlar. Kentimiz i\u00e7in bar\u0131\u015f, huzur b\u00f6yle olur. S\u00f6ylemle, hamasetle, kuru milliyet\u00e7ilikle olmuyor bu i\u015fler. Yani insanlara dokunacaks\u0131n\u0131z, gelecek, gidecek. Kentinizi tan\u0131yacak, sportif etkinlikler yapacaks\u0131n\u0131z. K\u00fclt\u00fcrel etkinlikler yapacaks\u0131n\u0131z. Bisiklet \u00e7ok y\u00f6nl\u00fc d\u00fc\u015f\u00fcn\u00fclebilir. Hani hem sa\u011fl\u0131kl\u0131 ya\u015fam i\u00e7in hem ekonomik bir ula\u015f\u0131m i\u00e7in hem \u00e7evre dostu, ama her \u015feyden \u00f6nemlisi insanlar\u0131 bir araya getirebilecek en \u00f6nemli etkinlik, sportif faaliyet, buna ne derseniz deyin. Onun i\u00e7in \u00e7ok \u00f6nemli bir u\u011fra\u015f alan\u0131 ya da hobi ya da sevgi alan\u0131 diye d\u00fc\u015f\u00fcn\u00fcyorum.&#8221;<br \/>\nBisiklet parklar\u0131 yayg\u0131nla\u015ft\u0131r\u0131lacak<br \/>\nBa\u015fkan Se\u00e7er, bisiklet kullan\u0131c\u0131lar\u0131 i\u00e7in park sorunlar\u0131n\u0131 da ortadan kald\u0131rmak istediklerini ifade ederek, &#8220;Bisiklet i\u00e7in otopark da laz\u0131m. Daha do\u011frusu bisiklet park da laz\u0131m otoparklar\u0131n i\u00e7erisinde. Biz bunu da d\u00fc\u015f\u00fcnd\u00fck. Bundan sonra yapaca\u011f\u0131m\u0131z otoparklarda bisikletlerin de park\u0131na yer verece\u011fiz. \u00c7ok yak\u0131n bir tarihte kullan\u0131ma a\u00e7aca\u011f\u0131m\u0131z 350 ara\u00e7l\u0131k Tevfik S\u0131rr\u0131 G\u00fcr Lisesi Katl\u0131 Otopark\u0131&#8217;nda bisiklet severleri de d\u00fc\u015f\u00fcnd\u00fck. 40 bisikletin ve motosikletin park edece\u011fi park yerini yapt\u0131k. Arabayla gelen de oraya arabas\u0131n\u0131 park edebilir ama bisiklet,  motosiklet ile gelen de park edebilir&#8221; dedi.<br \/>\nMetro istasyonlar\u0131nda da bisiklet parklar\u0131 yer alacak<br \/>\nBa\u015fkan Se\u00e7er, in\u015faat\u0131 devam eden metro istasyonlar\u0131nda da otopark plan\u0131 yapt\u0131klar\u0131n\u0131 s\u00f6yledi. Se\u00e7er, &#8220;Metro istasyonlar\u0131m\u0131zda da 1600 ara\u00e7l\u0131k otopark plan\u0131m\u0131z var. Proje i\u00e7erisine koyduk zaten. \u0130stasyonlar\u0131m\u0131z\u0131n 4&#8217;\u00fcnde 240 bisiklet, 106 motosikletin parklanma yapabilece\u011fi alanlar\u0131 da ay\u0131rd\u0131k. \u00c7\u00fcnk\u00fc bizim Metro projesinde istasyonlarda otopark da var. \u0130nsanlar Mezitli&#8217;den merkeze gelmek istiyor. Mezitli&#8217;de arabas\u0131ndan insin metronun otopark\u0131na park etsin, metroya binsin, buraya gelsin&#8221; dedi.<br \/>\n\u00d6zenir: &#8220;Bu \u00e7al\u0131\u015fman\u0131n Mersinimizin var olan de\u011ferine de\u011fer katmas\u0131n\u0131 \u00fcmit ediyorum&#8221;<br \/>\nT\u00fcm Bisiklet Dernekleri Federasyonu Ba\u015fkan Yard\u0131mc\u0131s\u0131 Ahmet Salih \u00d6zenir ise, &#8220;Mersin B\u00fcy\u00fck\u015fehir Belediyesi b\u00fcnyesindeki MEDEKA Turizm Komitemizin projesi olarak hayata ge\u00e7irdi\u011fimiz bu \u00e7al\u0131\u015fmada Mersin&#8217;in yak\u0131n zamanda ger\u00e7ekle\u015ftirdi\u011fi g\u00fcvenli bisiklet yolu ile bisikletli ula\u015f\u0131m hamlesini birka\u00e7 ad\u0131m daha ileriye ta\u015f\u0131maya yard\u0131mc\u0131 olmaya, var olan vizyonuna ve belirlenmekte olan stratejilere katk\u0131 sunmak istiyoruz. Bunu ye\u015fil d\u00f6n\u00fc\u015f\u00fcm\u00fcn ba\u015flad\u0131\u011f\u0131, karbon ayak izinin azalt\u0131lmaya \u00e7al\u0131\u015f\u0131ld\u0131\u011f\u0131 bir s\u00fcre\u00e7te kolayla\u015ft\u0131r\u0131c\u0131 bir hamle olarak \u00f6neriyoruz \u015fehrimize. Bu \u00e7al\u0131\u015fman\u0131n Mersinimizin var olan de\u011ferine de\u011fer katmas\u0131n\u0131 \u00fcmit ediyorum&#8221; dedi.<br \/>\n2. g\u00fcn\u00fcnde saha \u00e7al\u0131\u015fmas\u0131 ile devam edecek<br \/>\n28-29 Haziran tarihlerinde ger\u00e7ekle\u015ftirilecek program kapsam\u0131nda konu\u015fmalar\u0131n ard\u0131ndan Feridun Ekmekci taraf\u0131ndan &#8216;EuroVelo Avrupa Bisiklet Rotalar\u0131 A\u011f\u0131&#8217;, &#8216;Bisiklet Stratejileri ve Uluslararas\u0131 Kampanyalar&#8217; hakk\u0131nda bilgiler verdi. Mersin B\u00fcy\u00fck\u015fehir Belediyesi&#8217;nin ilgili birimleri taraf\u0131ndan yap\u0131lan sunumda da mevcut durum ve planl\u0131 \u00e7al\u0131\u015fmalar hakk\u0131nda bilgiler verildikten sonra t\u00fcm kat\u0131l\u0131mc\u0131lar\u0131n kat\u0131l\u0131m\u0131yla soru-cevap yap\u0131ld\u0131.<br \/>\nYine Feridun Ekmekci taraf\u0131ndan &#8216;EuroVelo S\u00fcrecinin Akt\u00f6rleri&#8217; hakk\u0131nda kat\u0131l\u0131mc\u0131lar bilgilendirilirken, Adnan Cangir, &#8216;Bisiklet Stratejileri \u2013 Uluslararas\u0131 A\u011flar&#8217;, Feridun Ekmekci de &#8216;Uluslararas\u0131 Kampanyalar Erasmus, Sport Projeleri&#8217; hakk\u0131nda konu\u015ftu. 29 Haziran \u00c7ar\u015famba g\u00fcn\u00fc de Mersin saha \u00e7al\u0131\u015fmas\u0131 kapsam\u0131nda istekli kat\u0131l\u0131mc\u0131lar e\u015fli\u011finde 30 kilometrelik Mersin bisiklet yolu ve okul yolu s\u00fcr\u00fc\u015f\u00fc yap\u0131lacak. Ard\u0131ndan Tarsus saha \u00e7al\u0131\u015fmas\u0131 yap\u0131ld\u0131ktan sonra da ofis \u00e7al\u0131\u015fmas\u0131 kapsam\u0131nda teknik rapor haz\u0131rl\u0131\u011f\u0131 ve g\u00f6r\u00fc\u015f \u00f6neriler tamamlanarak program sona erecek.<\/p>\n","protected":false},"excerpt":{"rendered":"<p>Mersin B\u00fcy\u00fck\u015fehir Belediye Ba\u015fkan\u0131 Vahap Se\u00e7er, Mersin B\u00fcy\u00fck\u015fehir Belediyesi taraf\u0131ndan d\u00fczenlenen &#8216;EuroVelo-Avrupa Bisiklet Rotalar\u0131 A\u011f\u0131 Bisiklet Stratejileri ve Saha \u00c7al\u0131\u015fmas\u0131 Program\u0131&#8217;n\u0131n a\u00e7\u0131l\u0131\u015f\u0131na kat\u0131ld\u0131. Mersin B\u00fcy\u00fck\u015fehir Belediyesi Kongre ve Sergi Saray\u0131 &hellip; <a href=\"https:\/\/akdenizolaygazetesi.com\/?p=19536\" class=\"more-link\">Devam\u0131n\u0131 Oku&#8230;<\/a><\/p>\n","protected":false},"author":2,"featured_media":19537,"comment_status":"open","ping_status":"open","sticky":false,"template":"","format":"standard","meta":[],"categories":[2,3,10],"tags":[],"_links":{"self":[{"href":"https:\/\/akdenizolaygazetesi.com\/index.php?rest_route=\/wp\/v2\/posts\/19536"}],"collection":[{"href":"https:\/\/akdenizolaygazetesi.com\/index.php?rest_route=\/wp\/v2\/posts"}],"about":[{"href":"https:\/\/akdenizolaygazetesi.com\/index.php?rest_route=\/wp\/v2\/types\/post"}],"author":[{"embeddable":true,"href":"https:\/\/akdenizolaygazetesi.com\/index.php?rest_route=\/wp\/v2\/users\/2"}],"replies":[{"embeddable":true,"href":"https:\/\/akdenizolaygazetesi.com\/index.php?rest_route=%2Fwp%2Fv2%2Fcomments&post=19536"}],"version-history":[{"count":1,"href":"https:\/\/akdenizolaygazetesi.com\/index.php?rest_route=\/wp\/v2\/posts\/19536\/revisions"}],"predecessor-version":[{"id":19538,"href":"https:\/\/akdenizolaygazetesi.com\/index.php?rest_route=\/wp\/v2\/posts\/19536\/revisions\/19538"}],"wp:featuredmedia":[{"embeddable":true,"href":"https:\/\/akdenizolaygazetesi.com\/index.php?rest_route=\/wp\/v2\/media\/19537"}],"wp:attachment":[{"href":"https:\/\/akdenizolaygazetesi.com\/index.php?rest_route=%2Fwp%2Fv2%2Fmedia&parent=19536"}],"wp:term":[{"taxonomy":"category","embeddable":true,"href":"https:\/\/akdenizolaygazetesi.com\/index.php?rest_route=%2Fwp%2Fv2%2Fcategories&post=19536"},{"taxonomy":"post_tag","embeddable":true,"href":"https:\/\/akdenizolaygazetesi.com\/index.php?rest_route=%2Fwp%2Fv2%2Ftags&post=19536"}],"curies":[{"name":"wp","href":"https:\/\/api.w.org\/{rel}","templated":true}]}}