{"id":1954,"date":"2020-11-04T18:22:28","date_gmt":"2020-11-04T15:22:28","guid":{"rendered":"http:\/\/mersinekonomipolitikagazetesi.com\/?p=1954"},"modified":"2020-11-04T18:22:28","modified_gmt":"2020-11-04T15:22:28","slug":"baskan-yilmaz-sehit-ve-gazi-aileleriyle-iftarda-bulustu","status":"publish","type":"post","link":"https:\/\/akdenizolaygazetesi.com\/?p=1954","title":{"rendered":"Ba\u015fkan Y\u0131lmaz, \u015fehit ve gazi aileleriyle iftarda bulu\u015ftu"},"content":{"rendered":"<p>Mersin Mut Belediye Ba\u015fkan\u0131 Nebi Y\u0131lmaz, \u015fehit aileleri, gaziler ve gazi aileleri ile iftar yeme\u011finde bir araya geldi.<\/p>\n<p><span style=\"font-size:16px;\"><span style=\"font-family: sans-serif; line-height: 20px; text-align: justify; background-color: rgb(242, 244, 245);\">D\u00fczenledikleri iftar yeme\u011finde \u015fehit aileleri, gaziler ve gazi aileleriyle bir araya gelen Ba\u015fkan Y\u0131lmaz davetliler ile yak\u0131ndan ilgilenerek tek tek sohbet etti.\u00a0<\/span><br style=\"box-sizing: border-box; font-family: sans-serif; font-size: 14px; line-height: 20px; text-align: justify; background-color: rgb(242, 244, 245);\" \/><br \/>\n<span style=\"font-family: sans-serif; line-height: 20px; text-align: justify; background-color: rgb(242, 244, 245);\">\u0130ftar yeme\u011fi \u00f6ncesi konu\u015fan Ba\u015fkan Y\u0131lmaz, Ramazan ay\u0131n\u0131n birlik, beraberlik ve karde\u015flik anlam\u0131na geldi\u011fine vurgu yaparak &#8220;Burada \u00e7ok de\u011ferli \u015fehit ailelerimiz, gazilerimiz ve aileleri var. Vatan\u0131m\u0131z i\u00e7in canlar\u0131n\u0131 feda eden \u015fehitlerimizin mekanlar\u0131 cennet olsun diyor, gazilerimize minnet ve \u015f\u00fckran sunuyoruz. Ramazan dolays\u0131yla tuttu\u011fumuz oru\u00e7lar\u0131n Rabbimizin izzet-i dergah\u0131nda kabul olmas\u0131n\u0131 cenab\u0131 Allah\u2019tan niyaz ediyorum. Hepinizi sayg\u0131yla selaml\u0131yorum\u201d dedi.\u00a0<\/span><br style=\"box-sizing: border-box; font-family: sans-serif; font-size: 14px; line-height: 20px; text-align: justify; background-color: rgb(242, 244, 245);\" \/><br \/>\n<span style=\"font-family: sans-serif; line-height: 20px; text-align: justify; background-color: rgb(242, 244, 245);\">\u0130ftar program\u0131na kat\u0131lan \u015fehit aileleri ve gaziler, Ba\u015fkan Y\u0131lmaz\u2019a daveti nedeniyle te\u015fekk\u00fcr etti.\u00a0<\/span><br style=\"box-sizing: border-box; font-family: sans-serif; font-size: 14px; line-height: 20px; text-align: justify; background-color: rgb(242, 244, 245);\" \/><br \/>\n<span style=\"font-family: sans-serif; line-height: 20px; text-align: justify; background-color: rgb(242, 244, 245);\">Belediye taraf\u0131ndan bir restoranda d\u00fczenledi\u011fi iftar program\u0131na Mut Kaymakam\u0131 Mehmet Ali Aky\u00fcz, Mut \u00dclk\u00fc Oca\u011f\u0131 Ba\u015fkan\u0131 Soner K\u0131r, daire amirleri, \u015fehit aileleri, gaziler ve gazi aileleri kat\u0131ld\u0131.\u00a0<\/span><\/span><\/p>\n","protected":false},"excerpt":{"rendered":"<p>Mersin Mut Belediye Ba\u015fkan\u0131 Nebi Y\u0131lmaz, \u015fehit aileleri, gaziler ve gazi aileleri ile iftar yeme\u011finde bir araya geldi. D\u00fczenledikleri iftar yeme\u011finde \u015fehit aileleri, gaziler ve gazi aileleriyle bir araya gelen &hellip; <a href=\"https:\/\/akdenizolaygazetesi.com\/?p=1954\" class=\"more-link\">Devam\u0131n\u0131 Oku&#8230;<\/a><\/p>\n","protected":false},"author":1,"featured_media":0,"comment_status":"open","ping_status":"open","sticky":false,"template":"","format":"standard","meta":[],"categories":[],"tags":[],"_links":{"self":[{"href":"https:\/\/akdenizolaygazetesi.com\/index.php?rest_route=\/wp\/v2\/posts\/1954"}],"collection":[{"href":"https:\/\/akdenizolaygazetesi.com\/index.php?rest_route=\/wp\/v2\/posts"}],"about":[{"href":"https:\/\/akdenizolaygazetesi.com\/index.php?rest_route=\/wp\/v2\/types\/post"}],"author":[{"embeddable":true,"href":"https:\/\/akdenizolaygazetesi.com\/index.php?rest_route=\/wp\/v2\/users\/1"}],"replies":[{"embeddable":true,"href":"https:\/\/akdenizolaygazetesi.com\/index.php?rest_route=%2Fwp%2Fv2%2Fcomments&post=1954"}],"version-history":[{"count":0,"href":"https:\/\/akdenizolaygazetesi.com\/index.php?rest_route=\/wp\/v2\/posts\/1954\/revisions"}],"wp:attachment":[{"href":"https:\/\/akdenizolaygazetesi.com\/index.php?rest_route=%2Fwp%2Fv2%2Fmedia&parent=1954"}],"wp:term":[{"taxonomy":"category","embeddable":true,"href":"https:\/\/akdenizolaygazetesi.com\/index.php?rest_route=%2Fwp%2Fv2%2Fcategories&post=1954"},{"taxonomy":"post_tag","embeddable":true,"href":"https:\/\/akdenizolaygazetesi.com\/index.php?rest_route=%2Fwp%2Fv2%2Ftags&post=1954"}],"curies":[{"name":"wp","href":"https:\/\/api.w.org\/{rel}","templated":true}]}}