{"id":19542,"date":"2022-06-29T12:34:02","date_gmt":"2022-06-29T09:34:02","guid":{"rendered":"http:\/\/akdenizolaygazetesi.com\/?p=19542"},"modified":"2022-06-29T12:34:02","modified_gmt":"2022-06-29T09:34:02","slug":"mersin-buyuksehirin-ozel-gereksinimli-bireylere-yonelik-duyu-butunleme-terapisi-devam-ediyor","status":"publish","type":"post","link":"https:\/\/akdenizolaygazetesi.com\/?p=19542","title":{"rendered":"MERS\u0130N B\u00dcY\u00dcK\u015eEH\u0130R&#8217;\u0130N \u00d6ZEL GEREKS\u0130N\u0130ML\u0130 B\u0130REYLERE Y\u00d6NEL\u0130K &#8216;DUYU B\u00dcT\u00dcNLEME TERAP\u0130S\u0130&#8217; DEVAM ED\u0130YOR"},"content":{"rendered":"<p>Mersin B\u00fcy\u00fck\u015fehir Belediyesi Sa\u011fl\u0131k \u0130\u015fleri Dairesi&#8217;nin \u00f6zel gereksinimli bireylere y\u00f6nelik &#8216;Duyu B\u00fct\u00fcnleme Terapisi&#8217; devam ediyor. B\u00fcy\u00fck\u015fehir Belediyesi bu proje ile \u00f6zel gereksinimli bireyler i\u00e7in kritik \u00f6nem ta\u015f\u0131yan, yo\u011fun \u015fekilde e\u011fitim ve terapi almalar\u0131 gereken erken \u00e7ocukluk d\u00f6nemini terapisel anlamda destekliyor.<br \/>\nBilimsel ge\u00e7erlili\u011fi y\u00fcksek olan ve uygulay\u0131c\u0131s\u0131 az olan bu terapi y\u00f6ntemine her engel grubundan ve sosyo-ekonomik d\u00fczeyden bireyler ula\u015fabiliyor. B\u00fcy\u00fck\u015fehir&#8217;in &#8216;Duyu B\u00fct\u00fcnleme Terapisi&#8217;nden aktif olarak toplam 35 \u00f6\u011frenci faydalan\u0131yor ve \u00e7ocuklar 12 seans takip ediliyor.<br \/>\nAileler de s\u00fcrece d\u00e2hil ediliyor<br \/>\nSa\u011fl\u0131k \u0130\u015fleri Dairesi b\u00fcnyesindeki Engelsiz Ya\u015fam Merkezi&#8217;nde uygulanan &#8216;\u00d6zel Gereksinimli Bireylere Y\u00f6nelik Duyu B\u00fct\u00fcnleme Terapisi Projesi&#8217; ile Akdeniz, Mezitli, Toroslar, Yeni\u015fehir ve Tarsus il\u00e7esinde ikamet eden 0-7 ya\u015f aras\u0131 tan\u0131s\u0131 konulmu\u015f zihinsel, bedensel, i\u015fitsel ve g\u00f6rme engeli bulunan bireylere y\u00f6nelik \u00f6zel olarak olu\u015fturulan, bireye \u00f6zg\u00fc terapi protokollerinin ba\u015flat\u0131lmas\u0131, \u00f6zel gereksinimli aile bireyinin sorunlar\u0131n\u0131n anla\u015f\u0131lmas\u0131 i\u00e7in bilgilendirilmeler yap\u0131lmas\u0131 ve terapi s\u00fcreklili\u011fi i\u00e7in ailenin bilin\u00e7lendirilip ev \u00f6devleri verilmesiyle s\u00fcrece dahil ediliyor. B\u00f6ylece erken d\u00f6nem \u00e7ocuklukta hayati \u00f6nem ta\u015f\u0131yan yo\u011fun terapi s\u00fcresi desteklenirken, aileler de s\u00fcre\u00e7 i\u00e7inde yer alma f\u0131rsat\u0131 buluyor.<br \/>\n&#8220;Multidisipliner bak\u0131\u015f a\u00e7\u0131s\u0131n\u0131 i\u015fimize katmay\u0131 hedefliyoruz&#8221;<br \/>\nSa\u011fl\u0131k \u0130\u015fleri Dairesi Ba\u015fkanl\u0131\u011f\u0131&#8217;nda g\u00f6revli Fizyoterapist, Duyu B\u00fct\u00fcnleme ve Ergoterapi Birimi Sorumlusu Bilge Y\u0131ld\u0131r\u0131m, &#8220;Duyu B\u00fct\u00fcnleme Terapisi, \u00e7ocuklar\u0131n \u00e7evrelerinden gelen uyaranlar\u0131 almas\u0131 ve onlara uygun adaptif cevaplar \u00e7\u0131karmas\u0131d\u0131r. Bu terapi y\u00f6ntemi ba\u015fta otizm olmak \u00fczere n\u00f6rogeli\u015fimsel problemlerde uygulanan bir terapi y\u00f6ntemidir. Bu terapi y\u00f6ntemi \u00e7ocuklar\u0131n ula\u015f\u0131labilirli\u011finin \u00e7ok az oldu\u011fu bir terapi y\u00f6ntemi. \u00c7\u00fcnk\u00fc \u00e7ok fazla uzman yok bu konuda. Bizim birimimiz de \u00f6ncesinde \u00e7ok fazla talep almaktayd\u0131 bu konuda. Biz de o y\u00fczden ekibimizi geni\u015flettik. Bir psikolog arkada\u015f\u0131m\u0131z ve bir ergoterapist arkada\u015f\u0131m\u0131zla art\u0131k hizmet vermekteyiz. Biz burada bunu yaparak multidisipliner bak\u0131\u015f a\u00e7\u0131s\u0131n\u0131 i\u015fimize katmay\u0131 hedefliyoruz. Burada ilk geldi\u011fi zaman \u00e7ocuklar\u0131m\u0131z psikolog taraf\u0131ndan de\u011ferlendiriliyor. Onun bize yol \u00e7izmesi ile birlikte geli\u015fim alanlar\u0131na bakarak tedavi programlar\u0131n\u0131 planl\u0131yoruz. Yakla\u015f\u0131k 12 seans s\u00fcren bu programlar\u0131m\u0131zda ergoterapistimiz ve ben uygulay\u0131c\u0131 olarak bulunmaktay\u0131m. \u00c7ocuklar\u0131m\u0131z bu sayede multidisipliner \u00e7ok y\u00f6nl\u00fc bir bak\u0131\u015f a\u00e7\u0131s\u0131yla buradan e\u011fitim almaktad\u0131r&#8221; dedi.<br \/>\n&#8220;\u00c7ocuklar\u0131m\u0131za burada \u00fccretsiz olarak Duyu B\u00fct\u00fcnleme Terapisi hizmeti sunuyoruz&#8221;<br \/>\nEngelsiz Ya\u015fam Merkezi&#8217;nde Ergoterapist olarak g\u00f6rev yapan Ye\u015fim Demir Kozan, &#8220;Burada 0-7 ya\u015f aras\u0131, ba\u015fta otizm olmak \u00fczere t\u00fcm engelli grubu \u00e7ocuklar\u0131m\u0131za bire bir de\u011ferlendirme yap\u0131yoruz ve ard\u0131ndan birebir bir m\u00fcdahale program\u0131 olu\u015fturarak \u00e7ocuklar\u0131m\u0131za burada \u00fccretsiz olarak Duyu B\u00fct\u00fcnleme Terapisi hizmeti sunuyoruz. Burada duyusal de\u011ferlendirme ile birlikte duysal problem ya\u015fayan \u00e7ocuklar\u0131m\u0131z\u0131n zorluklar\u0131n\u0131 tespit ederek, ard\u0131ndan bir ergoterapist olarak onlar\u0131n g\u00fcnl\u00fck ya\u015famda ya\u015fad\u0131\u011f\u0131 zorluklar\u0131 ele alarak, maksimum ba\u011f\u0131ms\u0131zl\u0131\u011f\u0131 elde etmeleri ve sosyal hayata kat\u0131l\u0131mlar\u0131n\u0131 artt\u0131rmaya \u00e7al\u0131\u015f\u0131yoruz. Ya\u015fad\u0131klar\u0131 zorluklarla ba\u011f\u0131ms\u0131zl\u0131klar\u0131n\u0131 kaybettikleri i\u00e7in onlar\u0131 sosyal hayata kat\u0131yoruz. B\u00f6ylece ba\u011f\u0131ms\u0131z birer birey olmalar\u0131n\u0131 sa\u011fl\u0131yoruz. Ba\u011f\u0131ms\u0131z birey demekle asl\u0131nda, sosyal hayata maksimum \u015fekilde kat\u0131l\u0131m g\u00f6stererek ki\u015finin toplumda yer edinmesini sa\u011fl\u0131yoruz. B\u00f6ylece bir b\u00fct\u00fcn olmay\u0131 sa\u011fl\u0131yoruz&#8221; diye konu\u015ftu.<br \/>\n&#8220;\u00c7ocuklar\u0131m\u0131z duyu b\u00fct\u00fcnleme hizmetinden yararlan\u0131rken ailelerimizle bireysel g\u00f6r\u00fc\u015fmeler yapmaktay\u0131m&#8221;<br \/>\nEngelsiz Ya\u015fam Merkezi&#8217;nde psikolog olarak g\u00f6rev yapan Dila Aslan,  &#8220;Burada 0-7 ya\u015f aras\u0131 \u00e7ocuklar\u0131m\u0131z\u0131n dil becerilerine, motor becerilerine, sosyal becerilerine y\u00f6nelik geli\u015fimsel de\u011ferlendirme uygulamaktay\u0131m. Ayn\u0131 zamanda ekip arkada\u015flar\u0131mla birlikte multidisipliner bak\u0131\u015f a\u00e7\u0131s\u0131yla \u00e7ocu\u011fa uygun olan geli\u015fimsel \u00f6nerilerde bulunmaktay\u0131z. Bunun yan\u0131nda bu s\u00fcre\u00e7te ailelerimizin psikolojik destek almalar\u0131 olduk\u00e7a \u00f6nemli. Bundan dolay\u0131, \u00e7ocuklar\u0131m\u0131z duyu b\u00fct\u00fcnleme hizmetinden yararlan\u0131rken, ailelerimizle de bireysel g\u00f6r\u00fc\u015fmeler yapmaktay\u0131m&#8221; ifadelerini kulland\u0131.<br \/>\nDuyu B\u00fct\u00fcnleme hakk\u0131nda&#8230;<br \/>\nDuyu B\u00fct\u00fcnleme, bireylerin \u00e7evresinden gelen bilgileri do\u011fru i\u015flemlemesi ve organize etmesidir. N\u00f6rogeli\u015fimsel problemleri olan, d\u00fc\u015f\u00fck do\u011fum a\u011f\u0131rl\u0131\u011f\u0131 olan ve premat\u00fcre \u00f6yk\u00fcs\u00fc olan bireylerde duyular\u0131n i\u015flemlenmesi s\u00fcrecinde problemler g\u00f6r\u00fcl\u00fcr. Bu problemler denge problemleri, davran\u0131\u015f problemleri, kalem tutma becerisindeki zay\u0131fl\u0131klar, okuma ve yazma ile ilgili problemler, hiperaktivite, g\u00f6z temas\u0131 s\u00fcresinde k\u0131sal\u0131k, dikkat da\u011f\u0131n\u0131kl\u0131\u011f\u0131, yeme problemleri, motor koordinasyon ve planlama problemleri gibi \u00e7ok \u00e7e\u015fitli alanlarda olabilir. Duyu b\u00fct\u00fcnleme terapisi otizm ba\u015fta olmak \u00fczere n\u00f6rogeli\u015fimsel problemlerin tedavisinde etkili bir terapi y\u00f6ntemidir. \u00d6zel olarak olu\u015fturulmu\u015f zenginle\u015ftirilmi\u015f ortam i\u00e7eren s\u0131n\u0131flarda bu alanda lisans sonras\u0131 e\u011fitimler alm\u0131\u015f fizyoterapist veya ergoterapistler e\u015fli\u011finde bireysel olarak oyunlar ile etkile\u015fim \u00fczerinde durularak uygulan\u0131r.<\/p>\n","protected":false},"excerpt":{"rendered":"<p>Mersin B\u00fcy\u00fck\u015fehir Belediyesi Sa\u011fl\u0131k \u0130\u015fleri Dairesi&#8217;nin \u00f6zel gereksinimli bireylere y\u00f6nelik &#8216;Duyu B\u00fct\u00fcnleme Terapisi&#8217; devam ediyor. B\u00fcy\u00fck\u015fehir Belediyesi bu proje ile \u00f6zel gereksinimli bireyler i\u00e7in kritik \u00f6nem ta\u015f\u0131yan, yo\u011fun \u015fekilde e\u011fitim &hellip; <a href=\"https:\/\/akdenizolaygazetesi.com\/?p=19542\" class=\"more-link\">Devam\u0131n\u0131 Oku&#8230;<\/a><\/p>\n","protected":false},"author":2,"featured_media":19543,"comment_status":"open","ping_status":"open","sticky":false,"template":"","format":"standard","meta":[],"categories":[1,2,3],"tags":[],"_links":{"self":[{"href":"https:\/\/akdenizolaygazetesi.com\/index.php?rest_route=\/wp\/v2\/posts\/19542"}],"collection":[{"href":"https:\/\/akdenizolaygazetesi.com\/index.php?rest_route=\/wp\/v2\/posts"}],"about":[{"href":"https:\/\/akdenizolaygazetesi.com\/index.php?rest_route=\/wp\/v2\/types\/post"}],"author":[{"embeddable":true,"href":"https:\/\/akdenizolaygazetesi.com\/index.php?rest_route=\/wp\/v2\/users\/2"}],"replies":[{"embeddable":true,"href":"https:\/\/akdenizolaygazetesi.com\/index.php?rest_route=%2Fwp%2Fv2%2Fcomments&post=19542"}],"version-history":[{"count":1,"href":"https:\/\/akdenizolaygazetesi.com\/index.php?rest_route=\/wp\/v2\/posts\/19542\/revisions"}],"predecessor-version":[{"id":19544,"href":"https:\/\/akdenizolaygazetesi.com\/index.php?rest_route=\/wp\/v2\/posts\/19542\/revisions\/19544"}],"wp:featuredmedia":[{"embeddable":true,"href":"https:\/\/akdenizolaygazetesi.com\/index.php?rest_route=\/wp\/v2\/media\/19543"}],"wp:attachment":[{"href":"https:\/\/akdenizolaygazetesi.com\/index.php?rest_route=%2Fwp%2Fv2%2Fmedia&parent=19542"}],"wp:term":[{"taxonomy":"category","embeddable":true,"href":"https:\/\/akdenizolaygazetesi.com\/index.php?rest_route=%2Fwp%2Fv2%2Fcategories&post=19542"},{"taxonomy":"post_tag","embeddable":true,"href":"https:\/\/akdenizolaygazetesi.com\/index.php?rest_route=%2Fwp%2Fv2%2Ftags&post=19542"}],"curies":[{"name":"wp","href":"https:\/\/api.w.org\/{rel}","templated":true}]}}