{"id":19545,"date":"2022-06-29T12:49:48","date_gmt":"2022-06-29T09:49:48","guid":{"rendered":"http:\/\/akdenizolaygazetesi.com\/?p=19545"},"modified":"2022-06-29T12:49:48","modified_gmt":"2022-06-29T09:49:48","slug":"yenisehirliler-7den-77ye-bir-arada","status":"publish","type":"post","link":"https:\/\/akdenizolaygazetesi.com\/?p=19545","title":{"rendered":"Yeni\u015fehirliler 7\u2019den 77\u2019ye bir arada"},"content":{"rendered":"<p>Mersin Yeni\u015fehir Belediyesi, pandemi s\u00fcrecinde soka\u011f\u0131 \u00e7\u0131kma k\u0131s\u0131tlamalar\u0131ndan dolay\u0131 evlerinde kalan ve sosyalle\u015fme imk\u00e2n\u0131 bulamayan \u00e7ocuklar ve ya\u015f alm\u0131\u015f vatanda\u015flar i\u00e7in \u201c7\u2019den 77\u2019ye Bir Araday\u0131z\u201d etkinli\u011fi d\u00fczenledi.<br \/>\nYeni\u015fehir Belediyesi Sosyal Destek Hizmetleri M\u00fcd\u00fcrl\u00fc\u011f\u00fc \u201c7\u2019den 77\u2019ye Bir Araday\u0131z\u201d etkinli\u011fiyle \u00e7ocuklar\u0131 ve ya\u015f alm\u0131\u015f vatanda\u015flar\u0131 e\u011fitici ve e\u011flenceli aktivitelerle bulu\u015fturdu. Yeni\u015fehir Belediyesi ana hizmet binas\u0131 i\u00e7erisinde bulunan Yeni\u015fehir Belediyesi Nik\u00e2h ve Konferans Salonu\u2019nda ger\u00e7ekle\u015fen etkinlikte Org\u00fcl M\u00fczik ve Sanat At\u00f6lyesi \u00c7ocuk Orkestras\u0131 birbirinden g\u00fczel eserleri izleyiciler i\u00e7in seslendirdi. Berivan F\u0131rat Sanat At\u00f6lyesi, Karaca Art ve Pir Sanat At\u00f6lyesi e\u011fitmenleri taraf\u0131ndan verilen ebru sanat\u0131, tuval \u00fczerine ya\u011fl\u0131 boya ve \u00e7amur etkinli\u011finde \u00e7ocuklar ve ya\u015f alm\u0131\u015f vatanda\u015flar birlikte resim \u00e7izdi, \u00e7amurdan heykeller yapt\u0131. 7\u2019den 77\u2019ye Bir Araday\u0131z etkinli\u011finde ayr\u0131ca Psikolog Ebru \u0130zgi taraf\u0131ndan\u201cPandeminin \u00e7ocuklar ve ya\u015fl\u0131lar \u00fczerindeki etkileri\u201d ile ilgili sunum yap\u0131ld\u0131 ve Neslihan Gerim ise kat\u0131l\u0131mc\u0131lara nefes terapisie\u011fitimleri verdi.<br \/>\nBa\u015fkan \u00d6zyi\u011fit, \u201cBirlikte olmaya, dayan\u0131\u015fmaya ve payla\u015fmaya \u00e7ok ihtiyac\u0131m\u0131z var.\u201d<br \/>\nMersin Yeni\u015fehir Belediye Ba\u015fkan\u0131 Abdullah \u00d6zyi\u011fit de etkinlikte \u00e7ocuklar ve vatanda\u015flarla bulu\u015ftu. Hem\u015fehrilik duygusunun en \u00fcst d\u00fczeye \u00e7\u0131kmas\u0131 i\u00e7in \u00e7al\u0131\u015fmaya devam edeceklerini kaydeden Ba\u015fkan \u00d6zyi\u011fit, \u201cPandemi s\u00fcrecini b\u00fcy\u00fck \u00f6l\u00e7\u00fcde atlatt\u0131k, salg\u0131n\u0131n tekrar geri gelmemesi en b\u00fcy\u00fck dile\u011fimiz. Bu t\u00fcr etkinliklerde bir araya gelmek ve bulu\u015fmak i\u00e7in pandemi nedeniyle \u00e7ok zaman kaybettik. Bug\u00fcn burada olmak, \u00e7ocuklar\u0131m\u0131z\u0131n ve ya\u015f alm\u0131\u015f hem\u015fehrilerimizin bulu\u015fmas\u0131 bizi de \u00e7ok mutlu etti. Bizim birlikte olmaya, dayan\u0131\u015fmaya ve payla\u015fmaya \u00e7ok ihtiyac\u0131m\u0131z var. Yeni\u015fehir\u2019imizde bu birlik ve beraberli\u011fimiz devam edecek. Hem\u015fehrilik duygusunun en \u00fcst d\u00fczeye \u00e7\u0131kmas\u0131 i\u00e7in de \u00e7al\u0131\u015fmalar\u0131m\u0131z\u0131 s\u00fcrd\u00fcr\u00fclece\u011fiz. Etkinli\u011fimize kat\u0131lan ve destek sunan t\u00fcm dostlar\u0131m\u0131za te\u015fekk\u00fcr ediyorum.\u201difadelerini kulland\u0131. Ba\u015fkan \u00d6zyi\u011fit, etkinli\u011fe kat\u0131lan \u00e7ocuklara kitap setleri de hediye etti. <\/p>\n","protected":false},"excerpt":{"rendered":"<p>Mersin Yeni\u015fehir Belediyesi, pandemi s\u00fcrecinde soka\u011f\u0131 \u00e7\u0131kma k\u0131s\u0131tlamalar\u0131ndan dolay\u0131 evlerinde kalan ve sosyalle\u015fme imk\u00e2n\u0131 bulamayan \u00e7ocuklar ve ya\u015f alm\u0131\u015f vatanda\u015flar i\u00e7in \u201c7\u2019den 77\u2019ye Bir Araday\u0131z\u201d etkinli\u011fi d\u00fczenledi. Yeni\u015fehir Belediyesi Sosyal &hellip; <a href=\"https:\/\/akdenizolaygazetesi.com\/?p=19545\" class=\"more-link\">Devam\u0131n\u0131 Oku&#8230;<\/a><\/p>\n","protected":false},"author":2,"featured_media":19546,"comment_status":"open","ping_status":"open","sticky":false,"template":"","format":"standard","meta":[],"categories":[2,3,5],"tags":[],"_links":{"self":[{"href":"https:\/\/akdenizolaygazetesi.com\/index.php?rest_route=\/wp\/v2\/posts\/19545"}],"collection":[{"href":"https:\/\/akdenizolaygazetesi.com\/index.php?rest_route=\/wp\/v2\/posts"}],"about":[{"href":"https:\/\/akdenizolaygazetesi.com\/index.php?rest_route=\/wp\/v2\/types\/post"}],"author":[{"embeddable":true,"href":"https:\/\/akdenizolaygazetesi.com\/index.php?rest_route=\/wp\/v2\/users\/2"}],"replies":[{"embeddable":true,"href":"https:\/\/akdenizolaygazetesi.com\/index.php?rest_route=%2Fwp%2Fv2%2Fcomments&post=19545"}],"version-history":[{"count":1,"href":"https:\/\/akdenizolaygazetesi.com\/index.php?rest_route=\/wp\/v2\/posts\/19545\/revisions"}],"predecessor-version":[{"id":19547,"href":"https:\/\/akdenizolaygazetesi.com\/index.php?rest_route=\/wp\/v2\/posts\/19545\/revisions\/19547"}],"wp:featuredmedia":[{"embeddable":true,"href":"https:\/\/akdenizolaygazetesi.com\/index.php?rest_route=\/wp\/v2\/media\/19546"}],"wp:attachment":[{"href":"https:\/\/akdenizolaygazetesi.com\/index.php?rest_route=%2Fwp%2Fv2%2Fmedia&parent=19545"}],"wp:term":[{"taxonomy":"category","embeddable":true,"href":"https:\/\/akdenizolaygazetesi.com\/index.php?rest_route=%2Fwp%2Fv2%2Fcategories&post=19545"},{"taxonomy":"post_tag","embeddable":true,"href":"https:\/\/akdenizolaygazetesi.com\/index.php?rest_route=%2Fwp%2Fv2%2Ftags&post=19545"}],"curies":[{"name":"wp","href":"https:\/\/api.w.org\/{rel}","templated":true}]}}