{"id":19551,"date":"2022-06-29T12:53:08","date_gmt":"2022-06-29T09:53:08","guid":{"rendered":"http:\/\/akdenizolaygazetesi.com\/?p=19551"},"modified":"2022-06-29T12:53:08","modified_gmt":"2022-06-29T09:53:08","slug":"teklifin-hedefinde-enag-da-var","status":"publish","type":"post","link":"https:\/\/akdenizolaygazetesi.com\/?p=19551","title":{"rendered":"&#8216;TEKL\u0130F\u0130N HEDEF\u0130NDE ENAG DA VAR&#8217;"},"content":{"rendered":"<p>Kamuoyunda &#8220;Sans\u00fcr yasas\u0131&#8221; olarak bilinen Bas\u0131n Kanunu g\u00f6r\u00fc\u015fmeleri \u00f6ncesinde CHP Mersin Milletvekili Alpay Antmen Mecliste d\u00fczenledi\u011fi bas\u0131n toplant\u0131s\u0131na siyah gazete ile \u00e7\u0131kt\u0131. Antmen &#8220;Bu kanun teklifinin amac\u0131 karartmad\u0131r. Ger\u00e7ekleri, do\u011frular\u0131 yazan ve halk\u0131n haber alma \u00f6zg\u00fcrl\u00fc\u011f\u00fc i\u00e7in \u00e7al\u0131\u015fan gazetelerin susturulmas\u0131 ama\u00e7lanmaktad\u0131r. AKP iktidar\u0131 kalan \u00f6zg\u00fcr bas\u0131n\u0131 da i\u015fte b\u00f6yle kapkaranl\u0131k g\u00f6rmek istiyor. Bas\u0131n\u0131 susturmak ve karartmak isteyen saray anlay\u0131\u015f\u0131n\u0131 protesto ediyorum. Bu teklifin derhal tamamen geri \u00e7ekilmesi gerek.&#8221; dedi.<\/p>\n<p>Alpay Antmen, kanunun ad\u0131n\u0131n Bas\u0131n Kanunu de\u011fi\u015fikli\u011fi oldu\u011funu ama asl\u0131nda bask\u0131 kanunu oldu\u011funu ifade ederek &#8220;Bu teklifte hapis cezas\u0131, karartma, bas\u0131n emek\u00e7ilerini i\u015fsiz b\u0131rakma, bas\u0131n kart\u0131 iptalleri var. \u00d6yle maddeler var ki bu d\u00fczenlemenin \u00f6rnekleri diktat\u00f6rl\u00fcklerde, sultanl\u0131klarda bile yok&#8221; ifadelerini kulland\u0131.<\/p>\n<p>Alpay Antmen&#8217;in a\u00e7\u0131klamalar\u0131nda \u00f6ne \u00e7\u0131kanlar \u015fu \u015fekilde;<\/p>\n<p>YALAN DE\u011e\u0130L DO\u011eRU HABER CEZA ALACAK<\/p>\n<p>&#8220;Halk aras\u0131nda endi\u015fe, korku veya panik yaratma saikiyle yalan haber yapma ve yayma, kamu bar\u0131\u015f\u0131n\u0131 bozma, gibi ibarelerle hapis cezalar\u0131 getiriliyor. Kime g\u00f6re yalan haber? Bir haberin i\u00e7inde olanlar\u0131n do\u011fru mu yalan m\u0131 oldu\u011funu kim belirleyecek? Sizlere birka\u00e7 \u00f6rnek vermek istiyorum; Cumhurba\u015fkan\u0131 Tayyip Erdo\u011fan &#8216;Geziciler Cami yakt\u0131&#8217; dedi. \u015eimdi bu yasa bu haliyle ge\u00e7erse, &#8216;Hay\u0131r cami yak\u0131lmad\u0131 yalan. Varsa bu g\u00f6sterin&#8217; derseniz yalan haber payla\u015fmak ve yaymak su\u00e7undan Erdo\u011fan de\u011fil; bas\u0131n  yarg\u0131lanacak. Erdo\u011fan ve saray\u0131n her dedi\u011fi do\u011fru kabul edilecek; onlar\u0131n yalanlar\u0131n\u0131 ger\u00e7ekmi\u015f gibi haber yapmayan gazetelere ceza ya\u011fd\u0131r\u0131lacak&#8221;<\/p>\n<p>TEKL\u0130F\u0130N HEDEF\u0130NDE ENAG DA VAR<\/p>\n<p>&#8220;Akademisyenlerin ve ekonomistlerin olu\u015fturdu\u011fu Enflasyon Ara\u015ft\u0131rma Grubu (ENAG), hesaplamas\u0131na g\u00f6re enflasyon May\u0131s&#8217;ta ayl\u0131k bazda y\u00fczde 5,46 y\u0131ll\u0131k bazda y\u00fczde 160,7 art\u0131\u015f kaydetti. Oysa T\u00fcrkiye \u0130statistik Kurumu (T\u00dc\u0130K) May\u0131s enflasyonunu ayl\u0131k y\u00fczde 2,98, y\u0131ll\u0131k y\u00fczde 73,50 olarak a\u00e7\u0131klad\u0131. Bildi\u011finiz gibi enflasyon rakam\u0131n\u0131n a\u00e7\u0131klanmas\u0131 ayn\u0131 zamanda \u00e7al\u0131\u015fanlara verilecek zam oran\u0131n\u0131 da belirliyor. Bu teklif kabul edilirse ENAG, enflasyonun ger\u00e7ek oranlar\u0131n\u0131 ve rakamlar\u0131n\u0131 a\u00e7\u0131klad\u0131\u011f\u0131 i\u00e7in ceza alabilir. Hatta tekziple de T\u00dc\u0130K&#8217;in rakamlar\u0131n\u0131 ve oranlar\u0131n\u0131 yay\u0131nlamas\u0131 istenebilir. AKP, muhalif ve ger\u00e7ekleri yazan ve anlatan gazetelerin susmalar\u0131na bile raz\u0131 de\u011fil. Saray\u0131n yalanlar\u0131n\u0131 ger\u00e7ekmi\u015f gibi vermelerini talep ediyor. Bu kanun teklifi bir karartma yasas\u0131d\u0131r&#8221;<\/p>\n<p>KARANLI\u011eI MAN\u015eETLER\u0130NE TA\u015eIYAN GAZETELER \u0130ST\u0130YORLAR<\/p>\n<p>&#8220;Halk\u0131n a\u00e7l\u0131\u011f\u0131 ortada, i\u015fsizlik ortada, yolsuzluklar ortada, kayy\u0131m atanan \u015firketleri AKP&#8217;lilerin nas\u0131l soydu\u011fu ortada, hazinenin ya\u011fmaland\u0131\u011f\u0131 ortada, do\u011fan\u0131n nas\u0131l kirletildi\u011fi ortada. Ve de\u011ferli bas\u0131n mensuplar\u0131; AKP&#8217;nin bu ger\u00e7ekleri nas\u0131l karartmak istedi\u011fi ortada. \u0130\u015fte AKP&#8217;nin bu yasa teklifi ge\u00e7erse g\u00f6rmek istedi\u011fi S\u00f6zc\u00fc Gazetesi, \u0130\u015fte AKP&#8217;nin g\u00f6rmek istedi\u011fi Birg\u00fcn Gazetesi, \u0130\u015fte AKP&#8217;nin g\u00f6rmek istedi\u011fi Cumhuriyet Gazetesi, \u0130\u015fte AKP&#8217;nin g\u00f6rmek istedi\u011fi Yeni\u00c7a\u011f gazetesi, \u0130\u015fte AKP&#8217;nin g\u00f6rmek istedi\u011fi Evrensel Gazetesi. Hi\u00e7bir ger\u00e7e\u011fi yazamayan, saray karanl\u0131\u011f\u0131n\u0131 man\u015fetlerine ta\u015f\u0131yan gazeteler istiyorlar. AKP, 12 Eyl\u00fcl Darbesinde dahi uygulamayan bir karartma darbesi teklifi ile kar\u015f\u0131m\u0131za gelmi\u015f bulunmaktad\u0131r. Ya saray\u0131n yalanlar\u0131na ortak olunacak; ya da gazeteler karart\u0131lacak!&#8221;<\/p>\n<p>YEREL BASIN YOK ED\u0130LMEK \u0130STEN\u0130YOR<\/p>\n<p>&#8220;Bu teklifle, zaten \u00e7ok zor \u015fartlarda ya\u015fama sava\u015f\u0131 veren yerel bas\u0131na da darbe vuruluyor. Anadolu bas\u0131n\u0131 hi\u00e7e say\u0131lm\u0131\u015f, g\u00f6zden \u00e7\u0131kar\u0131lm\u0131\u015ft\u0131r. Yakla\u015f\u0131k 1000 gazete, ya\u015fam kaynaklar\u0131 olan resmi ilanlar\u0131 ve reklamlar\u0131 b\u00fcy\u00fck oranda kesilerek, kapanmakla kar\u015f\u0131 kar\u015f\u0131ya b\u0131rak\u0131lacakt\u0131r. Bu yasa Anayasa&#8217;ya; haberle\u015fme \u00f6zg\u00fcrl\u00fc\u011f\u00fcne, bas\u0131n \u00f6zg\u00fcrl\u00fc\u011f\u00fcne ve halk\u0131n haber alma hakk\u0131nda tamamen ayk\u0131r\u0131d\u0131r. Burada sadece gazetecilere, gazetelere de\u011fil; halk\u0131n da haklar\u0131na karartma getirilmekte, darbe vurulmaktad\u0131r. Bu sorun sadece gazetecileri ilgilendirmiyor; s\u00f6m\u00fcr\u00fclen, \u015fiddet ve bask\u0131 g\u00f6ren, kaynaklar\u0131 ya\u011fmalanan halk\u0131m\u0131z\u0131n da problemidir. Ben buradan b\u00fct\u00fcn vatanda\u015flar\u0131m\u0131za sesleniyorum; kalan \u00f6zg\u00fcr medyaya sahip \u00e7\u0131kmak kendinize ve \u00e7ocuklar\u0131n\u0131za sahip \u00e7\u0131kmak demektir&#8221;<\/p>\n","protected":false},"excerpt":{"rendered":"<p>Kamuoyunda &#8220;Sans\u00fcr yasas\u0131&#8221; olarak bilinen Bas\u0131n Kanunu g\u00f6r\u00fc\u015fmeleri \u00f6ncesinde CHP Mersin Milletvekili Alpay Antmen Mecliste d\u00fczenledi\u011fi bas\u0131n toplant\u0131s\u0131na siyah gazete ile \u00e7\u0131kt\u0131. Antmen &#8220;Bu kanun teklifinin amac\u0131 karartmad\u0131r. Ger\u00e7ekleri, do\u011frular\u0131 &hellip; <a href=\"https:\/\/akdenizolaygazetesi.com\/?p=19551\" class=\"more-link\">Devam\u0131n\u0131 Oku&#8230;<\/a><\/p>\n","protected":false},"author":2,"featured_media":19552,"comment_status":"open","ping_status":"open","sticky":false,"template":"","format":"standard","meta":[],"categories":[1,2,3,6],"tags":[],"_links":{"self":[{"href":"https:\/\/akdenizolaygazetesi.com\/index.php?rest_route=\/wp\/v2\/posts\/19551"}],"collection":[{"href":"https:\/\/akdenizolaygazetesi.com\/index.php?rest_route=\/wp\/v2\/posts"}],"about":[{"href":"https:\/\/akdenizolaygazetesi.com\/index.php?rest_route=\/wp\/v2\/types\/post"}],"author":[{"embeddable":true,"href":"https:\/\/akdenizolaygazetesi.com\/index.php?rest_route=\/wp\/v2\/users\/2"}],"replies":[{"embeddable":true,"href":"https:\/\/akdenizolaygazetesi.com\/index.php?rest_route=%2Fwp%2Fv2%2Fcomments&post=19551"}],"version-history":[{"count":1,"href":"https:\/\/akdenizolaygazetesi.com\/index.php?rest_route=\/wp\/v2\/posts\/19551\/revisions"}],"predecessor-version":[{"id":19553,"href":"https:\/\/akdenizolaygazetesi.com\/index.php?rest_route=\/wp\/v2\/posts\/19551\/revisions\/19553"}],"wp:featuredmedia":[{"embeddable":true,"href":"https:\/\/akdenizolaygazetesi.com\/index.php?rest_route=\/wp\/v2\/media\/19552"}],"wp:attachment":[{"href":"https:\/\/akdenizolaygazetesi.com\/index.php?rest_route=%2Fwp%2Fv2%2Fmedia&parent=19551"}],"wp:term":[{"taxonomy":"category","embeddable":true,"href":"https:\/\/akdenizolaygazetesi.com\/index.php?rest_route=%2Fwp%2Fv2%2Fcategories&post=19551"},{"taxonomy":"post_tag","embeddable":true,"href":"https:\/\/akdenizolaygazetesi.com\/index.php?rest_route=%2Fwp%2Fv2%2Ftags&post=19551"}],"curies":[{"name":"wp","href":"https:\/\/api.w.org\/{rel}","templated":true}]}}