{"id":19558,"date":"2022-06-30T13:16:10","date_gmt":"2022-06-30T10:16:10","guid":{"rendered":"http:\/\/akdenizolaygazetesi.com\/?p=19558"},"modified":"2022-06-30T13:16:10","modified_gmt":"2022-06-30T10:16:10","slug":"toroslarda-yol-calismalari-suruyor","status":"publish","type":"post","link":"https:\/\/akdenizolaygazetesi.com\/?p=19558","title":{"rendered":"TOROSLAR&#8217;DA YOL \u00c7ALI\u015eMALARI S\u00dcR\u00dcYOR"},"content":{"rendered":"<p>Toroslar Belediyesi, il\u00e7e s\u0131n\u0131rlar\u0131 i\u00e7erisindeki her noktaya hizmet g\u00f6t\u00fcr\u00fcyor.<\/p>\n<p>Toroslar Belediye Ba\u015fkan\u0131 Ats\u0131z Af\u015f\u0131n Y\u0131lmaz, yaz aylar\u0131n\u0131n gelmesiyle yayla yollar\u0131n\u0131n kullan\u0131m\u0131n\u0131n daha da artt\u0131\u011f\u0131n\u0131 ve vatanda\u015flar\u0131n bu g\u00fczergahlarda s\u0131k\u0131nt\u0131 ya\u015famamalar\u0131 i\u00e7in sistemli bir \u015fekilde \u00e7al\u0131\u015ft\u0131klar\u0131n\u0131 s\u00f6yledi.<\/p>\n<p>Fen \u0130\u015fleri M\u00fcd\u00fcrl\u00fc\u011f\u00fc&#8217;nce; ihtiya\u00e7 duyulan mahallelerde imara uygun yeni yol a\u00e7\u0131m, d\u00fczenleme ve b\u00fcz boru d\u00f6\u015feme \u00e7al\u0131\u015fmalar\u0131 aral\u0131ks\u0131z yap\u0131l\u0131yor.<\/p>\n<p>Bu kapsamda; Resul, Dalakderesi, So\u011fucak, Kayrakke\u015fli ve Ayvagedi\u011fi Mahalleleri&#8217;nde yol yap\u0131m ve bak\u0131m \u00e7al\u0131\u015fmalar\u0131 ger\u00e7ekle\u015ftirildi.<\/p>\n<p>Ba\u015fkan Y\u0131lmaz; &#8220;H\u0131zla B\u00fcy\u00fcyen ve Geli\u015fen \u0130l\u00e7emizde \u00c7al\u0131\u015fmalar\u0131m\u0131z\u0131 Daha da Art\u0131rd\u0131k&#8221;<\/p>\n<p>Toroslar Belediye Ba\u015fkan\u0131 Ats\u0131z Af\u015f\u0131n Y\u0131lmaz, il\u00e7e merkezinden yaylalara kadar hizmet ata\u011f\u0131n\u0131 aral\u0131ks\u0131z s\u00fcrd\u00fcrd\u00fcklerini kaydederek; &#8220;\u00d6zellikle yeni yerle\u015fim alanlar\u0131nda imar yollar\u0131n\u0131 a\u00e7arak ula\u015f\u0131m\u0131 kolayla\u015ft\u0131r\u0131yoruz. B\u00f6ylelikle Toroslar\u0131m\u0131z\u0131n sa\u011fl\u0131kl\u0131 ve planl\u0131 kentle\u015fme s\u00fcrecine katk\u0131 sa\u011fl\u0131yoruz&#8221; dedi.<\/p>\n<p>\u0130l\u00e7enin y\u00fcksek kesimlerinde yeni yerle\u015fim alanlar\u0131n\u0131n artmas\u0131na paralel olarak ula\u015f\u0131m hizmetlerinin de artt\u0131\u011f\u0131na dikkat \u00e7eken Ba\u015fkan Y\u0131lmaz; &#8220;Yaylalar\u0131m\u0131z, hem\u015fehrilerimizin kent ya\u015fam\u0131ndan ayr\u0131l\u0131p soluk ald\u0131\u011f\u0131 ve stres att\u0131\u011f\u0131 yerler. D\u00f6rt mevsim yo\u011fun ilgi g\u00f6ren yaylalar\u0131m\u0131zda n\u00fcfus, yaz\u0131n daha da art\u0131yor.  Yayla sezonu boyunca vatanda\u015flar\u0131m\u0131z\u0131n rahat bir tatil ge\u00e7irmeleri i\u00e7in \u00e7evre temizlik \u00e7al\u0131\u015fmalar\u0131m\u0131z\u0131n yan\u0131nda yol a\u00e7ma, geni\u015fletme, bak\u0131m ve onar\u0131m \u00e7al\u0131\u015fmalar\u0131m\u0131z\u0131 da aral\u0131ks\u0131z s\u00fcrd\u00fcr\u00fcyoruz&#8221; diye konu\u015ftu.<\/p>\n","protected":false},"excerpt":{"rendered":"<p>Toroslar Belediyesi, il\u00e7e s\u0131n\u0131rlar\u0131 i\u00e7erisindeki her noktaya hizmet g\u00f6t\u00fcr\u00fcyor. Toroslar Belediye Ba\u015fkan\u0131 Ats\u0131z Af\u015f\u0131n Y\u0131lmaz, yaz aylar\u0131n\u0131n gelmesiyle yayla yollar\u0131n\u0131n kullan\u0131m\u0131n\u0131n daha da artt\u0131\u011f\u0131n\u0131 ve vatanda\u015flar\u0131n bu g\u00fczergahlarda s\u0131k\u0131nt\u0131 ya\u015famamalar\u0131 &hellip; <a href=\"https:\/\/akdenizolaygazetesi.com\/?p=19558\" class=\"more-link\">Devam\u0131n\u0131 Oku&#8230;<\/a><\/p>\n","protected":false},"author":2,"featured_media":19559,"comment_status":"open","ping_status":"open","sticky":false,"template":"","format":"standard","meta":[],"categories":[3],"tags":[],"_links":{"self":[{"href":"https:\/\/akdenizolaygazetesi.com\/index.php?rest_route=\/wp\/v2\/posts\/19558"}],"collection":[{"href":"https:\/\/akdenizolaygazetesi.com\/index.php?rest_route=\/wp\/v2\/posts"}],"about":[{"href":"https:\/\/akdenizolaygazetesi.com\/index.php?rest_route=\/wp\/v2\/types\/post"}],"author":[{"embeddable":true,"href":"https:\/\/akdenizolaygazetesi.com\/index.php?rest_route=\/wp\/v2\/users\/2"}],"replies":[{"embeddable":true,"href":"https:\/\/akdenizolaygazetesi.com\/index.php?rest_route=%2Fwp%2Fv2%2Fcomments&post=19558"}],"version-history":[{"count":1,"href":"https:\/\/akdenizolaygazetesi.com\/index.php?rest_route=\/wp\/v2\/posts\/19558\/revisions"}],"predecessor-version":[{"id":19560,"href":"https:\/\/akdenizolaygazetesi.com\/index.php?rest_route=\/wp\/v2\/posts\/19558\/revisions\/19560"}],"wp:featuredmedia":[{"embeddable":true,"href":"https:\/\/akdenizolaygazetesi.com\/index.php?rest_route=\/wp\/v2\/media\/19559"}],"wp:attachment":[{"href":"https:\/\/akdenizolaygazetesi.com\/index.php?rest_route=%2Fwp%2Fv2%2Fmedia&parent=19558"}],"wp:term":[{"taxonomy":"category","embeddable":true,"href":"https:\/\/akdenizolaygazetesi.com\/index.php?rest_route=%2Fwp%2Fv2%2Fcategories&post=19558"},{"taxonomy":"post_tag","embeddable":true,"href":"https:\/\/akdenizolaygazetesi.com\/index.php?rest_route=%2Fwp%2Fv2%2Ftags&post=19558"}],"curies":[{"name":"wp","href":"https:\/\/api.w.org\/{rel}","templated":true}]}}