{"id":19573,"date":"2022-06-30T13:25:46","date_gmt":"2022-06-30T10:25:46","guid":{"rendered":"http:\/\/akdenizolaygazetesi.com\/?p=19573"},"modified":"2022-06-30T13:25:46","modified_gmt":"2022-06-30T10:25:46","slug":"erdemli-halinde-toplam-105-dukkan-yer-alacak","status":"publish","type":"post","link":"https:\/\/akdenizolaygazetesi.com\/?p=19573","title":{"rendered":"ERDEML\u0130 HAL\u0130&#8217;NDE TOPLAM 105 D\u00dcKK\u00c2N YER ALACAK"},"content":{"rendered":"<p>14 y\u0131l \u00f6nce temeli at\u0131lan ve in\u015faat\u0131 bitmeyen Erdemli Hali&#8217;nde, Mersin B\u00fcy\u00fck\u015fehir Belediye Ba\u015fkan\u0131 Vahap Se\u00e7er \u00f6nc\u00fcl\u00fc\u011f\u00fcnde ba\u015flat\u0131lan in\u015faat \u00e7al\u0131\u015fmalar\u0131 t\u00fcm h\u0131z\u0131yla s\u00fcr\u00fcyor. B\u00fcy\u00fck\u015fehir Belediyesi Fen \u0130\u015fleri Dairesi&#8217;nin y\u00fcr\u00fctt\u00fc\u011f\u00fc hummal\u0131 \u00e7al\u0131\u015fmalar kapsam\u0131nda, Erdemli Hali&#8217;ndeki \u00e7al\u0131\u015fmalar\u0131n % 85&#8217;lik k\u0131sm\u0131 tamamland\u0131.<br \/>\n2007 y\u0131l\u0131nda ilk ihalesi yap\u0131lm\u0131\u015ft\u0131<br \/>\nErdemli tar\u0131m\u0131 ve ticareti i\u00e7in b\u00fcy\u00fck \u00f6nem arz eden ve b\u00f6lgede meyvecilik sebzecilikle u\u011fra\u015fan esnaf\u0131n hayali olan Hal Tesisi&#8217;nin ilk ihalesi 2007 y\u0131l\u0131nda yap\u0131lm\u0131\u015ft\u0131. \u0130n\u015faat\u0131 kesintiye u\u011frayan ve bitirilemeyen, 2014 y\u0131l\u0131nda y\u00fcr\u00fcrl\u00fc\u011fe giren B\u00fcy\u00fck\u015fehir Yasas\u0131 ile de Mersin B\u00fcy\u00fck\u015fehir Belediyesi&#8217;ne devredilen Erdemli Hal Tesisi&#8217;nde, y\u00fcklenici firman\u0131n ekonomik durumunun bozulmas\u0131 nedeniyle in\u015faat 2018 y\u0131l\u0131nda yeniden yar\u0131m kalm\u0131\u015ft\u0131. 11 y\u0131lda yaln\u0131zca % 30&#8217;u tamamlanan Erdemli Hal Tesisi \u00e7al\u0131\u015fmalar\u0131, Ba\u015fkan Se\u00e7er&#8217;in 2019 y\u0131l\u0131nda g\u00f6reve gelmesiyle yeniden ba\u015flat\u0131ld\u0131 ve \u015fu ana kadar % 85&#8217;lik k\u0131sm\u0131 tamamland\u0131.<br \/>\nErdemli Hali&#8217;nde toplam 105 d\u00fckk\u00e2n olacak<br \/>\nYakla\u015f\u0131k 60 bin metrekare alan \u00fczerinde in\u015faat\u0131 devam eden Erdemli Hal Tesisi&#8217;nde toplam 105 d\u00fckk\u00e2n, 1 restoran, 2 banka \u015fubesi ve y\u00f6netim binas\u0131 yer alacak. Ayr\u0131ca 1 sand\u0131k binas\u0131, 2 kantar, kantar kul\u00fcbesi ve g\u00fcvenlik binas\u0131 da bulunacak.<br \/>\nB\u00fcy\u00fck bir k\u0131sm\u0131 sona eren Erdemli Hali&#8217;nde devam eden \u00e7al\u0131\u015fmalar kapsam\u0131nda d\u00fckk\u00e2nlardaki kepenk, kap\u0131 ayarlar\u0131, altyap\u0131 hatlar\u0131n\u0131n d\u00f6\u015feme i\u015flemleri, su tesisatlar\u0131, \u00e7evre ayd\u0131nlatma \u00fcniteleri ve boya gibi son r\u00f6tu\u015flar yap\u0131l\u0131rken, idari bina \u00e7evre d\u00fczenleme i\u015fleri de devam ediyor.<\/p>\n","protected":false},"excerpt":{"rendered":"<p>14 y\u0131l \u00f6nce temeli at\u0131lan ve in\u015faat\u0131 bitmeyen Erdemli Hali&#8217;nde, Mersin B\u00fcy\u00fck\u015fehir Belediye Ba\u015fkan\u0131 Vahap Se\u00e7er \u00f6nc\u00fcl\u00fc\u011f\u00fcnde ba\u015flat\u0131lan in\u015faat \u00e7al\u0131\u015fmalar\u0131 t\u00fcm h\u0131z\u0131yla s\u00fcr\u00fcyor. B\u00fcy\u00fck\u015fehir Belediyesi Fen \u0130\u015fleri Dairesi&#8217;nin y\u00fcr\u00fctt\u00fc\u011f\u00fc hummal\u0131 &hellip; <a href=\"https:\/\/akdenizolaygazetesi.com\/?p=19573\" class=\"more-link\">Devam\u0131n\u0131 Oku&#8230;<\/a><\/p>\n","protected":false},"author":2,"featured_media":19574,"comment_status":"open","ping_status":"open","sticky":false,"template":"","format":"standard","meta":[],"categories":[1,2,3],"tags":[],"_links":{"self":[{"href":"https:\/\/akdenizolaygazetesi.com\/index.php?rest_route=\/wp\/v2\/posts\/19573"}],"collection":[{"href":"https:\/\/akdenizolaygazetesi.com\/index.php?rest_route=\/wp\/v2\/posts"}],"about":[{"href":"https:\/\/akdenizolaygazetesi.com\/index.php?rest_route=\/wp\/v2\/types\/post"}],"author":[{"embeddable":true,"href":"https:\/\/akdenizolaygazetesi.com\/index.php?rest_route=\/wp\/v2\/users\/2"}],"replies":[{"embeddable":true,"href":"https:\/\/akdenizolaygazetesi.com\/index.php?rest_route=%2Fwp%2Fv2%2Fcomments&post=19573"}],"version-history":[{"count":1,"href":"https:\/\/akdenizolaygazetesi.com\/index.php?rest_route=\/wp\/v2\/posts\/19573\/revisions"}],"predecessor-version":[{"id":19575,"href":"https:\/\/akdenizolaygazetesi.com\/index.php?rest_route=\/wp\/v2\/posts\/19573\/revisions\/19575"}],"wp:featuredmedia":[{"embeddable":true,"href":"https:\/\/akdenizolaygazetesi.com\/index.php?rest_route=\/wp\/v2\/media\/19574"}],"wp:attachment":[{"href":"https:\/\/akdenizolaygazetesi.com\/index.php?rest_route=%2Fwp%2Fv2%2Fmedia&parent=19573"}],"wp:term":[{"taxonomy":"category","embeddable":true,"href":"https:\/\/akdenizolaygazetesi.com\/index.php?rest_route=%2Fwp%2Fv2%2Fcategories&post=19573"},{"taxonomy":"post_tag","embeddable":true,"href":"https:\/\/akdenizolaygazetesi.com\/index.php?rest_route=%2Fwp%2Fv2%2Ftags&post=19573"}],"curies":[{"name":"wp","href":"https:\/\/api.w.org\/{rel}","templated":true}]}}