{"id":19579,"date":"2022-06-30T13:29:04","date_gmt":"2022-06-30T10:29:04","guid":{"rendered":"http:\/\/akdenizolaygazetesi.com\/?p=19579"},"modified":"2022-06-30T13:29:04","modified_gmt":"2022-06-30T10:29:04","slug":"bisikletseverler-30-kilometrelik-surus-yapti","status":"publish","type":"post","link":"https:\/\/akdenizolaygazetesi.com\/?p=19579","title":{"rendered":"B\u0130S\u0130KLETSEVERLER 30 K\u0130LOMETREL\u0130K S\u00dcR\u00dc\u015e YAPTI"},"content":{"rendered":"<p>Mersin B\u00fcy\u00fck\u015fehir Belediyesi&#8217;nin ev sahipli\u011finde T\u00fcm Bisiklet Dernekleri Federasyonu&#8217;nun (T\u00dcB\u0130DEF) i\u015f birli\u011fi ile ger\u00e7ekle\u015ftirilen &#8220;EuroVelo Avrupa Bisiklet Rotalar\u0131 A\u011f\u0131 Bisiklet Stratejileri ve Saha \u00c7al\u0131\u015fmas\u0131&#8221; program\u0131 tamamland\u0131. 2 g\u00fcn s\u00fcren program\u0131n ilk g\u00fcn\u00fcnde teorik \u00e7al\u0131\u015fma ger\u00e7ekle\u015ftirilirken, saha \u00e7al\u0131\u015fmas\u0131n\u0131n yap\u0131ld\u0131\u011f\u0131 2. g\u00fcnde kat\u0131l\u0131mc\u0131lar 30 kilometrelik bisiklet s\u00fcr\u00fc\u015f\u00fc ger\u00e7ekle\u015ftirdi ve incelemelerde bulundu.<br \/>\nMersin&#8217;de pedallar \u00e7evrildi<br \/>\nMersin B\u00fcy\u00fck\u015fehir Belediye Ba\u015fkan\u0131 Vahap Se\u00e7er \u00f6nc\u00fcl\u00fc\u011f\u00fcnde bisiklet yollar\u0131yla donat\u0131lan ve bisiklet kenti olmas\u0131 i\u00e7in \u00f6nemli ad\u0131mlar at\u0131lan Mersin&#8217;de &#8220;EuroVelo Avrupa Bisiklet Rotalar\u0131 A\u011f\u0131 Bisiklet Stratejileri ve Saha \u00c7al\u0131\u015fmas\u0131&#8221; program\u0131n\u0131n ilk g\u00fcn\u00fcnde Avrupa Bisiklet Rotalar\u0131 A\u011f\u0131&#8217;n\u0131n turizm ve ekonomik boyutu, konunun uzmanlar\u0131 taraf\u0131ndan ele al\u0131nd\u0131. Program\u0131n 2. g\u00fcn\u00fcnde ise bisikletseverler 30 kilometrelik bisiklet s\u00fcr\u00fc\u015f\u00fc ger\u00e7ekle\u015ftirdi. Hilton&#8217;dan ba\u015flay\u0131p Pompeiopolis antik kentine kadar pedal \u00e7eviren kat\u0131l\u0131mc\u0131lar yol boyunca konu\u015fland\u0131r\u0131lan bisiklet donan\u0131mlar\u0131n\u0131 da inceledi.<br \/>\n &#8220;Mersin B\u00fcy\u00fck\u015fehir Belediyesi bisiklet turizmi ile yeni bir ufuk a\u00e7mak istiyor&#8221;<br \/>\nT\u00fcm Bisiklet Dernekleri Federasyonu Ba\u015fkan Yard\u0131mc\u0131s\u0131 Ahmet Salih \u00d6zenir, \u00e7ok ba\u015far\u0131l\u0131 bir salon \u00e7al\u0131\u015fmas\u0131 ger\u00e7ekle\u015ftirdiklerini, bir\u00e7ok konuda uzmanlar taraf\u0131ndan bilgilendirildiklerini ifade ederek \u015f\u00f6yle devam etti:<br \/>\n&#8220;D\u00fcn \u00e7ok ba\u015far\u0131l\u0131, verimli bir salon \u00e7al\u0131\u015fmas\u0131 yapt\u0131k. Bu konuda uzman olan EuroVelo koordinat\u00f6r\u00fc olan iki arkada\u015f\u0131m\u0131z bize bisiklet turizmini anlatt\u0131lar. Bunun gelece\u011finden, kataca\u011f\u0131 de\u011ferlerden, yap\u0131lmas\u0131 gereken \u015feylerden ve stratejik hamlelerden bahsettiler. Mersin B\u00fcy\u00fck\u015fehir Belediyesi bisiklet turizmi ile yeni bir ufuk a\u00e7mak istiyor ve bunun ilk hamlesi olarak biz bu \u00e7al\u0131\u015fmay\u0131 yapt\u0131k. Bug\u00fcn de saha \u00e7al\u0131\u015fmas\u0131n\u0131 ger\u00e7ekle\u015ftiriyoruz. \u00c7\u00fcnk\u00fc Mersin B\u00fcy\u00fck\u015fehir Belediyesi, yak\u0131n d\u00f6nemde T\u00fcrkiye&#8217;ye \u00f6rnek olacak bisiklet hamlesi ger\u00e7ekle\u015ftiriyor. \u015eu anda 91 kilometrelik bir bisiklet a\u011f\u0131na sahip oldu. Onlarca bisiklet park yeri yapt\u0131. Otob\u00fcsleriyle bisiklet ta\u015f\u0131yor. T\u00fcrkiye&#8217;de ilk defa mobil uygulamayla otob\u00fcsleri takip edebiliyor bisikletliler. Tamir \u00fcniteleri ve Bisiklet Kafe&#8217;leri ger\u00e7ekle\u015ftirdi. Bunlar\u0131 da tan\u0131tmak istiyor. Bisiklet turizminin hizmetine sunmak istiyor. Bilinirli\u011fini artt\u0131rmak istiyor. Mersin B\u00fcy\u00fck\u015fehir Belediyesi&#8217;nin bu yapt\u0131\u011f\u0131 \u00e7abalarda bunun bir alt yap\u0131s\u0131n\u0131 g\u00f6rd\u00fck. Turizme y\u00f6nelik \u00e7al\u0131\u015fmalar\u0131n\u0131 g\u00f6rd\u00fck ve bunu federasyon olarak destekliyoruz. \u00dcmit ediyoruz ki bu yap\u0131lm\u0131\u015f olan \u00e7al\u0131\u015fmalar \u00f6ncelikle yerel kullan\u0131c\u0131lara hizmet edecektir. Ama orta ve uzun vadede Avrupal\u0131 gezginlere hitap edecektir ki, bu \u00e7ok b\u00fcy\u00fck bir katma de\u011feri olan turizm a\u011f\u0131d\u0131r. Mersin&#8217;in de bu pastadan olabildi\u011fince pay\u0131n\u0131 almas\u0131n\u0131 istiyoruz.&#8221;<br \/>\n&#8220;Mersin g\u00fczel bir \u015fehir, bisiklet yolu Mersin&#8217;in incisi gibi olmu\u015f&#8221;<br \/>\nEnerji Verimlili\u011fi ve \u00c7evre Koruma Derne\u011fi Y\u00f6netim Kurulu \u00fcyesi, Mu\u011fla S\u0131tk\u0131 Ko\u00e7man \u00dcniversitesi&#8217;nde \u00d6\u011fretim G\u00f6revlisi Adnan Cang\u0131r, Avrupa Bisiklet Rotalar\u0131 A\u011f\u0131&#8217;n\u0131n \u00fclkedeki ulusal temsilcili\u011fini y\u00fcr\u00fctt\u00fcklerini belirterek, ula\u015f\u0131m piramidinin \u00fcstlerinde bisikletli ula\u015f\u0131m\u0131n oldu\u011funu s\u00f6yledi. Cang\u0131r, Mersin B\u00fcy\u00fck\u015fehir&#8217;in daveti \u00fczerine Mersin&#8217;e geldiklerini ve \u00e7ok verimli 2 g\u00fcn ge\u00e7irdiklerini ifade ederek, &#8220;Yerel y\u00f6netimler, karar vericiler kafalar\u0131nda belli bir \u015fablon oturtmu\u015flar. San\u0131r\u0131m sab\u0131rl\u0131 ad\u0131mlarla \u00e7\u00f6z\u00fcme do\u011fru ilerleyece\u011fiz. Baz\u0131 yerel y\u00f6neticilerde \u015funu g\u00f6r\u00fcyorum ben; yani e\u011fer siz altyap\u0131y\u0131 sunarsan\u0131z vatanda\u015f\u0131n ula\u015f\u0131m davran\u0131\u015flar\u0131n\u0131 de\u011fi\u015ftirebiliyorsunuz. Mersin&#8217;deki g\u00f6zlemledi\u011fimiz, deneyimledi\u011fimiz 91 kilometre bisiklet yolu da bunun bir \u00f6rne\u011fi. E\u011fer ula\u015f\u0131m\u0131n\u0131z\u0131 buna g\u00f6re planlarsan\u0131z bu de\u011fi\u015fimi sa\u011fl\u0131yorsunuz. Ba\u015fkan\u0131m\u0131z da burada bunu ba\u015farm\u0131\u015f. Ve \u00f6n\u00fcm\u00fczdeki s\u00fcre\u00e7te bisiklet yollar\u0131n\u0131n 200 kilometreyi a\u015faca\u011f\u0131 da planlanm\u0131\u015f. \u00c7ok do\u011fru kararlar. Bence ba\u015far\u0131l\u0131 uygulamalar olmu\u015f. Ba\u015fkan\u0131 tebrik ediyorum. Zaten bizimle de bu \u00e7al\u0131\u015fmay\u0131 yapma iste\u011fi, vizyonunun da g\u00f6stergesi san\u0131r\u0131m. Mersin g\u00fczel bir \u015fehir. Bisiklet yollar\u0131 Mersin&#8217;in incisi gibi olmu\u015f&#8221; dedi.<br \/>\n&#8220;EuroVelo&#8217;nun ekonomik de\u011ferini anlatt\u0131k&#8221;<br \/>\nT\u00dcB\u0130DEF Uluslararas\u0131 Projeler Koordinat\u00f6r\u00fc, ENVER\u00c7EVKO Ba\u015fkan\u0131 Feridun Ekmekci saha \u00e7al\u0131\u015fmas\u0131 hakk\u0131nda bilgi vererek, &#8220;Yollar\u0131m\u0131z g\u00fczel, d\u00fcz alanda, yoku\u015fsuz, 20-25 kilometreye kadar pedal \u00e7evirdik, kent i\u00e7inde ula\u015f\u0131m ama\u00e7l\u0131 belki bir miktar daha te\u015fvik gerekebilir, Belediye eliyle yap\u0131lan bir te\u015fvik gerekebilir. Ayakta tutmak \u00f6nemli. Yap\u0131ld\u0131ktan sonra bunlar\u0131n ayakta tutulmas\u0131 i\u00e7in de rutin bak\u0131mlar\u0131n, \u00e7al\u0131\u015fmalar\u0131n yap\u0131lmas\u0131 gerekir. \u015eimdilik s\u0131k\u0131nt\u0131m\u0131z yok, ama Mersin&#8217;den Bisiklet Dostu \u0130\u015fveren ve Avrupa Belediye Bisiklet A\u011f\u0131&#8217;na kat\u0131l\u0131m\u0131 vurgulad\u0131k. Umar\u0131z ilerde bunlar da \u015fekillenir&#8221; ifadelerini kulland\u0131.<br \/>\n&#8220;Harika bir \u00e7al\u0131\u015fma olmu\u015f&#8221;<br \/>\nTarsus Kent Konseyi Bisiklet Toplulu\u011fu \u00fcyesi Zekiye Ok\u00e7u, &#8220;\u00c7ok g\u00fczel bir \u00e7al\u0131\u015fma yapm\u0131\u015flar. D\u00fcn toplant\u0131ya kat\u0131ld\u0131k. Bisiklet a\u011f\u0131n\u0131n kesintisiz olarak yurtd\u0131\u015f\u0131 ba\u011flant\u0131s\u0131yla ilgili bir programd\u0131. \u00c7ok verimli ge\u00e7ti. Bug\u00fcn de Mersin i\u00e7indeki bisiklet yollar\u0131n\u0131n tan\u0131t\u0131m\u0131 yap\u0131l\u0131yor. Daha \u00f6nce ben gelmi\u015ftim ama sadece Mersin&#8217;de sahil kenar\u0131nda bisiklet yollar\u0131 oldu\u011funu g\u00f6rm\u00fc\u015ft\u00fcm. \u00c7ok geni\u015fletilmi\u015f, daha b\u00fcy\u00fck kapsamda yap\u0131lm\u0131\u015f. Harika, \u00e7ok mutlu olduk. Eme\u011fi ge\u00e7en herkesi kutluyorum. Harika bir \u00e7al\u0131\u015fma olmu\u015f, devam\u0131n\u0131 diliyoruz&#8221; diye konu\u015ftu.<br \/>\nMersin Zirve Bisiklet Kul\u00fcb\u00fc \u00fcyesi \u0130lke \u00c7amurtay ise, &#8220;Mersin&#8217;in bisikletle ilgili geli\u015fimini uzun y\u0131llar i\u00e7erisinde g\u00f6zlemleme \u015fans\u0131m oldu. Bu son 2 g\u00fcnl\u00fck etkinlikte de \u00e7ok daha mutlu olduk, bilmedi\u011fimiz, uzak kald\u0131\u011f\u0131m\u0131z baz\u0131 konular\u0131 \u00f6\u011frenme \u015fans\u0131m\u0131z oldu de\u011ferli akademisyen hocalar\u0131m\u0131zdan. Mersin&#8217;e bisiklet anlam\u0131nda de\u011fer veren, katk\u0131 sunan, \u00f6zellikle Ahmet Salih \u00d6zenir&#8217;e ve B\u00fcy\u00fck\u015fehir Belediye Ba\u015fkan\u0131m\u0131za da te\u015fekk\u00fcr ediyorum. Bug\u00fcn \u015f\u00f6yle k\u0131sa bir Mersin turu yapt\u0131k. Mersin&#8217;in bisiklet yollar\u0131n\u0131 ve bisiklet yollar\u0131 \u00fczerindeki teknik destek sa\u011flayan b\u00f6l\u00fcmleri inceledik. KentBis hakk\u0131nda biraz bilgi ald\u0131k. Tarihi yerleri misafirlerimize tan\u0131tt\u0131k&#8221; dedi.  <\/p>\n","protected":false},"excerpt":{"rendered":"<p>Mersin B\u00fcy\u00fck\u015fehir Belediyesi&#8217;nin ev sahipli\u011finde T\u00fcm Bisiklet Dernekleri Federasyonu&#8217;nun (T\u00dcB\u0130DEF) i\u015f birli\u011fi ile ger\u00e7ekle\u015ftirilen &#8220;EuroVelo Avrupa Bisiklet Rotalar\u0131 A\u011f\u0131 Bisiklet Stratejileri ve Saha \u00c7al\u0131\u015fmas\u0131&#8221; program\u0131 tamamland\u0131. 2 g\u00fcn s\u00fcren program\u0131n &hellip; <a href=\"https:\/\/akdenizolaygazetesi.com\/?p=19579\" class=\"more-link\">Devam\u0131n\u0131 Oku&#8230;<\/a><\/p>\n","protected":false},"author":2,"featured_media":19580,"comment_status":"open","ping_status":"open","sticky":false,"template":"","format":"standard","meta":[],"categories":[3,10],"tags":[],"_links":{"self":[{"href":"https:\/\/akdenizolaygazetesi.com\/index.php?rest_route=\/wp\/v2\/posts\/19579"}],"collection":[{"href":"https:\/\/akdenizolaygazetesi.com\/index.php?rest_route=\/wp\/v2\/posts"}],"about":[{"href":"https:\/\/akdenizolaygazetesi.com\/index.php?rest_route=\/wp\/v2\/types\/post"}],"author":[{"embeddable":true,"href":"https:\/\/akdenizolaygazetesi.com\/index.php?rest_route=\/wp\/v2\/users\/2"}],"replies":[{"embeddable":true,"href":"https:\/\/akdenizolaygazetesi.com\/index.php?rest_route=%2Fwp%2Fv2%2Fcomments&post=19579"}],"version-history":[{"count":1,"href":"https:\/\/akdenizolaygazetesi.com\/index.php?rest_route=\/wp\/v2\/posts\/19579\/revisions"}],"predecessor-version":[{"id":19581,"href":"https:\/\/akdenizolaygazetesi.com\/index.php?rest_route=\/wp\/v2\/posts\/19579\/revisions\/19581"}],"wp:featuredmedia":[{"embeddable":true,"href":"https:\/\/akdenizolaygazetesi.com\/index.php?rest_route=\/wp\/v2\/media\/19580"}],"wp:attachment":[{"href":"https:\/\/akdenizolaygazetesi.com\/index.php?rest_route=%2Fwp%2Fv2%2Fmedia&parent=19579"}],"wp:term":[{"taxonomy":"category","embeddable":true,"href":"https:\/\/akdenizolaygazetesi.com\/index.php?rest_route=%2Fwp%2Fv2%2Fcategories&post=19579"},{"taxonomy":"post_tag","embeddable":true,"href":"https:\/\/akdenizolaygazetesi.com\/index.php?rest_route=%2Fwp%2Fv2%2Ftags&post=19579"}],"curies":[{"name":"wp","href":"https:\/\/api.w.org\/{rel}","templated":true}]}}