{"id":19585,"date":"2022-07-01T13:05:37","date_gmt":"2022-07-01T10:05:37","guid":{"rendered":"http:\/\/akdenizolaygazetesi.com\/?p=19585"},"modified":"2022-07-01T13:05:37","modified_gmt":"2022-07-01T10:05:37","slug":"ozel-gereksinimli-bireyler-ilk-kez-sinema-salonunda-film-izlemenin-mutlulugunu-yasadi","status":"publish","type":"post","link":"https:\/\/akdenizolaygazetesi.com\/?p=19585","title":{"rendered":"\u00d6ZEL GEREKS\u0130N\u0130ML\u0130 B\u0130REYLER \u0130LK KEZ S\u0130NEMA SALONU&#8217;NDA F\u0130LM \u0130ZLEMEN\u0130N MUTLULU\u011eUNU YA\u015eADI"},"content":{"rendered":"<p>Mersin B\u00fcy\u00fck\u015fehir Belediyesi&#8217;nin Engelsiz Ya\u015fam Park\u0131 ve Mola Evi&#8217;nden faydalanan \u00f6zel gereksinimli bireyler sinema etkinli\u011finde bulu\u015ftu. Asi Prenses isimli animasyonu izleyen \u00f6zel gereksinimli bireyler aras\u0131nda, ilk defa sinemaya gelenler de vard\u0131. Olduk\u00e7a heyecanl\u0131 olan kat\u0131l\u0131mc\u0131lar hem e\u011flendi hem de birbirleri ile kayna\u015fma f\u0131rsat\u0131 buldu.<br \/>\nPalm City AVM&#8217;nin sinema salonunda ger\u00e7ekle\u015fen etkinli\u011fe kat\u0131l\u0131mc\u0131lar\u0131n bir k\u0131sm\u0131 Engelsiz Ya\u015fam Park\u0131&#8217;ndan gelirken, bir k\u0131sm\u0131 ise Tarsus Mola Evi&#8217;nden geldi. Aileleri ile vakit bulamayan ya da farkl\u0131 nedenlerden dolay\u0131 hi\u00e7 sinema salonuna gelememi\u015f olan \u00f6zel gereksinimli bireyler bir ilki yine B\u00fcy\u00fck\u015fehir Belediyesi ile ya\u015fad\u0131. \u0130lk defa sinema salonunda film izlemenin keyfini ya\u015fayan kat\u0131l\u0131mc\u0131lar\u0131n heyecan\u0131 da y\u00fczlerine yans\u0131d\u0131.<br \/>\n&#8220;\u0130lk defa sinema ortam\u0131na gelen bireylerimiz, \u00e7ocuklar\u0131m\u0131z var&#8221;<br \/>\nSa\u011fl\u0131k \u0130\u015fleri Dairesi Ba\u015fkanl\u0131\u011f\u0131&#8217;na ba\u011fl\u0131 Engelliler \u015eube M\u00fcd\u00fcrl\u00fc\u011f\u00fc&#8217;nde g\u00f6revli Bet\u00fcl Demir \u00f6zel bireylere, annelerine ve ailelerine y\u00f6nelik verilen hizmetleri anlatt\u0131. Ayl\u0131k program haz\u0131rlad\u0131klar\u0131n\u0131 belirten Demir, &#8220;Bu etkinliklerimizi her ay d\u00fczenli \u015fekilde bireylerden gelen talepler do\u011frultusunda g\u00fcncelliyoruz. Onlar\u0131n s\u00fcrekli, etkin ve daha kaliteli zaman ge\u00e7irmelerini sa\u011flamak ad\u0131na \u00e7al\u0131\u015fmalar y\u00fcr\u00fct\u00fcyoruz. D\u00f6nem d\u00f6nem de onlar\u0131n farkl\u0131 ortamlarda bulunmalar\u0131n\u0131 sa\u011flamak ad\u0131na de\u011fi\u015fik etkinlikler d\u00fczenleyip, farkl\u0131 yerlere de g\u00f6t\u00fcr\u00fcyoruz. Bug\u00fcn onlar\u0131 bu etkinlikler kapsam\u0131nda film izlemeye getirdik. \u0130lk defa sinema ortam\u0131na gelen bireylerimiz, \u00e7ocuklar\u0131m\u0131z var. Onlar mutlu olunca bizler de mutlu oluyoruz&#8221; dedi.<br \/>\n &#8220;Sinemaya geldi\u011fim i\u00e7in \u00e7ok mutluyum&#8221;<br \/>\nTarsus Mola Evi&#8217;nden sinema etkinli\u011fine kat\u0131lanlardan Ubeydullah Aslan, &#8220;Sinemaya geldim. \u00c7ok mutluyum, \u00e7ok heyecanl\u0131y\u0131m. Herkese te\u015fekk\u00fcr ederiz, \u00f6\u011fretmenlerimizden Allah raz\u0131 olsun&#8221; diyerek duygular\u0131n\u0131 dile getirdi.<br \/>\n&#8220;\u0130lk defa sinemaya geldim&#8221;<br \/>\nEngelsiz Ya\u015fam Park\u0131&#8217;ndan faydalanan 17 ya\u015f\u0131ndaki Bayram Abi\u015f de ilk defa sinemaya gelenlerden. Olduk\u00e7a heyecanl\u0131 olan Abi\u015f, &#8220;\u00d6\u011fretmenlerim ve arkada\u015flar\u0131mla ilk defa sinemaya geldim. \u00c7ok g\u00fczel film izledik. Mutlu oldum. Sinemaya gelmeyi istiyordum. Filmi de \u00e7ok be\u011fendim&#8221; derken, Ecrin Tosun ise &#8220;Buradaki \u00f6\u011fretmenlerimle beraber sinema izlemeye geldik. Sinema \u00e7ok g\u00fczel ge\u00e7iyor. \u00c7ok mutluyum buraya geldi\u011fim i\u00e7in. \u00d6\u011fretmenlerime ayr\u0131ca te\u015fekk\u00fcr ederim&#8221; ifadelerini kulland\u0131.<br \/>\n&#8220;\u00c7ok heyecanl\u0131y\u0131m. Kalbim g\u00fcm g\u00fcm at\u0131yor&#8221;<br \/>\n14 ya\u015f\u0131ndaki Dilara Sa\u00e7u, Engelsiz Ya\u015fam Park\u0131&#8217;n\u0131n hemen hemen her etkinli\u011fine kat\u0131lmaya \u00e7al\u0131\u015ft\u0131\u011f\u0131n\u0131 belirterek, film hakk\u0131nda d\u00fc\u015f\u00fcncelerini &#8220;\u00c7ok heyecanl\u0131y\u0131m. \u015eu an filmin yar\u0131s\u0131nday\u0131z. Kalbim g\u00fcm g\u00fcm at\u0131yor&#8221; c\u00fcmleleriyle aktard\u0131.<\/p>\n","protected":false},"excerpt":{"rendered":"<p>Mersin B\u00fcy\u00fck\u015fehir Belediyesi&#8217;nin Engelsiz Ya\u015fam Park\u0131 ve Mola Evi&#8217;nden faydalanan \u00f6zel gereksinimli bireyler sinema etkinli\u011finde bulu\u015ftu. Asi Prenses isimli animasyonu izleyen \u00f6zel gereksinimli bireyler aras\u0131nda, ilk defa sinemaya gelenler de &hellip; <a href=\"https:\/\/akdenizolaygazetesi.com\/?p=19585\" class=\"more-link\">Devam\u0131n\u0131 Oku&#8230;<\/a><\/p>\n","protected":false},"author":2,"featured_media":19586,"comment_status":"open","ping_status":"open","sticky":false,"template":"","format":"standard","meta":[],"categories":[1,3,9],"tags":[],"_links":{"self":[{"href":"https:\/\/akdenizolaygazetesi.com\/index.php?rest_route=\/wp\/v2\/posts\/19585"}],"collection":[{"href":"https:\/\/akdenizolaygazetesi.com\/index.php?rest_route=\/wp\/v2\/posts"}],"about":[{"href":"https:\/\/akdenizolaygazetesi.com\/index.php?rest_route=\/wp\/v2\/types\/post"}],"author":[{"embeddable":true,"href":"https:\/\/akdenizolaygazetesi.com\/index.php?rest_route=\/wp\/v2\/users\/2"}],"replies":[{"embeddable":true,"href":"https:\/\/akdenizolaygazetesi.com\/index.php?rest_route=%2Fwp%2Fv2%2Fcomments&post=19585"}],"version-history":[{"count":1,"href":"https:\/\/akdenizolaygazetesi.com\/index.php?rest_route=\/wp\/v2\/posts\/19585\/revisions"}],"predecessor-version":[{"id":19587,"href":"https:\/\/akdenizolaygazetesi.com\/index.php?rest_route=\/wp\/v2\/posts\/19585\/revisions\/19587"}],"wp:featuredmedia":[{"embeddable":true,"href":"https:\/\/akdenizolaygazetesi.com\/index.php?rest_route=\/wp\/v2\/media\/19586"}],"wp:attachment":[{"href":"https:\/\/akdenizolaygazetesi.com\/index.php?rest_route=%2Fwp%2Fv2%2Fmedia&parent=19585"}],"wp:term":[{"taxonomy":"category","embeddable":true,"href":"https:\/\/akdenizolaygazetesi.com\/index.php?rest_route=%2Fwp%2Fv2%2Fcategories&post=19585"},{"taxonomy":"post_tag","embeddable":true,"href":"https:\/\/akdenizolaygazetesi.com\/index.php?rest_route=%2Fwp%2Fv2%2Ftags&post=19585"}],"curies":[{"name":"wp","href":"https:\/\/api.w.org\/{rel}","templated":true}]}}