{"id":19588,"date":"2022-07-01T13:08:46","date_gmt":"2022-07-01T10:08:46","guid":{"rendered":"http:\/\/akdenizolaygazetesi.com\/?p=19588"},"modified":"2022-07-01T13:08:46","modified_gmt":"2022-07-01T10:08:46","slug":"kalan-hizmetleri-tamamlamak-icin-butcemizi-zorlayacagiz","status":"publish","type":"post","link":"https:\/\/akdenizolaygazetesi.com\/?p=19588","title":{"rendered":"\u201cKalan hizmetleri tamamlamak i\u00e7in b\u00fct\u00e7emizi zorlayaca\u011f\u0131z\u201d"},"content":{"rendered":"<p>Akdeniz Belediye Ba\u015fkan\u0131 G\u00fcltak, yenileme \u00e7al\u0131\u015fmalar\u0131 bitmek \u00fczere olan Y\u0131lmaz G\u00fcney Gen\u00e7lik Merkezi\u2019ni 400-500 kapasiteli k\u0131z \u00f6\u011frenci yurduna d\u00f6n\u00fc\u015ft\u00fcrebileceklerini belirterek; \u201c\u00dcniversite kazan\u0131p kentimize gelen k\u0131zlar\u0131m\u0131z\u0131n yurt bulamad\u0131\u011f\u0131 i\u00e7in memleketlerine geri d\u00f6nmelerini istemiyoruz\u201d dedi.<br \/>\nAkdeniz Belediye Ba\u015fkan\u0131 M. Mustafa G\u00fcltak; Kazanl\u0131, H\u00fcrriyet ve Cumhuriyet mahallelerini ziyaret etti, hem yap\u0131lan ve yap\u0131lacak hizmet ve yat\u0131r\u0131mlar\u0131 anlatt\u0131 hem de muhtarlar ile vatanda\u015flar\u0131n talep ve \u015fik\u00e2yetlerini dinleyip en k\u0131sa zamanda \u00e7\u00f6z\u00fcm\u00fc i\u00e7in ilgili birim m\u00fcd\u00fcrlerine talimat verdi. Ziyaretlere AK Parti Akdeniz \u0130l\u00e7e Ba\u015fkan\u0131 Emin Gen\u00e7, belediye ba\u015fkan yard\u0131mc\u0131lar\u0131, birim m\u00fcd\u00fcrleri ve mahalle muhtarlar\u0131 da e\u015flik etti. \u0130lk olarak s\u00f6z alan muhtarlar, mahallelerine yap\u0131lan hizmetler nedeniyle te\u015fekk\u00fcr ederek, kalan hizmetlerin de en k\u0131sa s\u00fcrede yap\u0131lmas\u0131n\u0131 istedi.<br \/>\n\u201cKalan hizmetleri tamamlamak i\u00e7in b\u00fct\u00e7emizi zorlayaca\u011f\u0131z\u201d<br \/>\nAkdeniz\u2019de bar\u0131\u015f\u0131, karde\u015fli\u011fi ve huzuru yeniden tesis ettiklerinin alt\u0131n\u0131 \u00e7izen Ba\u015fkan G\u00fcltak; \u201cAkdeniz\u2019de ya\u015fayan vatanda\u015flar\u0131m\u0131z aras\u0131nda hi\u00e7bir ay\u0131r\u0131m yapmadan her mahallemize ihtiyac\u0131n\u0131 duydu\u011fu hizmet ve projeleri, b\u00fct\u00e7emiz ve imk\u00e2nlar\u0131m\u0131z oran\u0131nda sunmaya devam edece\u011fiz. Yaz-k\u0131\u015f demeden se\u00e7ildi\u011fimiz g\u00fcnden beri halk\u0131m\u0131z\u0131n i\u00e7indeyiz. Sahadan ve muhtarlar\u0131m\u0131z\u0131n emrinden ayr\u0131lmad\u0131m. Ara vermeden mahallelerimizi ziyaret ediyor, vatanda\u015flar\u0131m\u0131z\u0131 dinliyoruz. B\u00f6ylece hem yapt\u0131\u011f\u0131m\u0131z hizmetleri yerinde inceliyor, bir yandan da s\u00f6z verdi\u011fimiz halde yapamad\u0131klar\u0131m\u0131z\u0131 g\u00f6r\u00fcyor, nedenini anlat\u0131yoruz. Elbette eksiklerimizi, yeti\u015femedi\u011fimiz hizmetleri tamamlamak i\u00e7in de b\u00fct\u00e7emizi zorlamaya devam edece\u011fiz\u201d dedi.<br \/>\n\u201c\u0130ki y\u0131ld\u0131r bor\u00e7lanma istemedik, kendi ya\u011f\u0131m\u0131zda kavrulduk\u201d<br \/>\nGe\u00e7en ayki B\u00fcy\u00fck\u015fehir Belediyesi Meclis toplant\u0131s\u0131nda, y\u00f6netimin 310 milyon TL\u2019lik bor\u00e7lanma talebinin bizzat kendisinin u\u011fra\u015flar\u0131 sonucu Cumhur \u0130ttifak\u0131 Meclis \u00fcyelerince onaylan\u0131p bor\u00e7lanma yetkisinin verildi\u011fini vurgulayan Ba\u015fkan G\u00fcltak, \u201cMersin B\u00fcy\u00fck\u015fehir Belediyesi\u2019nin 310 milyon TL bor\u00e7lanma almas\u0131n\u0131 sa\u011flayan karde\u015finiz benim&#8230; B\u00fcy\u00fck\u015fehir\u2019in de (b\u00fct\u00e7ede) s\u0131k\u0131nt\u0131lar\u0131 var. Biz de 50 milyon TL\u2019lik bor\u00e7lanma istedik. \u0130ki senedir de bor\u00e7lanma istemedik, kendi ya\u011f\u0131m\u0131zda kavrulduk. T\u00fcm meclis \u00fcyelerimize de sesleniyorum; umar\u0131m 50 milyonluk borcu da k\u0131rpmazlar. \u00c7\u00fcnk\u00fc k\u0131rp\u0131l\u0131rsa kabul etmeyece\u011fim. Muhtarlar beni terletti, asfalt, kald\u0131r\u0131m, yol hizmeti bekliyorlar. Bor\u00e7lanma yetkisi verilir verilmez, Temmuz ortas\u0131ndan itibaren asfalt, yol, kald\u0131r\u0131m hizmetlerine yeniden h\u0131z verece\u011fiz\u201d ifadelerini kulland\u0131.<br \/>\n\u201cVatanda\u015flar\u0131m\u0131z\u0131n 20 y\u0131ld\u0131r ya\u015fad\u0131\u011f\u0131 imar s\u0131k\u0131nt\u0131s\u0131 bitecek\u201d<br \/>\nYakla\u015f\u0131k 20 senedir Mersin\u2019in imar s\u0131k\u0131nt\u0131s\u0131 oldu\u011funu ve hi\u00e7 kimsenin imar alamad\u0131\u011f\u0131n\u0131 ifade eden Ba\u015fkan G\u00fcltak; \u201c\u00d6zellikle de Akdeniz\u2019de bu sorun \u00e7ok b\u00fcy\u00fckt\u00fc. Tar\u0131m g\u00f6r\u00fc\u015f\u00fc gerekiyordu. L\u00fctfi Elvan Bakan\u0131m\u0131z ile birlikte \u00e7abalar\u0131m\u0131z sonucunda 2021 y\u0131l\u0131nda Tar\u0131m Bakanl\u0131\u011f\u0131 bu b\u00f6lgelerin \u00e7o\u011funlu\u011funun imar\u0131na izin verdi. B\u00fcy\u00fck\u015fehir\u2019de; Kazanl\u0131\u2019y\u0131 ilgilendiren 1\/5000 \u00f6l\u00e7ekli naz\u0131m imar planlar\u0131n\u0131n \u00f6n g\u00f6r\u00fc\u015fmeleri yap\u0131lm\u0131\u015f, s\u0131k\u0131nt\u0131lar \u00e7\u00f6z\u00fclm\u00fc\u015f. Haftaya bizim b\u00fcrokratlarla toplan\u0131yorlar. Kazanl\u0131 ve di\u011fer b\u00f6lgelerin 1\/5000\u2019li\u011fini Temmuz ay\u0131 Meclisi\u2019ne yeti\u015ftirmeye \u00e7al\u0131\u015f\u0131yorlar. Ard\u0131ndan biz de 1\/1000\u2019lik uygulama imar planlar\u0131n\u0131 yapaca\u011f\u0131z. Dolay\u0131s\u0131yla 20 y\u0131ld\u0131r Kazanl\u0131 ve civar b\u00f6lge halk\u0131 imar s\u0131k\u0131nt\u0131s\u0131ndan dolay\u0131 ruhsat alamazken, \u00f6n\u00fcm\u00fczdeki sene bu b\u00f6lgelerin tamam\u0131n\u0131n imar s\u0131k\u0131nt\u0131s\u0131 bitecek. Dolay\u0131s\u0131yla arazileriniz daha da de\u011ferlenecek ve ka\u00e7ak yap\u0131 sorunu da ortadan kalkm\u0131\u015f olacak\u201d diye konu\u015ftu.<br \/>\n\u201cKazanl\u0131\u2019ya F\u0130FA standartlar\u0131nda bir saha kazand\u0131rd\u0131k\u201d<br \/>\nBa\u015fkan G\u00fcltak, belediyenin Kazanl\u0131\u2019ya kazand\u0131rd\u0131\u011f\u0131 spor tesisi hakk\u0131nda da bilgi vererek, \u015f\u00f6yle konu\u015ftu; \u201cF\u0130FA standartlar\u0131nda b\u00fcy\u00fck bir saha ve tesis. Her \u015feyi bitti. Burada hem K\u00fclt\u00fcr M\u00fcd\u00fcrl\u00fc\u011f\u00fcm\u00fcz hem de biz, bu i\u015fi Kazanl\u0131\u2019daki kul\u00fcpler ve muhtarlar\u0131m\u0131zla birlikte s\u00fcrd\u00fcrece\u011fiz. Sahan\u0131n kullan\u0131lmas\u0131n\u0131 sizler sa\u011flayacaks\u0131n\u0131z. Kazanl\u0131\u2019da futbol \u00e7ok seviliyor. Dolay\u0131s\u0131yla burada ya\u015fayan sporcular\u0131n ve sporseverlerin sahay\u0131 kullanmas\u0131n\u0131 hep birlikte sa\u011flayaca\u011f\u0131z.\u201d Kazanl\u0131 Spor Tesisinde, amat\u00f6r lig ma\u00e7lar\u0131n\u0131n yap\u0131lmas\u0131 i\u00e7in ba\u015fvuru yapt\u0131\u011f\u0131n\u0131 da belirten Ba\u015fkan G\u00fcltak, olu\u015facak hareketlilikle b\u00f6lge esnaf\u0131n\u0131n kazanc\u0131n\u0131n artaca\u011f\u0131n\u0131 s\u00f6yledi.<br \/>\n\u201cGe\u00e7mi\u015ften gelen bor\u00e7, benim ve vatanda\u015flar\u0131m\u0131z\u0131n s\u0131rt\u0131nda\u201d<br \/>\nAkdeniz Belediyesi\u2019ni 2019 y\u0131l\u0131 se\u00e7imlerinden sonra 232 milyon TL bor\u00e7 ile devrald\u0131klar\u0131n\u0131 hat\u0131rlatan Ba\u015fkan G\u00fcltak, \u0130ller Bankas\u0131\u2019ndan gelen b\u00fct\u00e7enin maa\u015flar\u0131 dahi kar\u015f\u0131layamad\u0131\u011f\u0131n\u0131 s\u00f6yledi, bu nedenle emlak geliri ve di\u011fer vergilerin de hizmete d\u00f6n\u00fc\u015femedi\u011fini dile getirdi. Ba\u015fkan G\u00fcltak, s\u00f6zlerini \u015f\u00f6yle s\u00fcrd\u00fcrd\u00fc;<br \/>\n\u201c\u0130ller Bankas\u0131\u2019ndan ge\u00e7en ay belediyeye aktar\u0131lan gelir 7,8 milyon TL\u2019dir. Fakat vergi ve SSK hari\u00e7 \u00e7\u0131plak maa\u015f giderlerimiz ise 8 bu\u00e7uk milyon TL\u2019yi bulmaktad\u0131r. Dolay\u0131s\u0131yla \u00fczerine para koyup ancak maa\u015flar\u0131 \u00f6deyebilece\u011fiz. S\u0131rt\u0131m\u0131zda ge\u00e7en 20 y\u0131l\u0131n bor\u00e7lar\u0131 var. Son 20 y\u0131l\u0131n \u00f6denmeyen SSK ve vergi bor\u00e7lar\u0131&#8230; Bu bor\u00e7, hem benim hem de siz vatanda\u015flar\u0131m\u0131z\u0131n s\u0131rt\u0131na kalm\u0131\u015f. Biz, yapt\u0131\u011f\u0131m\u0131z hizmet ve yat\u0131r\u0131mlar\u0131n \u00e7o\u011funu da b\u00fcrokratlar\u0131m\u0131zla projelendiriyoruz. Ankara\u2019ya gidip proje kar\u015f\u0131l\u0131\u011f\u0131 para getirip hizmet yapabiliyoruz.\u201d<br \/>\n\u201cTesiste, saatte 160 ton asfalt \u00fcretilecek\u201d<br \/>\nA\u011f\u0131r bor\u00e7 y\u00fck\u00fcne ra\u011fmen hem hizmet \u00fcrettiklerini hem de il\u00e7eye yat\u0131r\u0131mlar yapt\u0131klar\u0131n\u0131 vurgulad\u0131\u011f\u0131 a\u00e7\u0131klamas\u0131nda Ba\u015fkan G\u00fcltak, kent merkezindeki hi\u00e7bir il\u00e7e belediyesinde olmayan bir asfalt \u015fantiyesini, 1 lira dahi \u00f6demeden hibe yoluyla Akdeniz\u2019e kazand\u0131rd\u0131klar\u0131n\u0131 anlatt\u0131; K\u00fcrk\u00e7\u00fc Mahallesi\u2019nde kurulan \u015fantiyede saatte 160 ton s\u0131cak asfalt \u00fcretilece\u011fini s\u00f6zlerine ekledi. <\/p>\n<p>\u201cY\u0131lmaz G\u00fcney Gen\u00e7lik Merkezi, yurt olarak da hizmet verecek\u201d<br \/>\nBir dizi temas ve ziyaretlerde bulunmak \u00fczere Mersin\u2019e gelen Gen\u00e7lik ve Spor Bakan\u0131 Mehmet Muharrem Kasapo\u011flu ile de konuyu g\u00f6r\u00fc\u015ft\u00fc\u011f\u00fcn\u00fc kaydeden Ba\u015fkan G\u00fcltak, ba\u015ftan sona yenilenen Y\u0131lmaz G\u00fcney Gen\u00e7lik Merkezi\u2019nin, 400 ila 500 kapasiteli k\u0131z \u00f6\u011frenci yurdu olarak da hizmet vermesi i\u00e7in gerekli \u00e7al\u0131\u015fmalar\u0131 ba\u015flatt\u0131klar\u0131n\u0131 ifade etti. Ba\u015fkan G\u00fcltak, \u201c\u00dcniversite kazan\u0131p kentimize gelen, ancak yurt veya (kiral\u0131k) ev bulamayan k\u0131zlar\u0131m\u0131z\u0131n, memleketlerine geri d\u00f6nmelerini istemiyoruz. Bu b\u00fcy\u00fck hizmeti gen\u00e7lerimize kazand\u0131racak olmaktan dolay\u0131 mutluyuz\u201d ifadelerini kulland\u0131.<br \/>\nVatanda\u015flar\u0131n da taleplerini anlatmas\u0131ndan sonra Ba\u015fkan G\u00fcltak, esnaf ve vatanda\u015flar\u0131 ziyaret etti, kar\u015f\u0131la\u015ft\u0131\u011f\u0131 \u00e7ocuklar\u0131 hediyelerle sevindirdi. <\/p>\n","protected":false},"excerpt":{"rendered":"<p>Akdeniz Belediye Ba\u015fkan\u0131 G\u00fcltak, yenileme \u00e7al\u0131\u015fmalar\u0131 bitmek \u00fczere olan Y\u0131lmaz G\u00fcney Gen\u00e7lik Merkezi\u2019ni 400-500 kapasiteli k\u0131z \u00f6\u011frenci yurduna d\u00f6n\u00fc\u015ft\u00fcrebileceklerini belirterek; \u201c\u00dcniversite kazan\u0131p kentimize gelen k\u0131zlar\u0131m\u0131z\u0131n yurt bulamad\u0131\u011f\u0131 i\u00e7in memleketlerine geri &hellip; <a href=\"https:\/\/akdenizolaygazetesi.com\/?p=19588\" class=\"more-link\">Devam\u0131n\u0131 Oku&#8230;<\/a><\/p>\n","protected":false},"author":2,"featured_media":19589,"comment_status":"open","ping_status":"open","sticky":false,"template":"","format":"standard","meta":[],"categories":[8,1,2,3,5,10],"tags":[],"_links":{"self":[{"href":"https:\/\/akdenizolaygazetesi.com\/index.php?rest_route=\/wp\/v2\/posts\/19588"}],"collection":[{"href":"https:\/\/akdenizolaygazetesi.com\/index.php?rest_route=\/wp\/v2\/posts"}],"about":[{"href":"https:\/\/akdenizolaygazetesi.com\/index.php?rest_route=\/wp\/v2\/types\/post"}],"author":[{"embeddable":true,"href":"https:\/\/akdenizolaygazetesi.com\/index.php?rest_route=\/wp\/v2\/users\/2"}],"replies":[{"embeddable":true,"href":"https:\/\/akdenizolaygazetesi.com\/index.php?rest_route=%2Fwp%2Fv2%2Fcomments&post=19588"}],"version-history":[{"count":1,"href":"https:\/\/akdenizolaygazetesi.com\/index.php?rest_route=\/wp\/v2\/posts\/19588\/revisions"}],"predecessor-version":[{"id":19590,"href":"https:\/\/akdenizolaygazetesi.com\/index.php?rest_route=\/wp\/v2\/posts\/19588\/revisions\/19590"}],"wp:featuredmedia":[{"embeddable":true,"href":"https:\/\/akdenizolaygazetesi.com\/index.php?rest_route=\/wp\/v2\/media\/19589"}],"wp:attachment":[{"href":"https:\/\/akdenizolaygazetesi.com\/index.php?rest_route=%2Fwp%2Fv2%2Fmedia&parent=19588"}],"wp:term":[{"taxonomy":"category","embeddable":true,"href":"https:\/\/akdenizolaygazetesi.com\/index.php?rest_route=%2Fwp%2Fv2%2Fcategories&post=19588"},{"taxonomy":"post_tag","embeddable":true,"href":"https:\/\/akdenizolaygazetesi.com\/index.php?rest_route=%2Fwp%2Fv2%2Ftags&post=19588"}],"curies":[{"name":"wp","href":"https:\/\/api.w.org\/{rel}","templated":true}]}}