{"id":19594,"date":"2022-07-01T13:18:35","date_gmt":"2022-07-01T10:18:35","guid":{"rendered":"http:\/\/akdenizolaygazetesi.com\/?p=19594"},"modified":"2022-07-01T13:18:35","modified_gmt":"2022-07-01T10:18:35","slug":"universitemizden-gururlandiran-basari","status":"publish","type":"post","link":"https:\/\/akdenizolaygazetesi.com\/?p=19594","title":{"rendered":"\u00dcniversitemizden Gururland\u0131ran Ba\u015far\u0131"},"content":{"rendered":"<p>Y\u00d6K taraf\u0131ndan d\u00fczenlenen &#8220;2022 Engelsiz \u00dcniversiteler \u00d6d\u00fclleri&#8221; sahiplerini buldu. \u00dcniversitemiz, 114 \u00dcniversiteden toplam 1074 ba\u015fvurunun yap\u0131ld\u0131\u011f\u0131 Engelsiz \u00dcniversite \u00d6d\u00fcllerinde 21 bayrak ile \u00fc\u00e7\u00fcnc\u00fc s\u0131rada yer alarak b\u00fcy\u00fck bir ba\u015far\u0131ya daha imza att\u0131.<\/p>\n<p>\u00dcniversitelerde engelsiz bir ekosistemin olu\u015fturulmas\u0131n\u0131 te\u015fvik etmek amac\u0131yla ger\u00e7ekle\u015ftirilen 2022 Y\u0131l\u0131 Engelsiz \u00dcniversiteler \u00d6d\u00fcllerini kazanan \u00fcniversiteler 30 Haziran 2022 Per\u015fembe g\u00fcn\u00fc Y\u00d6K&#8217;te d\u00fczenlenen t\u00f6renle Y\u00d6K Ba\u015fkan\u0131 Prof. Dr, Erol \u00d6zvar taraf\u0131ndan a\u00e7\u0131kland\u0131.<\/p>\n<p>Prof. Dr. \u00d6zvar, Engelsiz \u00dcniversite Bayraklar\u0131 kategorisinde Mersin \u00dcniversitesinin 21 bayrak ile \u00fc\u00e7\u00fcnc\u00fc oldu\u011funu duyurdu. Engelsiz \u00dcniversite \u00d6d\u00fcl\u00fc, \u00dcniversitemiz ad\u0131na Rekt\u00f6r\u00fcm\u00fcz Prof. Dr. Ahmet \u00c7amsar\u0131&#8217;ya Y\u00d6K Ba\u015fkan\u0131 Prof. Dr. Erol \u00d6zvar taraf\u0131ndan takdim edildi.<\/p>\n<p>Engelsiz \u00dcniversite \u00d6d\u00fclleri i\u00e7in ba\u015fvuru yapan t\u00fcm \u00fcniversiteleri duyarl\u0131l\u0131klar\u0131 ve gayretlerinden dolay\u0131 tebrik eden Prof. Dr. \u00d6zvar, &#8220;Engelsiz \u00fcniversite bayraklar\u0131n\u0131n ve ni\u015fanlar\u0131n\u0131n al\u0131nmas\u0131na katk\u0131 sa\u011flayan \u00fcniversitelerimizdeki g\u00f6revli t\u00fcm akademik ve idari personele te\u015fekk\u00fcr ediyorum. Verilecek t\u00fcm \u00f6d\u00fcllerin nice g\u00fczel di\u011fer \u00e7al\u0131\u015fmalar\u0131, i\u015f birliklerini te\u015fvik etmesini can\u0131 g\u00f6n\u00fclden diliyorum.&#8221; dedi.<\/p>\n<p>Rekt\u00f6r\u00fcm\u00fcz Prof. Dr. Ahmet \u00c7amsar\u0131 ise, \u00dcniversitemizde engelli \u00f6\u011frencilerimiz a\u00e7\u0131s\u0131ndan hem e\u011fitim s\u00fcre\u00e7leri hem de mek\u00e2nsal anlamda eri\u015filebilirli\u011fe b\u00fcy\u00fck \u00f6nem verildi\u011fini ve \u00f6zellikle son y\u0131llarda buna y\u00f6nelik proje ve yat\u0131r\u0131mlar\u0131n h\u0131z kazand\u0131\u011f\u0131n\u0131 vurgulad\u0131.<\/p>\n<p>\u00dcniversitemizin t\u00fcm birimlerinin bu konudaki hassasiyetinin \u00fcst seviyede oldu\u011funu ifade eden Prof. Dr. \u00c7amsar\u0131, &#8220;Y\u00d6K Ba\u015fkan\u0131m\u0131z Say\u0131n Prof. Dr. Erol \u00d6zvar&#8217;\u0131n da belirtti\u011fi gibi engelli bireylerin y\u00fcksek\u00f6\u011fretime tam, etkin ve e\u015fit kat\u0131l\u0131m\u0131n\u0131 sa\u011flamak amac\u0131yla canla ba\u015fla \u00e7al\u0131\u015fmay\u0131 s\u00fcrd\u00fcr\u00fcyoruz. Engelli \u00f6\u011frencilerimizin \u00f6zel gereksinimlerini kar\u015f\u0131lamak i\u00e7in t\u00fcm imkan\u0131m\u0131z\u0131 seferber ediyoruz. Ald\u0131\u011f\u0131m\u0131z anlaml\u0131 \u00f6d\u00fcl, bu \u00e7abalar\u0131m\u0131z\u0131n kar\u015f\u0131l\u0131\u011f\u0131 oldu ve hepimizi gururland\u0131rd\u0131. Bizlere bu \u00f6d\u00fcl\u00fc lay\u0131k g\u00f6rd\u00fckleri i\u00e7in Y\u00d6K Ba\u015fkan\u0131m\u0131za ve se\u00e7ici kurul \u00fcyelerine, bu s\u00fcre\u00e7te eme\u011fi ge\u00e7en ba\u015fta Engelsiz Ya\u015fam Birimimiz olmak \u00fczere \u00dcniversitemizin akademik ve idari personeli ile \u00f6\u011frencilerimize te\u015fekk\u00fcrlerimi ve \u015f\u00fckranlar\u0131m\u0131 sunuyorum.&#8221; dedi.<\/p>\n","protected":false},"excerpt":{"rendered":"<p>Y\u00d6K taraf\u0131ndan d\u00fczenlenen &#8220;2022 Engelsiz \u00dcniversiteler \u00d6d\u00fclleri&#8221; sahiplerini buldu. \u00dcniversitemiz, 114 \u00dcniversiteden toplam 1074 ba\u015fvurunun yap\u0131ld\u0131\u011f\u0131 Engelsiz \u00dcniversite \u00d6d\u00fcllerinde 21 bayrak ile \u00fc\u00e7\u00fcnc\u00fc s\u0131rada yer alarak b\u00fcy\u00fck bir ba\u015far\u0131ya daha &hellip; <a href=\"https:\/\/akdenizolaygazetesi.com\/?p=19594\" class=\"more-link\">Devam\u0131n\u0131 Oku&#8230;<\/a><\/p>\n","protected":false},"author":2,"featured_media":19595,"comment_status":"open","ping_status":"open","sticky":false,"template":"","format":"standard","meta":[],"categories":[2,3,5],"tags":[],"_links":{"self":[{"href":"https:\/\/akdenizolaygazetesi.com\/index.php?rest_route=\/wp\/v2\/posts\/19594"}],"collection":[{"href":"https:\/\/akdenizolaygazetesi.com\/index.php?rest_route=\/wp\/v2\/posts"}],"about":[{"href":"https:\/\/akdenizolaygazetesi.com\/index.php?rest_route=\/wp\/v2\/types\/post"}],"author":[{"embeddable":true,"href":"https:\/\/akdenizolaygazetesi.com\/index.php?rest_route=\/wp\/v2\/users\/2"}],"replies":[{"embeddable":true,"href":"https:\/\/akdenizolaygazetesi.com\/index.php?rest_route=%2Fwp%2Fv2%2Fcomments&post=19594"}],"version-history":[{"count":1,"href":"https:\/\/akdenizolaygazetesi.com\/index.php?rest_route=\/wp\/v2\/posts\/19594\/revisions"}],"predecessor-version":[{"id":19596,"href":"https:\/\/akdenizolaygazetesi.com\/index.php?rest_route=\/wp\/v2\/posts\/19594\/revisions\/19596"}],"wp:featuredmedia":[{"embeddable":true,"href":"https:\/\/akdenizolaygazetesi.com\/index.php?rest_route=\/wp\/v2\/media\/19595"}],"wp:attachment":[{"href":"https:\/\/akdenizolaygazetesi.com\/index.php?rest_route=%2Fwp%2Fv2%2Fmedia&parent=19594"}],"wp:term":[{"taxonomy":"category","embeddable":true,"href":"https:\/\/akdenizolaygazetesi.com\/index.php?rest_route=%2Fwp%2Fv2%2Fcategories&post=19594"},{"taxonomy":"post_tag","embeddable":true,"href":"https:\/\/akdenizolaygazetesi.com\/index.php?rest_route=%2Fwp%2Fv2%2Ftags&post=19594"}],"curies":[{"name":"wp","href":"https:\/\/api.w.org\/{rel}","templated":true}]}}