{"id":19600,"date":"2022-07-01T13:24:15","date_gmt":"2022-07-01T10:24:15","guid":{"rendered":"http:\/\/akdenizolaygazetesi.com\/?p=19600"},"modified":"2022-07-01T13:24:15","modified_gmt":"2022-07-01T10:24:15","slug":"6-aylik-degerlendirme-toplantisi-gulnarda-gerceklestirildi","status":"publish","type":"post","link":"https:\/\/akdenizolaygazetesi.com\/?p=19600","title":{"rendered":"6 Ayl\u0131k de\u011ferlendirme toplant\u0131s\u0131 G\u00fclnar\u2019da ger\u00e7ekle\u015ftirildi"},"content":{"rendered":"<p>Mersin Orman B\u00f6lge M\u00fcd\u00fcr\u00fc Kenan Akduman, 9 orman i\u015fletme m\u00fcd\u00fcr\u00fc, fidanl\u0131k m\u00fcd\u00fcr\u00fc ve \u015fube m\u00fcd\u00fcrleriyle G\u00fclnar Orman \u0130\u015fletme M\u00fcd\u00fcrl\u00fc\u011f\u00fc Sosyal Tesislerinde ger\u00e7ekle\u015ftirilen toplant\u0131da bir araya geldi.<br \/>\nToplant\u0131ya Mersin Orman B\u00f6lge M\u00fcd\u00fcr Yard\u0131mc\u0131lar\u0131 Mehmet Fulin, Beyhan Alt\u0131nta\u015f ve Ya\u015far Yaman Sa\u011flam,  \u015fube m\u00fcd\u00fcrleri, orman i\u015fletme m\u00fcd\u00fcrleri, fidanl\u0131k m\u00fcd\u00fcr\u00fc ve et\u00fct proje ba\u015fm\u00fchendisi kat\u0131ld\u0131lar.<br \/>\nB\u00f6lge M\u00fcd\u00fcr\u00fc Akduman a\u00e7\u0131l\u0131\u015f konu\u015fmas\u0131nda, Orman Genel M\u00fcd\u00fcrl\u00fc\u011f\u00fcm\u00fcz\u00fcn kurumsal k\u00fclt\u00fcr\u00fc \u00e7er\u00e7evesinde; b\u00f6lgemize, \u00fclkemize ve milletimize nitelikli hizmetler sunmam\u0131z\u0131n yolunun, gelece\u011fe ili\u015fkin hedeflerin belirlenmesi ve bu hedeflere ula\u015fabilmek i\u00e7in planl\u0131 \u00e7al\u0131\u015fmay\u0131 \u00f6nemsediklerini belirti. Genel M\u00fcd\u00fcrl\u00fc\u011f\u00fcm\u00fcz\u00fcn ve B\u00f6lge M\u00fcd\u00fcrl\u00fc\u011f\u00fcm\u00fcz\u00fcn g\u00fcndemini her kademede g\u00f6revli personelimizin ilgi ve heyecan ile takip etmesi, yap\u0131lan t\u00fcm faaliyetlerin teknik, ekonomik ve mevzuat dahilinde y\u00fcr\u00fct\u00fclmesinin ba\u015far\u0131y\u0131 getirece\u011fini ifade etti.<br \/>\n\u015eube M\u00fcd\u00fcrleri faaliyet konular\u0131na ili\u015fkin, \u0130\u015fletme M\u00fcd\u00fcrl\u00fcklerimizin de\u011ferlendirmesini i\u00e7eren sunum yapt\u0131lar. Ard\u0131ndan \u015fube ve i\u015fletmelerin sorunlar\u0131 ve \u00e7\u00f6z\u00fcm \u00f6nerileri kar\u015f\u0131l\u0131kl\u0131 olarak g\u00f6r\u00fc\u015f\u00fcld\u00fc.<\/p>\n<p>B\u00f6lge M\u00fcd\u00fcr\u00fc Akduman ilk 6 ayl\u0131k d\u00f6nemde g\u00f6sterilen gayret i\u00e7in eme\u011fi ge\u00e7en t\u00fcm \u00e7al\u0131\u015fma arkada\u015flar\u0131na te\u015fekk\u00fcr etti.<\/p>\n","protected":false},"excerpt":{"rendered":"<p>Mersin Orman B\u00f6lge M\u00fcd\u00fcr\u00fc Kenan Akduman, 9 orman i\u015fletme m\u00fcd\u00fcr\u00fc, fidanl\u0131k m\u00fcd\u00fcr\u00fc ve \u015fube m\u00fcd\u00fcrleriyle G\u00fclnar Orman \u0130\u015fletme M\u00fcd\u00fcrl\u00fc\u011f\u00fc Sosyal Tesislerinde ger\u00e7ekle\u015ftirilen toplant\u0131da bir araya geldi. Toplant\u0131ya Mersin Orman B\u00f6lge &hellip; <a href=\"https:\/\/akdenizolaygazetesi.com\/?p=19600\" class=\"more-link\">Devam\u0131n\u0131 Oku&#8230;<\/a><\/p>\n","protected":false},"author":2,"featured_media":19601,"comment_status":"open","ping_status":"open","sticky":false,"template":"","format":"standard","meta":[],"categories":[2,3],"tags":[],"_links":{"self":[{"href":"https:\/\/akdenizolaygazetesi.com\/index.php?rest_route=\/wp\/v2\/posts\/19600"}],"collection":[{"href":"https:\/\/akdenizolaygazetesi.com\/index.php?rest_route=\/wp\/v2\/posts"}],"about":[{"href":"https:\/\/akdenizolaygazetesi.com\/index.php?rest_route=\/wp\/v2\/types\/post"}],"author":[{"embeddable":true,"href":"https:\/\/akdenizolaygazetesi.com\/index.php?rest_route=\/wp\/v2\/users\/2"}],"replies":[{"embeddable":true,"href":"https:\/\/akdenizolaygazetesi.com\/index.php?rest_route=%2Fwp%2Fv2%2Fcomments&post=19600"}],"version-history":[{"count":1,"href":"https:\/\/akdenizolaygazetesi.com\/index.php?rest_route=\/wp\/v2\/posts\/19600\/revisions"}],"predecessor-version":[{"id":19602,"href":"https:\/\/akdenizolaygazetesi.com\/index.php?rest_route=\/wp\/v2\/posts\/19600\/revisions\/19602"}],"wp:featuredmedia":[{"embeddable":true,"href":"https:\/\/akdenizolaygazetesi.com\/index.php?rest_route=\/wp\/v2\/media\/19601"}],"wp:attachment":[{"href":"https:\/\/akdenizolaygazetesi.com\/index.php?rest_route=%2Fwp%2Fv2%2Fmedia&parent=19600"}],"wp:term":[{"taxonomy":"category","embeddable":true,"href":"https:\/\/akdenizolaygazetesi.com\/index.php?rest_route=%2Fwp%2Fv2%2Fcategories&post=19600"},{"taxonomy":"post_tag","embeddable":true,"href":"https:\/\/akdenizolaygazetesi.com\/index.php?rest_route=%2Fwp%2Fv2%2Ftags&post=19600"}],"curies":[{"name":"wp","href":"https:\/\/api.w.org\/{rel}","templated":true}]}}