{"id":19618,"date":"2022-07-02T16:52:50","date_gmt":"2022-07-02T13:52:50","guid":{"rendered":"http:\/\/akdenizolaygazetesi.com\/?p=19618"},"modified":"2022-07-02T16:52:50","modified_gmt":"2022-07-02T13:52:50","slug":"buyuksehirden-engelleri-asan-bir-proje-daha","status":"publish","type":"post","link":"https:\/\/akdenizolaygazetesi.com\/?p=19618","title":{"rendered":"B\u00fcy\u00fck\u015fehir&#8217;den engelleri a\u015fan bir proje daha"},"content":{"rendered":"<p>Mersin B\u00fcy\u00fck\u015fehir Belediyesi Sa\u011fl\u0131k \u0130\u015fleri Dairesi, g\u00f6rme engelli bireyler i\u00e7in &#8216;Ba\u011f\u0131ms\u0131z Hareket Becerileri&#8217; kursu ba\u015flatt\u0131. Haftada 2 g\u00fcn s\u00fcren e\u011fitimler B\u00fcy\u00fck\u015fehir Belediyesi&#8217;nin Engelsiz Ya\u015fam Merkezi ile d\u0131\u015f mekanlarda ger\u00e7ekle\u015ftiriliyor.<\/p>\n<p>B\u00fcy\u00fck\u015fehir&#8217;den engelleri a\u015fan bir proje daha<\/p>\n<p>Mersin B\u00fcy\u00fck\u015fehir Belediye Ba\u015fkan\u0131 Vahap Se\u00e7er \u00f6nc\u00fcl\u00fc\u011f\u00fcnde \u00f6zel gereksinimli bireylerin hayatlar\u0131ndaki engelleri ortadan kald\u0131rmak i\u00e7in \u015fimdiye kadar bir\u00e7ok projeyi hayata ge\u00e7iren Sa\u011fl\u0131k \u0130\u015fleri Dairesi, g\u00f6rme yetisini yitirmi\u015f veya az g\u00f6ren 9 ya\u015f\u0131ndan b\u00fcy\u00fck bireyler i\u00e7in &#8216;Ba\u011f\u0131ms\u0131z Hareket Becerileri&#8217; kursu ba\u015flatt\u0131. Haftada 2 g\u00fcn s\u00fcren e\u011fitimler, B\u00fcy\u00fck\u015fehir Belediyesi&#8217;nin Engelsiz Ya\u015fam Merkezi ile d\u0131\u015f mekanlarda ger\u00e7ekle\u015ftiriliyor.  <\/p>\n<p>Bireylerin her ortamda \u00f6zg\u00fcrce hareket edebilmesini ama\u00e7layan kursa ilgi g\u00f6steren \u00f6zel gereksinimli vatanda\u015flar ve aileleri, her Pazartesi ve \u00c7ar\u015famba g\u00fcn\u00fc B\u00fcy\u00fck\u015fehir&#8217;in Engelsiz Ya\u015fam Merkezi&#8217;nde bir araya geliyor. Kursta; rehberli, rehbersiz ve beyaz baston arac\u0131l\u0131\u011f\u0131yla g\u00fcnl\u00fck hayatta yapabilecekleri hareketler uygulan\u0131yor. Ayr\u0131ca \u00f6zel gereksinimli bireyler ile d\u0131\u015f mekanlarda da pratik ger\u00e7ekle\u015ftiriliyor. Yollarda kar\u015f\u0131dan kar\u015f\u0131ya ge\u00e7me, al\u0131\u015fveri\u015f merkezlerinde al\u0131\u015fveri\u015f yapma, kafelerde sipari\u015f verme gibi g\u00fcnl\u00fck pratikler de uygulat\u0131l\u0131yor.<\/p>\n<p>&#8220;E\u011fitimdeki ama\u00e7, bireylerin daha ba\u011f\u0131ms\u0131z hareket edebilmesini sa\u011flamak&#8221;<\/p>\n<p>Sa\u011fl\u0131k \u0130\u015fleri Dairesi Engelliler \u015eube M\u00fcd\u00fcrl\u00fc\u011f\u00fc&#8217;nde g\u00f6rev yapan Ba\u011f\u0131ms\u0131z Hareket Becerileri Kursu E\u011fitmeni Kadriye K\u0131l\u0131\u00e7, e\u011fitimin detaylar\u0131ndan bahsederek, &#8220;Az g\u00f6ren ya da g\u00f6rme yetisini yitirmi\u015f 9 ya\u015f\u0131ndan b\u00fcy\u00fck olan b\u00fct\u00fcn bireylere e\u011fitimimizi veriyoruz. E\u011fitimdeki ama\u00e7; g\u00f6rme yetisini yitirmi\u015f ya da az g\u00f6ren bireylerin g\u00fcnl\u00fck hayatta, evde, trafikte her durumda daha \u00f6zg\u00fcrce ve daha ba\u011f\u0131ms\u0131z hareket edebilmesini sa\u011flamak, i\u00e7lerinde var olan \u00f6zg\u00fcveni daha da \u00e7ok ortaya \u00e7\u0131kartmak ve baz\u0131 teknik bilgilerle bunu desteklemek&#8221; dedi.<\/p>\n<p>E\u011fitimin rehberli hareketler, rehbersiz hareketler ve beyaz baston arac\u0131l\u0131\u011f\u0131 ile yap\u0131labilecek hareketler olmak \u00fczere 3 a\u015famadan olu\u015ftu\u011funu vurgulayan K\u0131l\u0131\u00e7, &#8220;E\u011fitimimize ba\u015flamadan \u00f6nce engelli bireyin engelini kabul etmesi bizim i\u00e7in \u00e7ok \u00f6nemli. Verdi\u011fimiz e\u011fitim ne kadar kaliteli olursa olsun, \u00f6\u011frencimiz e\u011fer ki e\u011fitimi alabilecek psikolojiye sahip de\u011fil ise bu ne yaz\u0131k ki ba\u015far\u0131l\u0131 bir sonu\u00e7 veremeyebiliyor. Bu y\u00fczden kursumuza ba\u015flamadan \u00f6nce mutlaka Daire Ba\u015fkanl\u0131\u011f\u0131m\u0131zda g\u00f6revli olan psikolo\u011fumuzla bir g\u00f6r\u00fc\u015fme ger\u00e7ekle\u015ftiriliyor. Psikolo\u011fumuz, ki\u015finin kursa haz\u0131r oldu\u011funu, kursta verilecek olan bilgileri kabul edebilece\u011fi onay\u0131n\u0131 bize verdi\u011fi takdirde e\u011fitime ba\u015fl\u0131yoruz&#8221; dedi.  <\/p>\n<p>E\u011fitim almak isteyen bireylere de seslenen K\u0131l\u0131\u00e7, &#8220;Mersin B\u00fcy\u00fck\u015fehir&#8217;in sunmu\u015f oldu\u011fu bu hizmetten faydalanmak isteyen engelli birey ve aileleri, Belediyemizin Engelsiz Ya\u015fam Merkezi&#8217;ne telefon arac\u0131l\u0131\u011f\u0131yla ya da bizzat kendileri ba\u015fvurabilirler. Ayn\u0131 zamanda B\u00fcy\u00fck\u015fehir Belediyemizin 185 hatt\u0131na da ba\u015fvuruda bulunabilirler&#8221; dedi.<\/p>\n<p>&#8220;G\u00fcndelik hayat\u0131mda \u00e7ok yard\u0131mc\u0131 oluyor&#8221;<\/p>\n<p>G\u00f6rme engelli birey Alperen Denizalp, &#8220;Burada g\u00f6rme engelliler tek ba\u015f\u0131na, ba\u011f\u0131ms\u0131zca nas\u0131l hareket edebilme kabiliyeti elde edebilir onu \u00f6\u011freniyorum. G\u00fcndelik hayat\u0131mda \u00e7ok yard\u0131mc\u0131 oluyor. Yani kendi ba\u015f\u0131ma istedi\u011fim yere gidebiliyorum. \u00d6nceden bunu yapam\u0131yordum, imkans\u0131z oldu\u011funu d\u00fc\u015f\u00fcn\u00fcyordum ama ger\u00e7eklerle y\u00fczle\u015fti\u011fim zaman, e\u011fitim de ald\u0131\u011f\u0131m i\u00e7in \u015fimdi istedi\u011fim yere rahat bir \u015fekilde gidebiliyorum. E\u011fitimin i\u00e7inde kar\u015f\u0131dan kar\u015f\u0131ya ge\u00e7me, rehberli veya rehbersiz y\u00fcr\u00fcy\u00fc\u015f, asans\u00f6re binme, basamak \u00e7\u0131kma, inme t\u00fcr\u00fc \u015feyler var&#8221; dedi.<\/p>\n<p>Alperen&#8217;in annesi Figen Denizalp ise e\u011fitimlerden \u00e7ok memnun olduklar\u0131n\u0131 ifade ederek, &#8220;Alperen iyi ki de bu e\u011fitime gelmi\u015f. \u00c7\u00fcnk\u00fc g\u00f6rme engeli sonradan oldu\u011fu i\u00e7in, sokakta y\u00fcr\u00fcrken baston kullanmay\u0131 bilmiyordu. Evde mesela birden yere oturuyor veya kanepede bir \u015fey var m\u0131 yok mu diye yoklamay\u0131 bilmiyordu. Mesela bardak ve benzeri \u015feyleri al\u0131rken k\u0131r\u0131yordu. \u015eimdi eliyle yoklay\u0131p almas\u0131n\u0131 \u00f6\u011frendi. B\u00fcy\u00fck\u015fehir Belediyesi&#8217;nin bu etkinliklerinden olduk\u00e7a fayda g\u00f6rd\u00fck ve \u00e7ok memnunuz&#8221; diye konu\u015ftu.<\/p>\n","protected":false},"excerpt":{"rendered":"<p>Mersin B\u00fcy\u00fck\u015fehir Belediyesi Sa\u011fl\u0131k \u0130\u015fleri Dairesi, g\u00f6rme engelli bireyler i\u00e7in &#8216;Ba\u011f\u0131ms\u0131z Hareket Becerileri&#8217; kursu ba\u015flatt\u0131. Haftada 2 g\u00fcn s\u00fcren e\u011fitimler B\u00fcy\u00fck\u015fehir Belediyesi&#8217;nin Engelsiz Ya\u015fam Merkezi ile d\u0131\u015f mekanlarda ger\u00e7ekle\u015ftiriliyor. B\u00fcy\u00fck\u015fehir&#8217;den &hellip; <a href=\"https:\/\/akdenizolaygazetesi.com\/?p=19618\" class=\"more-link\">Devam\u0131n\u0131 Oku&#8230;<\/a><\/p>\n","protected":false},"author":2,"featured_media":19619,"comment_status":"open","ping_status":"open","sticky":false,"template":"","format":"standard","meta":[],"categories":[1,2,3,9],"tags":[],"_links":{"self":[{"href":"https:\/\/akdenizolaygazetesi.com\/index.php?rest_route=\/wp\/v2\/posts\/19618"}],"collection":[{"href":"https:\/\/akdenizolaygazetesi.com\/index.php?rest_route=\/wp\/v2\/posts"}],"about":[{"href":"https:\/\/akdenizolaygazetesi.com\/index.php?rest_route=\/wp\/v2\/types\/post"}],"author":[{"embeddable":true,"href":"https:\/\/akdenizolaygazetesi.com\/index.php?rest_route=\/wp\/v2\/users\/2"}],"replies":[{"embeddable":true,"href":"https:\/\/akdenizolaygazetesi.com\/index.php?rest_route=%2Fwp%2Fv2%2Fcomments&post=19618"}],"version-history":[{"count":1,"href":"https:\/\/akdenizolaygazetesi.com\/index.php?rest_route=\/wp\/v2\/posts\/19618\/revisions"}],"predecessor-version":[{"id":19620,"href":"https:\/\/akdenizolaygazetesi.com\/index.php?rest_route=\/wp\/v2\/posts\/19618\/revisions\/19620"}],"wp:featuredmedia":[{"embeddable":true,"href":"https:\/\/akdenizolaygazetesi.com\/index.php?rest_route=\/wp\/v2\/media\/19619"}],"wp:attachment":[{"href":"https:\/\/akdenizolaygazetesi.com\/index.php?rest_route=%2Fwp%2Fv2%2Fmedia&parent=19618"}],"wp:term":[{"taxonomy":"category","embeddable":true,"href":"https:\/\/akdenizolaygazetesi.com\/index.php?rest_route=%2Fwp%2Fv2%2Fcategories&post=19618"},{"taxonomy":"post_tag","embeddable":true,"href":"https:\/\/akdenizolaygazetesi.com\/index.php?rest_route=%2Fwp%2Fv2%2Ftags&post=19618"}],"curies":[{"name":"wp","href":"https:\/\/api.w.org\/{rel}","templated":true}]}}