{"id":19621,"date":"2022-07-02T16:54:29","date_gmt":"2022-07-02T13:54:29","guid":{"rendered":"http:\/\/akdenizolaygazetesi.com\/?p=19621"},"modified":"2022-07-02T16:54:29","modified_gmt":"2022-07-02T13:54:29","slug":"secer-kazananlar-oldu-ama-bizim-gozumuzde-herkes-kazandi","status":"publish","type":"post","link":"https:\/\/akdenizolaygazetesi.com\/?p=19621","title":{"rendered":"SE\u00c7ER: &#8220;KAZANANLAR OLDU AMA B\u0130Z\u0130M G\u00d6Z\u00dcM\u00dcZDE HERKES KAZANDI&#8221;"},"content":{"rendered":"<p>Haziran ay\u0131 i\u00e7erisinde ba\u015flayan ve 66 tak\u0131m\u0131n kat\u0131ld\u0131\u011f\u0131 &#8216;U11-U12 Futbol \u015eenli\u011fi&#8217;nde yakla\u015f\u0131k 1000 sporcu m\u00fccadele etti. U12 A Grubu&#8217;nun 1.&#8217;si Yeni\u015fehir \u0130dman Yurdu, U12 B Grubu&#8217;nun 1.&#8217;si Akdeniz Belediye Spor, U12 C Grubu 1.&#8217;si Mersin \u00c7elik Spor, U12 D Grubu&#8217;nda ise 1. Kuva-i Milliye Spor Kul\u00fcb\u00fc oldu. U11 A Grubu&#8217;nun 1.&#8217;si Mersin B\u00fcy\u00fck\u015fehir Belediyespor Kul\u00fcb\u00fc, U11 B Grubu&#8217;nun 1.&#8217;si Toroslar Kartal Spor, U11 C Grubu&#8217;nda 1. olan tak\u0131m Yeni\u015fehir \u0130dman Yurdu, U11 D Grubu&#8217;nun 1.&#8217;si de Gen\u00e7 Sarayl\u0131 Spor Kul\u00fcb\u00fc oldu.<\/p>\n<p>Se\u00e7er: &#8220;Burada 1000&#8217;den fazla \u00e7ocuk m\u00fccadele etti. Tak\u0131m olmay\u0131 \u00f6\u011frendi&#8221;<\/p>\n<p>Macit \u00d6zcan Spor Tesisleri Mersinli Ahmet Stad\u0131&#8217;nda ger\u00e7ekle\u015ftirilen \u00d6d\u00fcl T\u00f6reni&#8217;ne, Mersin B\u00fcy\u00fck\u015fehir Belediye Ba\u015fkan\u0131 Vahap Se\u00e7er, Yeni\u015fehir Belediye Ba\u015fkan\u0131 Abdullah \u00d6zyi\u011fit, Mersin Gen\u00e7lik ve Spor \u0130l M\u00fcd\u00fcr\u00fc \u00d6kke\u015f Demir, Mersin Amat\u00f6r Spor Kul\u00fcpleri Federasyonu Ba\u015fkan\u0131 Mithat Erta\u015f, Cumhuriyet Halk Partisi (CHP) Mersin \u0130l Ba\u015fkan\u0131 Adil Aktay, CHP Yeni\u015fehir \u0130l\u00e7e Ba\u015fkan\u0131 Tayar Tahiro\u011flu, Meclis \u00fcyeleri, B\u00fcy\u00fck\u015fehir Belediyesi b\u00fcrokratlar\u0131 ve daire ba\u015fkanlar\u0131 ile futbolcu \u00e7ocuklar ve aileleri kat\u0131ld\u0131. Sayg\u0131 duru\u015fu ve \u0130stiklal Mar\u015f\u0131 ile ba\u015flayan \u00d6d\u00fcl T\u00f6reni&#8217;nde ilk olarak konu\u015fmalar yap\u0131ld\u0131. Mersin B\u00fcy\u00fck\u015fehir Belediye Ba\u015fkan\u0131 Vahap Se\u00e7er, konu\u015fmas\u0131n\u0131 k\u00fcrs\u00fcn\u00fcn arkas\u0131na ge\u00e7meden yaparken, &#8220;K\u00fcrs\u00fcn\u00fcn arkas\u0131nda de\u011fil, \u00f6n\u00fcnde olmak laz\u0131m. Halk\u0131n i\u00e7inde olmak laz\u0131m&#8221; dedi.<\/p>\n<p>Konu\u015fmas\u0131na anne babalar\u0131 selamlayarak devam eden Ba\u015fkan Se\u00e7er, b\u00f6yle g\u00fczel bir organizasyonda eme\u011fi ge\u00e7en herkese te\u015fekk\u00fcr etti. Ba\u015fkan Se\u00e7er, &#8220;1000&#8217;den fazla \u00e7ocu\u011fumuzun bu tatil g\u00fcn\u00fcnde sporla bir araya gelmelerini sa\u011flam\u0131\u015flar. Galibiyeti, ma\u011flubiyeti konu\u015fmuyorum, bir araya gelmelerini sa\u011flam\u0131\u015flar. \u015eimdi burada 1000&#8217;den fazla \u00e7ocuk m\u00fccadele etti. Neyi \u00f6\u011frendi? Tak\u0131m olmay\u0131 \u00f6\u011frendi. Tak\u0131m \u00e7al\u0131\u015fmas\u0131n\u0131. Azmi \u00f6\u011frendi, istikrar\u0131 \u00f6\u011frendi, ama her \u015feyden \u00f6nemlisi bir elin nesi var iki elin sesi var; birli\u011fi, beraberli\u011fi, dostlu\u011fu, karde\u015fli\u011fi \u00f6\u011frendi. Zaten spor onun i\u00e7in de\u011ferli, onun i\u00e7in d\u00fcnya bar\u0131\u015f\u0131na spor hizmet ediyor. Buradaki \u00e7ocuklar\u0131n annelerinin, babalar\u0131n\u0131n hangi partiye oy verdi\u011finin bir \u00f6nemi var m\u0131? Dinlerinin, dillerinin, \u0131rklar\u0131n\u0131n, hangi b\u00f6lgeden Mersin&#8217;e geldiklerinin bir \u00f6nemi var m\u0131? Mezheplerinin bir \u00f6nemi var m\u0131? Yok. \u0130\u015fte spor bu. Onun i\u00e7in burada eme\u011fi ge\u00e7enleri kutluyorum. Daha \u00e7ocuk ya\u015fta birli\u011fi, beraberli\u011fi, karde\u015fli\u011fi, bar\u0131\u015f\u0131 bu \u00e7ocuklar\u0131n gen\u00e7 dima\u011flar\u0131na a\u015f\u0131lad\u0131klar\u0131 i\u00e7in ba\u015fta hocalar\u0131na, \u00f6\u011fretmenlerine \u00e7ok te\u015fekk\u00fcr ediyorum. Bizi birlik, beraberlik kurtaracak. D\u00fcnyay\u0131 da d\u00fcnya bar\u0131\u015f\u0131. Yoksa insanl\u0131\u011f\u0131n kavgayla, d\u00f6v\u00fc\u015fle mutlu olma \u015fans\u0131 yok&#8221; dedi.<\/p>\n<p>&#8220;66 tak\u0131m yar\u0131\u015ft\u0131. Kazananlar oldu ama bizim g\u00f6z\u00fcm\u00fczde herkes kazand\u0131&#8221;<\/p>\n<p>Bu ma\u00e7larda kazananlar\u0131n da kaybedenlerin de oldu\u011funu, ancak asl\u0131nda herkesin kazand\u0131\u011f\u0131n\u0131 vurgulayan Ba\u015fkan Se\u00e7er, &#8220;Bir Belediye Ba\u015fkan\u0131 i\u00e7in \u00f6nemli olan Mersin&#8217;e hizmet etmektir mutlaka, ama ondan daha \u00f6ncesi ve \u00f6nemlisi var. Mersin gibi T\u00fcrkiye&#8217;nin 4 bir yan\u0131ndan gelmi\u015f insanlar\u0131n olu\u015fturdu\u011fu bir kentte huzuru, birli\u011fi, beraberli\u011fi sa\u011flamak bir Belediye Ba\u015fkan\u0131&#8217;n\u0131n en ba\u015far\u0131l\u0131 oldu\u011fu aland\u0131r, e\u011fer bunu sa\u011flarsa. Bu yapt\u0131\u011f\u0131m\u0131z \u00e7al\u0131\u015fmalar da onlardan bir tanesi. 66 tak\u0131m yar\u0131\u015ft\u0131. Bunlardan kazananlar oldu ama bizim g\u00f6z\u00fcm\u00fczde herkes kazand\u0131. \u00c7\u00fcnk\u00fc az \u00f6nce sayd\u0131\u011f\u0131m de\u011ferler burada kazan\u0131ld\u0131. O da bizi, yani \u00e7ocuklar\u0131m\u0131z\u0131 b\u00fcy\u00fcy\u00fcnce daha iyi bir insan yapacak&#8221; diye konu\u015ftu.<\/p>\n<p>&#8220;\u00d6nemli olan, kapal\u0131 tesisleri yo\u011fun bir \u015fekilde kullanabilmek&#8221;<\/p>\n<p>B\u00fcy\u00fck\u015fehir Belediyesi olarak Mersin \u00f6zelinde spor alan\u0131nda neler yapt\u0131klar\u0131n\u0131 da anlatan Ba\u015fkan Se\u00e7er, Macit \u00d6zcan Spor Tesisleri Mersinli Ahmet Stad\u0131&#8217;nda yapacaklar\u0131 revizyonu duyurdu. Ba\u015fkan Se\u00e7er, &#8220;\u0130\u00e7inde bulundu\u011fumuz b\u00f6lgede, buradan evinize giderken sa\u011f\u0131n\u0131za, solunuza bak\u0131n, \u00e7ok say\u0131da tesis g\u00f6receksiniz. Spor \u0130l M\u00fcd\u00fcr\u00fcm\u00fcz de burada. Kendisi de konusuna h\u00e2kim, konusunu biliyor. Bu tesisler \u00e7ok b\u00fcy\u00fck paralara yap\u0131l\u0131yor ve bunlar \u015fehrimize bir de\u011fer kat\u0131yor. Ama kapal\u0131 kalan tesislerin hi\u00e7bir \u00f6nemi yoktur. \u00d6nemli olan bu tesisleri yo\u011fun bir \u015fekilde kullanabilmek. Buralar\u0131 \u00e7ocuklar\u0131n, spor kul\u00fcplerinin antrenmanlar\u0131na ve m\u00fcsabakalar\u0131na a\u00e7mak gerekir. Sadece Spor \u0130l M\u00fcd\u00fcrl\u00fc\u011f\u00fc&#8217;ne ba\u011fl\u0131 tesisler de\u011fil, Mersin B\u00fcy\u00fck\u015fehir Belediyesi&#8217;ne ba\u011fl\u0131 tesisler de \u00f6yle. Bu i\u00e7inde bulundu\u011funuz tesis Mersin B\u00fcy\u00fck\u015fehir Belediyesi&#8217;nin. \u015eimdi burada biz bir \u00e7al\u0131\u015fma yapaca\u011f\u0131z. Bu sahada daha \u00f6nce amat\u00f6r spor kul\u00fcpleri resmi ma\u00e7lar yapm\u0131yordu, ama k\u0131sa bir s\u00fcre sonra buran\u0131n in\u015faat\u0131 ba\u015flayacak, burada bir revizyon olacak. \u00d6rne\u011fin bu trib\u00fcn buradan kalkacak. Sahan\u0131n y\u00f6n\u00fc de\u011fi\u015fecek. \u00c7\u00fcnk\u00fc zaman\u0131nda do\u011fru yap\u0131lmam\u0131\u015f. Neticede buray\u0131, amat\u00f6r spor kul\u00fcplerinin resmi m\u00fcsabakalar\u0131n\u0131 yapaca\u011f\u0131 bir tesis haline getirece\u011fiz. Yani Mersin&#8217;de bu tesisin olmas\u0131 \u00f6nemli de\u011fil, \u00f6nemli olan hem olmas\u0131 hem i\u015flevsel olmas\u0131. Biz de bu tesisi i\u015flevsel hale getirece\u011fiz. Burada daha bir\u00e7ok de\u011fi\u015fiklik yapaca\u011f\u0131z&#8221; ifadelerini kulland\u0131.<\/p>\n<p>Se\u00e7er K\u0131r \u00c7i\u00e7ekleri&#8217;nden s\u00f6z etti: &#8220;Ayn\u0131 proje futbola da uyarlanabilir diye d\u00fc\u015f\u00fcn\u00fcyorum&#8221;<\/p>\n<p>B\u00fcy\u00fck\u015fehir Belediyesi&#8217;nin K\u0131r \u00c7i\u00e7ekleri&#8217;nden de s\u00f6z eden Ba\u015fkan Se\u00e7er, &#8220;Bizim K\u0131r \u00c7i\u00e7eklerimiz var. \u015eu anda tatilde olduklar\u0131 i\u00e7in burada de\u011filler. K\u0131z sporcular\u0131m\u0131z, bir yat\u0131l\u0131 okul gibi buradaki misafirhanemizde kal\u0131yorlar. Tesisin d\u0131\u015f\u0131ndaki okulda okullar\u0131na gidiyorlar. 10-12 ya\u015f aras\u0131 k\u0131z \u00e7ocuklar\u0131m\u0131z. Hani Ba\u015fkanlar\u0131m\u0131z s\u00f6yledi ya, sporda altyap\u0131 diye. \u00c7ocuklar\u0131m\u0131z\u0131 altyap\u0131dan sporcu yapmal\u0131y\u0131z. Biz de onun i\u00e7in K\u0131r \u00c7i\u00e7ekleri Projesi&#8217;ni geli\u015ftirdik ve uygulamaya koyduk. \u00c7ok da de\u011ferli, \u00e7ok da \u00f6nemli bir proje. Mersin&#8217;in her yerinden sporcu getiriyoruz. Mut&#8217;tan, Anamur&#8217;dan, \u00c7aml\u0131yayla&#8217;dan, Tarsus&#8217;tan fark etmiyor, ama \u00f6zellikle Mersin&#8217;in k\u00f6ylerinden. \u015eehirde ya\u015fayan bir \u00e7ocuk ile k\u00f6yde ya\u015fayan bir \u00e7ocu\u011fun imkanlar\u0131 ayn\u0131 de\u011fil. Orada sporcu kabiliyetine sahip \u00e7ocuklar\u0131n sporcu olabilmeleri i\u00e7in yeterli saha yok, altyap\u0131 yok, imkan yok, malzeme yok. \u0130\u015fte K\u0131r \u00c7i\u00e7ekleri Projemiz; o da\u011f\u0131n ba\u015f\u0131ndaki k\u00f6yde ya\u015fayan, her a\u00e7\u0131dan spora uygun olan, fakat imkan\u0131 olmayan \u00e7ocuklar\u0131m\u0131z\u0131 sporcu olarak yeti\u015ftirme amac\u0131 ta\u015f\u0131yor. Ayn\u0131 proje futbola da uyarlanabilir diye d\u00fc\u015f\u00fcn\u00fcyorum&#8221; dedi.<\/p>\n<p>&#8220;Spor Kul\u00fcpleriyle i\u015fbirliklerine daima a\u00e7\u0131\u011f\u0131z&#8221;<\/p>\n<p>Futbolda da altyap\u0131n\u0131n \u00f6nemli oldu\u011funu ifade eden Ba\u015fkan Se\u00e7er, &#8220;\u00c7ocuklar\u0131m\u0131z\u0131n bu ya\u015flarda kabiliyetlerini ortaya koyacak \u00e7al\u0131\u015fmalar\u0131 yapmalar\u0131 gerekiyor. Mutlaka \u00e7ok de\u011ferli kul\u00fcplerimiz var. Amat\u00f6r spor kul\u00fcplerimiz var. Profesyonel futbol spor kul\u00fcplerimiz var. Bunlar\u0131n altyap\u0131lar\u0131 da var. \u00c7ocuklar\u0131m\u0131z orada zaten o altyap\u0131lara gidiyorlar. Biz de Belediye olarak, bizimle yap\u0131labilecek i\u015fbirliklerine her zaman a\u00e7\u0131\u011f\u0131z. Ancak \u015funu s\u00f6yleyeyim; sporda genelde \u015f\u00f6yle oluyor, amat\u00f6r spor kul\u00fcpleri Belediye&#8217;den yard\u0131m talebinde bulunurlar. Biz de belediyeler olarak bu yard\u0131mlar\u0131 yapar\u0131z. Az ya da \u00e7ok. \u00d6nemli olan bu spor kul\u00fcplerine yap\u0131lan yard\u0131mlar\u0131n nereye gitti\u011fi. Yani yap\u0131lan yard\u0131mlar \u00e7ocuklar\u0131n yeti\u015fmesine, altyap\u0131ya gidiyorsa, bir fayda sa\u011fl\u0131yorsa helali ho\u015f olsun. Ama di\u011fer t\u00fcrl\u00fc, ki \u00e7o\u011fu zaman ben bunu g\u00f6r\u00fcyorum, spor kul\u00fcpleri belirli gruplar\u0131n ge\u00e7im kayna\u011f\u0131 haline geliyor. Bu profesyonel kul\u00fcplerde de b\u00f6yle, baz\u0131 amat\u00f6r kul\u00fcplerde de b\u00f6yle. Bu anlay\u0131\u015f\u0131, bu gelene\u011fi ortadan kald\u0131rmak laz\u0131m. Biz bunu ba\u015fard\u0131\u011f\u0131m\u0131z\u0131 d\u00fc\u015f\u00fcn\u00fcyorum&#8221; diye konu\u015ftu.<\/p>\n<p>&#8220;Topluma katk\u0131s\u0131 olan her projeye, B\u00fcy\u00fck\u015fehir Belediyesi destek verir&#8221;<\/p>\n<p>B\u00fcy\u00fck\u015fehir Belediyesi olarak topluma katk\u0131s\u0131 olan her t\u00fcrl\u00fc projeye destek verdiklerinden s\u00f6z eden Se\u00e7er, son olarak \u015funlar\u0131 s\u00f6yledi:<\/p>\n<p>&#8220;Ger\u00e7ekten projeyle gelen, sonu\u00e7ta topluma katk\u0131s\u0131 olan her t\u00fcrl\u00fc projeye Mersin B\u00fcy\u00fck\u015fehir Belediyesi destek verir. Neden hassasiyet g\u00f6steriyorum biliyor musunuz? Bu paralar benim param de\u011fil. Ben cebimden vermiyorum. Sizin paralar\u0131n\u0131z. E\u011fer ki sizlerin vergilerinden gelen kaynaklar\u0131 yerinde kullanamazsak, biz vicdanen rahats\u0131z oluruz. Onurlu siyaset\u00e7iler b\u00f6yledir. Her kuru\u015fun hesab\u0131n\u0131 verir onurlu siyaset\u00e7i. Tekrar te\u015fekk\u00fcr ediyorum. Futbol Federasyonu&#8217;ndan Amat\u00f6r Spor Kul\u00fcpleri Federasyonu&#8217;na kadar, Spor \u0130l M\u00fcd\u00fcrl\u00fc\u011f\u00fcm\u00fcze kadar. Belediyenin ilgili dairesine, gerekli \u00e7al\u0131\u015fmay\u0131 yapan t\u00fcm arkada\u015flar\u0131ma, hepinize sonsuz te\u015fekk\u00fcrler. Bu \u00e7ocuklar\u0131m\u0131za bu keyifli anlar\u0131 ya\u015fatt\u0131\u011f\u0131n\u0131z i\u00e7in. Sizleri \u00e7ok seviyoruz \u00e7ocuklar. Sizler i\u00e7in var\u0131z. Anneleriniz, babalar\u0131n\u0131z sizler i\u00e7in emek veriyor, gecesini g\u00fcnd\u00fcz\u00fcne kat\u0131yor, \u00e7al\u0131\u015f\u0131yor. Yemiyor yediriyor, i\u00e7miyor i\u00e7iriyor. Annelerimizin de babalar\u0131m\u0131z\u0131n da k\u0131ymetini bilelim, onlara da bir alk\u0131\u015f g\u00f6nderelim.  Hepinize \u00e7ok te\u015fekk\u00fcr ediyorum kat\u0131ld\u0131\u011f\u0131n\u0131z i\u00e7in. Sa\u011f olun.&#8221;<\/p>\n<p>\u00d6zyi\u011fit: &#8220;Hepsi \u015fampiyon, hepsi birinci&#8221;<\/p>\n<p>Yeni\u015fehir Belediye Ba\u015fkan\u0131 Abdullah \u00d6zyi\u011fit de konu\u015fmas\u0131nda, &#8220;Mersinimizde sporda, sanatta, bir\u00e7ok alanda g\u00fczelliklerle bulu\u015fuyoruz. Bu g\u00fczelliklerin olu\u015fmas\u0131na katk\u0131 sunan \u00f6ncelikle B\u00fcy\u00fck\u015fehir Belediye Ba\u015fkan\u0131ma \u015f\u00fckranlar\u0131m\u0131 sunuyorum. Bug\u00fcn Yeni\u015fehir&#8217;deyiz, Yeni\u015fehir s\u0131n\u0131rlar\u0131 i\u00e7inde \u00e7ok m\u00fckemmel bir organizasyon oldu. 1000&#8217;e yak\u0131n \u00e7ocu\u011fumuz, 66 tak\u0131m. Burada yar\u0131\u015ft\u0131lar. Burada m\u00fccadele ettiler. Hepsi \u015fampiyon, hepsi birinci. Birbirinden ay\u0131rm\u0131yoruz&#8221; dedi.<\/p>\n<p>Erta\u015f: &#8220;Mersin futbolunun kurtulu\u015fu hepimizin elinde&#8221;<\/p>\n<p>Mersin Amat\u00f6r Spor Kul\u00fcpleri Federasyonu Ba\u015fkan\u0131 Mithat Erta\u015f ise, &#8220;M\u00fcthi\u015f ma\u00e7lar oldu. \u00c7ok yetenekli arkada\u015flar\u0131m\u0131z var. Vahap Ba\u015fkan\u0131m\u0131n \u00e7ok g\u00fczel bir projesi vard\u0131 &#8216;K\u0131r \u00c7i\u00e7ekleri&#8217; diye. Ben diyorum ki, Mersin futbolunun kurtulu\u015fu i\u00e7in bu yetenekli \u00e7ocuklar\u0131 gerek B\u00fcy\u00fck\u015fehir Belediyesi Spor Kul\u00fcb\u00fc&#8217;nde veya kul\u00fcpte toplayal\u0131m. Sabrederek Mersin futbolunun kurtulu\u015fu i\u00e7in hep beraber ta\u015f\u0131n alt\u0131na elimizi koyal\u0131m. Bu konuda bir proje yapal\u0131m. Biz proje i\u00e7in her \u015feye haz\u0131r\u0131z Say\u0131n Ba\u015fkan\u0131m. Bu lig \u015fenlik ligi. Bu ligin 1.&#8217;si, 2.&#8217;si yok. Sembolik olarak belki var, ama hepiniz g\u00f6n\u00fcllerimizin birincisisiniz&#8221; ifadelerine yer verdi ve Mersin B\u00fcy\u00fck\u015fehir Belediyesi&#8217;ne ev sahipli\u011fi, katk\u0131 ve desteklerinden dolay\u0131 te\u015fekk\u00fcr etti.<\/p>\n<p>Minikler bu Lig&#8217;de m\u00fccadele ettikleri i\u00e7in mutlu!<\/p>\n<p>MSK U12 Tak\u0131m oyuncusu G\u00f6rkem Kartal, &#8220;Ma\u00e7lar g\u00fczeldi. Arkada\u015flar\u0131mla bir arada olmak \u00e7ok iyi bir duyguydu. Spor olarak en g\u00fczel futbol bence. Kupay\u0131 ald\u0131\u011f\u0131mda kendimi \u00e7ok mutlu hissettim&#8221; diye duygular\u0131n\u0131 ifade etti.<\/p>\n<p>Oyunculardan Kemal G\u00fczelo\u011flu da &#8220;Akdeniz ma\u00e7\u0131 \u00e7ok heyecanl\u0131yd\u0131. Sadece onu yenersek gruptan \u00e7\u0131kacakt\u0131k zaten otomatik olarak ve 1. olacakt\u0131k. \u00c7ok mutlu oldum. Son dakika gol\u00fcm\u00fcz\u00fc att\u0131k, \u00e7\u0131kt\u0131k, e\u011flendik, mutlu olduk. Ba\u015fkan\u0131m\u0131za da \u00e7ok te\u015fekk\u00fcr ediyorum bu ligler i\u00e7in. \u00c7ok co\u015fkulu, \u00e7ok heyecanl\u0131 bir \u015fey. Heyecan dolu bir g\u00fcnd\u00fc benim i\u00e7in&#8221; diye konu\u015ftu.<\/p>\n<p>Bu ligde m\u00fccadele etmenin kendileri i\u00e7in \u00e7ok iyi bir deneyim oldu\u011funu dile getiren Fatih Bal\u0131k\u00e7\u0131, &#8220;Buraya gelmek bizim i\u00e7in \u00e7ok iyi bir deneyimdi. Tak\u0131m olarak \u015fampiyon olduk, \u00e7ok mutluyuz. Zorlu ma\u00e7lar ge\u00e7irdik. \u00d6nemli ma\u00e7lar oynad\u0131k&#8221; dedi.<\/p>\n<p>Baran Kad\u0131rhan da, Akdeniz Belediyespor ma\u00e7\u0131n\u0131n \u00e7ok zorlu ve heyecanl\u0131 ge\u00e7ti\u011finden s\u00f6z ederek, &#8220;Di\u011fer ma\u00e7lar da g\u00fczeldi. Okullar tatil oldu, onun i\u00e7in de arkada\u015flar\u0131mla beraber olmak beni mutlu etti. \u00c7ok gururluyum&#8221; ifadelerini kulland\u0131.<\/p>\n<p>&#8220;Ba\u015fkan\u0131m\u0131z\u0131n elinden madalyay\u0131 almak da ba\u015fka bir duyguydu&#8221;<\/p>\n<p>Akdeniz Belediyespor&#8217;un Kaptan\u0131 \u0130smail Turhan, &#8220;B Grubu&#8217;nda 1. olduk. Arkada\u015flar\u0131m\u0131z\u0131 zaten \u00e7ok seviyordum, ma\u00e7larla birlikte onlarla daha fazla kayna\u015ft\u0131k. Ba\u015fkan\u0131m\u0131z\u0131n elinden madalyay\u0131 almak da ba\u015fka bir duyguydu. Zaten kendisini seviyordum ve onunla g\u00f6r\u00fc\u015fmek anlat\u0131lmaz bir duyguydu. Ben futbolu meslek olarak d\u00fc\u015f\u00fcn\u00fcyorum&#8221; diye konu\u015ftu.<\/p>\n<p>Akdeniz Belediyespor&#8217;un oyuncusu Doruk Y\u0131ld\u0131r\u0131m ise, &#8220;B Grubu&#8217;nda 1. olduk. \u00c7ok g\u00fczel bir histi. B\u00fct\u00fcn arkada\u015flar\u0131m\u0131za ve hocalar\u0131m\u0131za te\u015fekk\u00fcrler. \u00c7ok g\u00fczel bir duyguydu. Arkada\u015flar\u0131m\u0131zla buraya gelerek \u00e7ok e\u011flendik, burada arkada\u015flar\u0131m\u0131zla daha \u00e7ok tan\u0131\u015ft\u0131k. \u00c7ok c\u00f6mertlik vard\u0131 ma\u00e7lar\u0131n i\u00e7erisinde. \u00c7ok g\u00fczel ma\u00e7lar oldu. Herkesin aya\u011f\u0131na sa\u011fl\u0131k&#8221; dedi.<\/p>\n<p>Konu\u015fmalar\u0131n ard\u0131ndan Mersin Amat\u00f6r Spor Kul\u00fcpleri Federasyonu Ba\u015fkan\u0131 Mithat Erta\u015f taraf\u0131ndan Ba\u015fkan Se\u00e7er&#8217;e plaket takdimi yap\u0131ld\u0131. Protokol \u00fcyeleri taraf\u0131ndan dereceye giren tak\u0131mlara madalyalar\u0131 ve kupalar\u0131 verilirken, Mersin B\u00fcy\u00fck\u015fehir Belediye Ba\u015fkan\u0131 Vahap Se\u00e7er de U11 A ve B grubu ile U12 A ve B grubuna madalya ve kupalar\u0131n\u0131 verdi.<\/p>\n","protected":false},"excerpt":{"rendered":"<p>Haziran ay\u0131 i\u00e7erisinde ba\u015flayan ve 66 tak\u0131m\u0131n kat\u0131ld\u0131\u011f\u0131 &#8216;U11-U12 Futbol \u015eenli\u011fi&#8217;nde yakla\u015f\u0131k 1000 sporcu m\u00fccadele etti. U12 A Grubu&#8217;nun 1.&#8217;si Yeni\u015fehir \u0130dman Yurdu, U12 B Grubu&#8217;nun 1.&#8217;si Akdeniz Belediye Spor, &hellip; <a href=\"https:\/\/akdenizolaygazetesi.com\/?p=19621\" class=\"more-link\">Devam\u0131n\u0131 Oku&#8230;<\/a><\/p>\n","protected":false},"author":2,"featured_media":19622,"comment_status":"open","ping_status":"open","sticky":false,"template":"","format":"standard","meta":[],"categories":[3,10],"tags":[],"_links":{"self":[{"href":"https:\/\/akdenizolaygazetesi.com\/index.php?rest_route=\/wp\/v2\/posts\/19621"}],"collection":[{"href":"https:\/\/akdenizolaygazetesi.com\/index.php?rest_route=\/wp\/v2\/posts"}],"about":[{"href":"https:\/\/akdenizolaygazetesi.com\/index.php?rest_route=\/wp\/v2\/types\/post"}],"author":[{"embeddable":true,"href":"https:\/\/akdenizolaygazetesi.com\/index.php?rest_route=\/wp\/v2\/users\/2"}],"replies":[{"embeddable":true,"href":"https:\/\/akdenizolaygazetesi.com\/index.php?rest_route=%2Fwp%2Fv2%2Fcomments&post=19621"}],"version-history":[{"count":1,"href":"https:\/\/akdenizolaygazetesi.com\/index.php?rest_route=\/wp\/v2\/posts\/19621\/revisions"}],"predecessor-version":[{"id":19623,"href":"https:\/\/akdenizolaygazetesi.com\/index.php?rest_route=\/wp\/v2\/posts\/19621\/revisions\/19623"}],"wp:featuredmedia":[{"embeddable":true,"href":"https:\/\/akdenizolaygazetesi.com\/index.php?rest_route=\/wp\/v2\/media\/19622"}],"wp:attachment":[{"href":"https:\/\/akdenizolaygazetesi.com\/index.php?rest_route=%2Fwp%2Fv2%2Fmedia&parent=19621"}],"wp:term":[{"taxonomy":"category","embeddable":true,"href":"https:\/\/akdenizolaygazetesi.com\/index.php?rest_route=%2Fwp%2Fv2%2Fcategories&post=19621"},{"taxonomy":"post_tag","embeddable":true,"href":"https:\/\/akdenizolaygazetesi.com\/index.php?rest_route=%2Fwp%2Fv2%2Ftags&post=19621"}],"curies":[{"name":"wp","href":"https:\/\/api.w.org\/{rel}","templated":true}]}}