{"id":19625,"date":"2022-07-03T10:30:44","date_gmt":"2022-07-03T07:30:44","guid":{"rendered":"http:\/\/akdenizolaygazetesi.com\/?p=19625"},"modified":"2022-07-03T10:30:44","modified_gmt":"2022-07-03T07:30:44","slug":"buyuksehirin-emekli-evi-uyeleri-darisekisi-ornek-koyunu-gezdi","status":"publish","type":"post","link":"https:\/\/akdenizolaygazetesi.com\/?p=19625","title":{"rendered":"B\u00dcY\u00dcK\u015eEH\u0130R&#8217;\u0130N EMEKL\u0130 EV\u0130 \u00dcYELER\u0130 DARISEK\u0130S\u0130 \u00d6RNEK K\u00d6Y\u00dc&#8217;N\u00dc GEZD\u0130"},"content":{"rendered":"<p>Mersin B\u00fcy\u00fck\u015fehir Belediyesi, ya\u015f alm\u0131\u015f yurtta\u015flar\u0131n sosyalle\u015fmeleri ad\u0131na d\u00fczenledi\u011fi etkinlikleri s\u00fcrd\u00fcr\u00fcyor. Bu etkinliklerden biri de Sosyal Hizmetler Dairesi b\u00fcnyesinde hizmet veren Merkez ve Tarsus Emekli Evi \u00fcyeleri i\u00e7in d\u00fczenlenen Dar\u0131sekisi \u00d6rnek K\u00f6y\u00fc gezisi oldu.<\/p>\n<p>Emekliler, Dar\u0131sekisi \u00d6rnek K\u00f6y\u00fc gezerek do\u011fal \u00fcr\u00fcnleri inceledi<\/p>\n<p>Etkinli\u011fe Tarsus&#8217;tan ve Merkez&#8217;den kat\u0131lan emekliler, Dar\u0131sekisi \u00d6rnek K\u00f6y\u00fc&#8217;n\u00fc ilk defa gezdi. \u00d6rnek K\u00f6y&#8217;de olu\u015fturulan alanlar\u0131 gezen emekliler, ard\u0131ndan dinlenerek sohbet etti. Y\u00f6r\u00fck kad\u0131nlar\u0131 taraf\u0131ndan haz\u0131rlanan b\u00f6rek ve s\u0131kmalardan tadan emekliler, sonras\u0131nda Ortanca Soka\u011f\u0131 gezdi. Rengarenk evlerin aras\u0131nda dola\u015fan emekliler hat\u0131ra foto\u011fraf\u0131 da \u00e7ektirdi.<\/p>\n<p>&#8220;Bu ya\u015ftan sonra b\u00f6yle gezilere ihtiyac\u0131m\u0131z var&#8221;<\/p>\n<p>16 y\u0131ld\u0131r Mersin&#8217;de ya\u015fayan emekli \u00f6\u011fretmen Mehmet Uzun, geziyi de\u011ferlendirerek, &#8220;Belediye Ba\u015fkan\u0131m\u0131za, biz emeklilere b\u00f6yle bir olanak sundu\u011fu i\u00e7in te\u015fekk\u00fcr ediyoruz. Art\u0131k bu ya\u015ftan sonra b\u00f6yle gezilere ihtiyac\u0131m\u0131z var. Bu benim ikinci geli\u015fim geziye. Pandemiden \u00f6nce bir kere Hac\u0131\u0131alan\u0131&#8217;na gitmi\u015ftik. \u0130kinci defa da buraya geliyoruz. \u00d6rnek K\u00f6y\u00fc be\u011fendim, ya\u015fanacak bir yer. \u00d6zellikleri var, k\u00f6y hayat\u0131. Bizler zaten normalde k\u00f6y \u00e7ocu\u011fuyuz. B\u00f6yle hayat\u0131 \u00f6zledik zaten&#8221; dedi.<\/p>\n<p>&#8220;M\u00fckemmel, bundan sonra s\u00fcrekli kat\u0131laca\u011f\u0131m&#8221;<\/p>\n<p>Ev han\u0131m\u0131 Rahime Tekta\u015f da Dar\u0131sekisi&#8217;ni ilk kez g\u00f6renlerden. Hem geziyi hem de Dar\u0131sekisi&#8217;ni \u00e7ok be\u011fendi\u011fini ifade eden Tekta\u015f, &#8220;Ben ilk kez geliyorum. Bug\u00fcn geldim \u00e7ok memnun kald\u0131m. O kadar mutlu oldum ki. Asl\u0131nda gelmeye niyetim yoktu, biraz rahats\u0131zl\u0131\u011f\u0131m vard\u0131. Demek k\u0131smetmi\u015f geldim. \u00c7ok ho\u015fuma gitti. Ger\u00e7ekten bay\u0131ld\u0131m. M\u00fckemmel, bundan sonra s\u00fcrekli kat\u0131laca\u011f\u0131m, hi\u00e7bir \u015feyi ka\u00e7\u0131rmayaca\u011f\u0131m. O ekibin g\u00fcler y\u00fcz\u00fc, o pozitif enerjisi, yani bay\u0131ld\u0131m. O kadar g\u00fczel yap\u0131lm\u0131\u015f ki. Bizi gezdirdiler, ikramda bulundular, e\u011flendirdiler daha ne olabilir?&#8221; diye konu\u015ftu.<\/p>\n<p>&#8220;Bu manzaray\u0131 g\u00f6rd\u00fcm ruhum dinlendi&#8221;<\/p>\n<p>Etkinli\u011fe e\u015fiyle birlikte kat\u0131lan emekli \u00f6\u011fretmen \u0130smet Tekta\u015f ise, etkinliklerden dolay\u0131 Ba\u015fkan Se\u00e7er&#8217;e te\u015fekk\u00fcr ederek, &#8220;Bu manzaray\u0131 g\u00f6rd\u00fcm ruhum dinlendi, \u00f6yle geni\u015fledim ki s\u0131k\u0131nt\u0131m\u0131n hepsini att\u0131m. Bug\u00fcn \u00e7ok m\u00fckemmelim ben. Allah ondan raz\u0131 olsun. Hizmetlerin devam\u0131n\u0131 bekliyoruz&#8221; ifadelerini kulland\u0131.<\/p>\n<p>&#8220;Emeklilerin durumlar\u0131 da belli. Kendi olanaklar\u0131m\u0131zla gelemezdik&#8221;<\/p>\n<p>Emekli evi \u00fcyelerinden H\u00fcseyin Bozkurt da Emekli Evi&#8217;nin hizmetlerini de\u011ferlendirerek, &#8220;Etkinlikler g\u00fczel. Bug\u00fcn de Dar\u0131sekisi&#8217;ne geldik. Bizler emekliyiz zaten. Emeklilerin durumlar\u0131 da belli. Kendi olanaklar\u0131m\u0131zla gelemezdik. Ama sa\u011f olsunlar her hafta 2-3 otob\u00fcs d\u00fczenliyorlar. \u00c7ok memnunuz. Vahap Bey gelince kafalar da de\u011fi\u015fti. Kafalar de\u011fi\u015fince \u015fehir de\u011fi\u015fti. Te\u015fekk\u00fcr ederiz&#8221; dedi.<\/p>\n","protected":false},"excerpt":{"rendered":"<p>Mersin B\u00fcy\u00fck\u015fehir Belediyesi, ya\u015f alm\u0131\u015f yurtta\u015flar\u0131n sosyalle\u015fmeleri ad\u0131na d\u00fczenledi\u011fi etkinlikleri s\u00fcrd\u00fcr\u00fcyor. Bu etkinliklerden biri de Sosyal Hizmetler Dairesi b\u00fcnyesinde hizmet veren Merkez ve Tarsus Emekli Evi \u00fcyeleri i\u00e7in d\u00fczenlenen Dar\u0131sekisi &hellip; <a href=\"https:\/\/akdenizolaygazetesi.com\/?p=19625\" class=\"more-link\">Devam\u0131n\u0131 Oku&#8230;<\/a><\/p>\n","protected":false},"author":2,"featured_media":19626,"comment_status":"open","ping_status":"open","sticky":false,"template":"","format":"standard","meta":[],"categories":[2,3,5],"tags":[],"_links":{"self":[{"href":"https:\/\/akdenizolaygazetesi.com\/index.php?rest_route=\/wp\/v2\/posts\/19625"}],"collection":[{"href":"https:\/\/akdenizolaygazetesi.com\/index.php?rest_route=\/wp\/v2\/posts"}],"about":[{"href":"https:\/\/akdenizolaygazetesi.com\/index.php?rest_route=\/wp\/v2\/types\/post"}],"author":[{"embeddable":true,"href":"https:\/\/akdenizolaygazetesi.com\/index.php?rest_route=\/wp\/v2\/users\/2"}],"replies":[{"embeddable":true,"href":"https:\/\/akdenizolaygazetesi.com\/index.php?rest_route=%2Fwp%2Fv2%2Fcomments&post=19625"}],"version-history":[{"count":1,"href":"https:\/\/akdenizolaygazetesi.com\/index.php?rest_route=\/wp\/v2\/posts\/19625\/revisions"}],"predecessor-version":[{"id":19627,"href":"https:\/\/akdenizolaygazetesi.com\/index.php?rest_route=\/wp\/v2\/posts\/19625\/revisions\/19627"}],"wp:featuredmedia":[{"embeddable":true,"href":"https:\/\/akdenizolaygazetesi.com\/index.php?rest_route=\/wp\/v2\/media\/19626"}],"wp:attachment":[{"href":"https:\/\/akdenizolaygazetesi.com\/index.php?rest_route=%2Fwp%2Fv2%2Fmedia&parent=19625"}],"wp:term":[{"taxonomy":"category","embeddable":true,"href":"https:\/\/akdenizolaygazetesi.com\/index.php?rest_route=%2Fwp%2Fv2%2Fcategories&post=19625"},{"taxonomy":"post_tag","embeddable":true,"href":"https:\/\/akdenizolaygazetesi.com\/index.php?rest_route=%2Fwp%2Fv2%2Ftags&post=19625"}],"curies":[{"name":"wp","href":"https:\/\/api.w.org\/{rel}","templated":true}]}}