{"id":19632,"date":"2022-07-04T12:49:40","date_gmt":"2022-07-04T09:49:40","guid":{"rendered":"http:\/\/akdenizolaygazetesi.com\/?p=19632"},"modified":"2022-07-04T12:49:40","modified_gmt":"2022-07-04T09:49:40","slug":"madimakta-yasamini-yitirenler-mersin-yenisehirde-anildi","status":"publish","type":"post","link":"https:\/\/akdenizolaygazetesi.com\/?p=19632","title":{"rendered":"Mad\u0131mak\u2019ta ya\u015fam\u0131n\u0131 yitirenler Mersin Yeni\u015fehir\u2019de an\u0131ld\u0131"},"content":{"rendered":"<p>Mersin Yeni\u015fehir Belediyesi, 2 Temmuz 1993 tarihinde Sivas Pir Sultan Abdal \u015eenlikleri s\u0131ras\u0131nda 33 ayd\u0131n ve sanat\u00e7\u0131 ve iki otel g\u00f6revlisinin Mad\u0131mak Oteli&#8217;nde yak\u0131larak katledilmesinin 29. Y\u0131l d\u00f6n\u00fcm\u00fc dolay\u0131s\u0131yla anma program\u0131 d\u00fczenledi.<br \/>\nYeni\u015fehir Belediyesi Atat\u00fcrk K\u00fclt\u00fcr Merkezinde d\u00fczenlenen anma program\u0131nda Tolga \u00c7andar ve Seza K\u0131rg\u0131z t\u00fcrk\u00fclerini ya\u015fam\u0131n\u0131 yitirenlerin an\u0131s\u0131na seslendirdi. Anma program\u0131na Yeni\u015fehir Belediye Ba\u015fkan\u0131 Abdullah \u00d6zyi\u011fit&#8217;in yan\u0131 s\u0131ra CHP Yeni\u015fehir \u0130l\u00e7e Ba\u015fkan\u0131 Tayar Tahiro\u011flu, CHP Yeni\u015fehir \u0130l\u00e7e Kad\u0131n Kollar\u0131 Ba\u015fkan\u0131 Nuray Emre, belediye meclis \u00fcyeleri, sivil toplum kurulu\u015flar\u0131 temsilcileri, muhtarlar ve \u00e7ok say\u0131da vatanda\u015f kat\u0131ld\u0131. Programda ya\u015fam\u0131n\u0131 yitiren yurtta\u015flar\u0131n isimleri tek tek okundu, sahne \u00f6n\u00fcne foto\u011fraflar\u0131 konuldu.<br \/>\n\u201cOnlar art\u0131k t\u00fcrk\u00fc s\u00f6yleyemiyor, \u015fiir okuyam\u0131yor ama biz onlar\u0131n t\u00fcrk\u00fclerini s\u00f6ylemeye ve \u015fiirlerini okumaya devam ediyoruz\u201d<br \/>\nY\u00fczy\u0131llard\u0131r oldu\u011fu gibi dost\u00e7a, karde\u015f\u00e7e, farkl\u0131l\u0131klar\u0131 ve k\u00fclt\u00fcrleri zenginlik sayarak ya\u015famaya devam edeceklerini s\u00f6yleyen Mersin Yeni\u015fehir Belediye Ba\u015fkan\u0131 Abdullah \u00d6zyi\u011fit, yapt\u0131\u011f\u0131 konu\u015fmada \u201c2 Temmuz 1993 tarihinde As\u0131m Bezirci, Nesimi \u00c7imen, Muhlis Akarsu, Metin Alt\u0131ok ve Hasret G\u00fcltekin&#8217;in de aralar\u0131nda bulundu\u011fu 33 ayd\u0131n ve iki otel g\u00f6revlisi yak\u0131larak katledildi.Mad\u0131mak Oteli\u2019nde kaybetti\u011fimiz canlar\u0131m\u0131z i\u00e7in ge\u00e7ti\u011fimiz y\u0131l yine burada bir anma program\u0131 d\u00fczenlemi\u015ftik.  O g\u00fcn de \u015funlar\u0131 s\u00f6ylemi\u015ftim; \u2018onlar art\u0131k t\u00fcrk\u00fc s\u00f6yleyemiyor, \u015fiir okuyam\u0131yor ama biz onlar\u0131n t\u00fcrk\u00fclerini s\u00f6ylemeye ve \u015fiirlerini okumaya devam ediyoruz.\u2019 Bug\u00fcn de onlar\u0131 t\u00fcrk\u00fclerle an\u0131yoruz.  Mustafa Y\u0131lmaz \u0130smailo\u011flu\u2019nun da bir \u015fiirinde s\u00f6yledi\u011fi gibi  \u2018Kalbin varsa t\u00fcrk\u00fc yakars\u0131n, kalbin yoksa insan yakars\u0131n.\u2019Buanma program\u0131n\u0131 yaparken hi\u00e7bir zaman bir yaray\u0131 kanatmay\u0131 d\u00fc\u015f\u00fcnmedik. \u0130nsanlar\u0131 bu katliamlar\u0131 yapmay\u0131 bir daha d\u00fc\u015f\u00fcnmemeleri, buna cesaret etmemeleri i\u00e7in ve bu karanl\u0131k g\u00fcn\u00fcn as\u0131rlar boyunca al\u0131nlar\u0131ndansilinmeyece\u011fini g\u00f6stermek i\u00e7in bu anma program\u0131n\u0131 d\u00fczenliyoruz. O canlar\u0131m\u0131z\u0131 anmanlay\u0131z, onlar\u0131n fikirlerini de ya\u015famal\u0131 ve ya\u015fatmal\u0131y\u0131z. Y\u00fczy\u0131llard\u0131r oldu\u011fu gibi bu g\u00fczel \u00fclkede dost\u00e7a, karde\u015f\u00e7e, farkl\u0131l\u0131klar\u0131m\u0131z\u0131 ve k\u00fclt\u00fcrlerimizi zenginlik sayarak ya\u015famaya devam edece\u011fiz.  Bunun i\u00e7in emek verece\u011fiz. Sivas Mad\u0131mak\u2019ta 29 y\u0131l \u00f6nce katledilen yurtta\u015flar\u0131m\u0131z\u0131 sayg\u0131 ve \u00f6zlemle an\u0131yorum. Bug\u00fcn aram\u0131zda olan k\u0131ymetli sanat\u00e7\u0131lar Tolga \u00c7andar ve Seza K\u0131rg\u0131z\u2019a buraya gelerek bize g\u00fc\u00e7 verdikleri, sesleriyle o ayd\u0131nlar\u0131 anmam\u0131zda bizimle olduklar\u0131 i\u00e7in te\u015fekk\u00fcr ediyorum.\u201difadelerini kulland\u0131.<br \/>\nBa\u015fkan \u00d6zyi\u011fit\u2019in konu\u015fmas\u0131n\u0131n ard\u0131ndan anma program\u0131, Tolga \u00c7andar ve Seza K\u0131rg\u0131z\u2019\u0131n seslendirdi\u011fi ezgilerle sona erdi.<\/p>\n","protected":false},"excerpt":{"rendered":"<p>Mersin Yeni\u015fehir Belediyesi, 2 Temmuz 1993 tarihinde Sivas Pir Sultan Abdal \u015eenlikleri s\u0131ras\u0131nda 33 ayd\u0131n ve sanat\u00e7\u0131 ve iki otel g\u00f6revlisinin Mad\u0131mak Oteli&#8217;nde yak\u0131larak katledilmesinin 29. Y\u0131l d\u00f6n\u00fcm\u00fc dolay\u0131s\u0131yla anma &hellip; <a href=\"https:\/\/akdenizolaygazetesi.com\/?p=19632\" class=\"more-link\">Devam\u0131n\u0131 Oku&#8230;<\/a><\/p>\n","protected":false},"author":2,"featured_media":19633,"comment_status":"open","ping_status":"open","sticky":false,"template":"","format":"standard","meta":[],"categories":[3],"tags":[],"_links":{"self":[{"href":"https:\/\/akdenizolaygazetesi.com\/index.php?rest_route=\/wp\/v2\/posts\/19632"}],"collection":[{"href":"https:\/\/akdenizolaygazetesi.com\/index.php?rest_route=\/wp\/v2\/posts"}],"about":[{"href":"https:\/\/akdenizolaygazetesi.com\/index.php?rest_route=\/wp\/v2\/types\/post"}],"author":[{"embeddable":true,"href":"https:\/\/akdenizolaygazetesi.com\/index.php?rest_route=\/wp\/v2\/users\/2"}],"replies":[{"embeddable":true,"href":"https:\/\/akdenizolaygazetesi.com\/index.php?rest_route=%2Fwp%2Fv2%2Fcomments&post=19632"}],"version-history":[{"count":1,"href":"https:\/\/akdenizolaygazetesi.com\/index.php?rest_route=\/wp\/v2\/posts\/19632\/revisions"}],"predecessor-version":[{"id":19634,"href":"https:\/\/akdenizolaygazetesi.com\/index.php?rest_route=\/wp\/v2\/posts\/19632\/revisions\/19634"}],"wp:featuredmedia":[{"embeddable":true,"href":"https:\/\/akdenizolaygazetesi.com\/index.php?rest_route=\/wp\/v2\/media\/19633"}],"wp:attachment":[{"href":"https:\/\/akdenizolaygazetesi.com\/index.php?rest_route=%2Fwp%2Fv2%2Fmedia&parent=19632"}],"wp:term":[{"taxonomy":"category","embeddable":true,"href":"https:\/\/akdenizolaygazetesi.com\/index.php?rest_route=%2Fwp%2Fv2%2Fcategories&post=19632"},{"taxonomy":"post_tag","embeddable":true,"href":"https:\/\/akdenizolaygazetesi.com\/index.php?rest_route=%2Fwp%2Fv2%2Ftags&post=19632"}],"curies":[{"name":"wp","href":"https:\/\/api.w.org\/{rel}","templated":true}]}}