{"id":19638,"date":"2022-07-04T12:53:24","date_gmt":"2022-07-04T09:53:24","guid":{"rendered":"http:\/\/akdenizolaygazetesi.com\/?p=19638"},"modified":"2022-07-04T12:53:24","modified_gmt":"2022-07-04T09:53:24","slug":"akdenizde-kurban-kesim-ve-satis-yerleri-hazirlandi","status":"publish","type":"post","link":"https:\/\/akdenizolaygazetesi.com\/?p=19638","title":{"rendered":"AKDEN\u0130Z\u2019DE KURBAN KES\u0130M VE SATI\u015e YERLER\u0130 HAZIRLANDI"},"content":{"rendered":"<p>Akdeniz Belediyesi, vatanda\u015flar\u0131n kurban ibadetlerini kolayca ve sorunsuz \u015fekilde yerine getirebilmeleri amac\u0131yla, il\u00e7e s\u0131n\u0131rlar\u0131nda farkl\u0131 bir\u00e7ok noktada kurban sat\u0131\u015f ve mobil kesim yerleri haz\u0131rlad\u0131.<br \/>\nBu y\u0131l 9-12 Temmuz 2022 tarihleri aras\u0131nda idrak edilecek olan Kurban Bayram\u0131\u2019na say\u0131l\u0131 g\u00fcnler kal\u0131rken, Akdeniz Belediyesi Fen \u0130\u015fleri M\u00fcd\u00fcrl\u00fc\u011f\u00fc ekipleri, Zab\u0131ta M\u00fcd\u00fcrl\u00fc\u011f\u00fc ile koordine i\u00e7erisinde, il\u00e7e s\u0131n\u0131rlar\u0131nda farkl\u0131 noktalarda kurban sat\u0131\u015f ve kesim yerlerini haz\u0131rlama \u00e7al\u0131\u015fmalar\u0131n\u0131 s\u00fcrd\u00fcr\u00fcyor.<br \/>\nHaz\u0131rlanan kesim noktalar\u0131nda, vatanda\u015flar\u0131n kurban ibadetlerini dini h\u00fck\u00fcmlere, sa\u011fl\u0131k ve hijyen \u015fartlar\u0131na uygun \u015fekilde kesebilmeleri sa\u011flanacak. Fen i\u015fleri ekipleri, \u00f6zellikle kurban kesimi i\u00e7in farkl\u0131 mahallelerde, arazi d\u00fczenleme ve beton d\u00f6k\u00fclmesi \u00e7al\u0131\u015fmalar\u0131nda sona yakla\u015ft\u0131.<br \/>\nAkdeniz\u2019de haz\u0131rlanan kurban kesim ve sat\u0131\u015f yerleri<br \/>\nAkdeniz\u2019de mobil kurban kesim yerleri kurulacak mahalleler ise \u015f\u00f6yle; \u201cBar\u0131\u015f, \u00dc\u00e7 Ocak, Parmakkurdu, Pu\u011fkaracada\u011f, Karacailyas, Yanpar, G\u00fcndo\u011fdu, Huzurkent, K\u00f6selerli, \u00d6zg\u00fcrl\u00fck, M\u00fcfide \u0130lhan, Anadolu, Demirhisar, Dikilita\u015f-Civanyayla\u011f\u0131-Bekirde, Nusratiye, A\u015fa\u011f\u0131 Burhan, Turgut Reis, I\u011fd\u0131r, Camili, Ba\u011fc\u0131lar, Gazi, K\u00fcrk\u00e7\u00fc, Esenli, Hamidiye, \u0130hsaniye ve Nacarl\u0131.\u201d<br \/>\nKurban Sat\u0131\u015f Yerleri ise; \u201cG\u00fcndo\u011fdu Mahallesi K\u0131br\u0131s \u0130lk\u00f6\u011fretim Okulu yan\u0131 bo\u015f alan, \u00d6zg\u00fcrl\u00fck Mahallesi T\u0131rm\u0131l Tepe yan\u0131 bo\u015f alan, Huzurkent Adnan Menderes Mahallesi eski hal yeri\u201d olarak belirlendi. <\/p>\n","protected":false},"excerpt":{"rendered":"<p>Akdeniz Belediyesi, vatanda\u015flar\u0131n kurban ibadetlerini kolayca ve sorunsuz \u015fekilde yerine getirebilmeleri amac\u0131yla, il\u00e7e s\u0131n\u0131rlar\u0131nda farkl\u0131 bir\u00e7ok noktada kurban sat\u0131\u015f ve mobil kesim yerleri haz\u0131rlad\u0131. Bu y\u0131l 9-12 Temmuz 2022 tarihleri &hellip; <a href=\"https:\/\/akdenizolaygazetesi.com\/?p=19638\" class=\"more-link\">Devam\u0131n\u0131 Oku&#8230;<\/a><\/p>\n","protected":false},"author":2,"featured_media":19639,"comment_status":"open","ping_status":"open","sticky":false,"template":"","format":"standard","meta":[],"categories":[3],"tags":[],"_links":{"self":[{"href":"https:\/\/akdenizolaygazetesi.com\/index.php?rest_route=\/wp\/v2\/posts\/19638"}],"collection":[{"href":"https:\/\/akdenizolaygazetesi.com\/index.php?rest_route=\/wp\/v2\/posts"}],"about":[{"href":"https:\/\/akdenizolaygazetesi.com\/index.php?rest_route=\/wp\/v2\/types\/post"}],"author":[{"embeddable":true,"href":"https:\/\/akdenizolaygazetesi.com\/index.php?rest_route=\/wp\/v2\/users\/2"}],"replies":[{"embeddable":true,"href":"https:\/\/akdenizolaygazetesi.com\/index.php?rest_route=%2Fwp%2Fv2%2Fcomments&post=19638"}],"version-history":[{"count":1,"href":"https:\/\/akdenizolaygazetesi.com\/index.php?rest_route=\/wp\/v2\/posts\/19638\/revisions"}],"predecessor-version":[{"id":19640,"href":"https:\/\/akdenizolaygazetesi.com\/index.php?rest_route=\/wp\/v2\/posts\/19638\/revisions\/19640"}],"wp:featuredmedia":[{"embeddable":true,"href":"https:\/\/akdenizolaygazetesi.com\/index.php?rest_route=\/wp\/v2\/media\/19639"}],"wp:attachment":[{"href":"https:\/\/akdenizolaygazetesi.com\/index.php?rest_route=%2Fwp%2Fv2%2Fmedia&parent=19638"}],"wp:term":[{"taxonomy":"category","embeddable":true,"href":"https:\/\/akdenizolaygazetesi.com\/index.php?rest_route=%2Fwp%2Fv2%2Fcategories&post=19638"},{"taxonomy":"post_tag","embeddable":true,"href":"https:\/\/akdenizolaygazetesi.com\/index.php?rest_route=%2Fwp%2Fv2%2Ftags&post=19638"}],"curies":[{"name":"wp","href":"https:\/\/api.w.org\/{rel}","templated":true}]}}