{"id":1964,"date":"2020-11-04T18:22:28","date_gmt":"2020-11-04T15:22:28","guid":{"rendered":"http:\/\/mersinekonomipolitikagazetesi.com\/?p=1964"},"modified":"2020-11-04T18:22:28","modified_gmt":"2020-11-04T15:22:28","slug":"baro-baskanina-saldiri-iddiasina-tepki","status":"publish","type":"post","link":"https:\/\/akdenizolaygazetesi.com\/?p=1964","title":{"rendered":"Baro ba\u015fkan\u0131na sald\u0131r\u0131 iddias\u0131na tepki"},"content":{"rendered":"<p>Ankara&#8217;da i\u015f mahkemesinde g\u00f6r\u00fclen bir davada, hakimin duru\u015fmadaki avukatlar\u0131 salondan \u00e7\u0131karmas\u0131 sonras\u0131nda durumu g\u00f6r\u00fc\u015fmek i\u00e7in odas\u0131na giren Ankara Barosu Ba\u015fkan\u0131 Hakan Canduran&#8217;a s\u00f6zl\u00fc ve fiili sald\u0131r\u0131da bulundu\u011fu iddias\u0131 tepkilere neden oldu.<\/p>\n<p><span style=\"font-size:16px;\"><span style=\"font-family: sans-serif; line-height: 20px; text-align: justify; background-color: rgb(242, 244, 245);\">Ankara\u2019da baro ba\u015fkanlar\u0131n\u0131n kat\u0131l\u0131m\u0131yla ger\u00e7ekle\u015ftirilen protesto g\u00f6sterisinde konu\u015fan Mersin Barosu Ba\u015fkan Vekili Gazi \u00d6zdemir, \u201cAnkara Barosu Ba\u015fkan\u0131na yap\u0131lan bu sald\u0131r\u0131ya tahamm\u00fcl etmek, kabullenmek hukuken ve vicdanen m\u00fcmk\u00fcn de\u011fildir. Bir hakimin, baro ba\u015fkan\u0131na yapm\u0131\u015f oldu\u011fu bu utan\u00e7 verici sald\u0131r\u0131y\u0131 \u015fiddetle k\u0131n\u0131yorum. Mersin Barosu olarak, HSK\u2019n\u0131n \u00fczerine d\u00fc\u015fen g\u00f6revi yapmas\u0131 konusunda sonuna kadar takip\u00e7i olaca\u011f\u0131z\u201d dedi.\u00a0<\/span><br style=\"box-sizing: border-box; font-family: sans-serif; font-size: 14px; line-height: 20px; text-align: justify; background-color: rgb(242, 244, 245);\" \/><br \/>\n<span style=\"font-family: sans-serif; line-height: 20px; text-align: justify; background-color: rgb(242, 244, 245);\">&#8220;Avukat\u0131n olmad\u0131\u011f\u0131 yarg\u0131 sistemi d\u00fc\u015f\u00fcn\u00fclemez&#8221;\u00a0<\/span><br style=\"box-sizing: border-box; font-family: sans-serif; font-size: 14px; line-height: 20px; text-align: justify; background-color: rgb(242, 244, 245);\" \/><br \/>\n<span style=\"font-family: sans-serif; line-height: 20px; text-align: justify; background-color: rgb(242, 244, 245);\">Hukuk devleti ilkesine ayk\u0131r\u0131 olan bu davran\u0131\u015f\u0131 \u015fiddetle k\u0131namak i\u00e7in Ankara Barosu Ba\u015fkan\u0131 Hakan Canduran\u2019\u0131n yan\u0131nda olduklar\u0131n\u0131 belirten \u00d6zdemir, &#8220;Avukat\u0131n olmad\u0131\u011f\u0131 yarg\u0131 sistemi d\u00fc\u015f\u00fcn\u00fclemez ve avukatl\u0131k mesle\u011fini icra eden meslekta\u015flar\u0131m\u0131z, en az hakim ve savc\u0131lar\u0131m\u0131z kadar \u00f6nemli ve kutsal bir g\u00f6revi ifa etmektedir. HSK\u2019n\u0131n bu konuya duyars\u0131z kalmayaca\u011f\u0131na, gerekeni yapaca\u011f\u0131na inan\u0131yoruz. Sald\u0131r\u0131ya u\u011frayan Ankara Barosu Ba\u015fkan\u0131 Hakan Canduran ve avukatlar\u0131m\u0131za ge\u00e7mi\u015f olsun dileklerimi sunuyor, savunma mesle\u011fine yap\u0131lan bu t\u00fcr sald\u0131r\u0131lar\u0131n art\u0131k son bulmas\u0131n\u0131 temenni ediyorum\u201d diye konu\u015ftu.\u00a0<\/span><\/span><\/p>\n","protected":false},"excerpt":{"rendered":"<p>Ankara&#8217;da i\u015f mahkemesinde g\u00f6r\u00fclen bir davada, hakimin duru\u015fmadaki avukatlar\u0131 salondan \u00e7\u0131karmas\u0131 sonras\u0131nda durumu g\u00f6r\u00fc\u015fmek i\u00e7in odas\u0131na giren Ankara Barosu Ba\u015fkan\u0131 Hakan Canduran&#8217;a s\u00f6zl\u00fc ve fiili sald\u0131r\u0131da bulundu\u011fu iddias\u0131 tepkilere neden &hellip; <a href=\"https:\/\/akdenizolaygazetesi.com\/?p=1964\" class=\"more-link\">Devam\u0131n\u0131 Oku&#8230;<\/a><\/p>\n","protected":false},"author":1,"featured_media":0,"comment_status":"open","ping_status":"open","sticky":false,"template":"","format":"standard","meta":[],"categories":[],"tags":[],"_links":{"self":[{"href":"https:\/\/akdenizolaygazetesi.com\/index.php?rest_route=\/wp\/v2\/posts\/1964"}],"collection":[{"href":"https:\/\/akdenizolaygazetesi.com\/index.php?rest_route=\/wp\/v2\/posts"}],"about":[{"href":"https:\/\/akdenizolaygazetesi.com\/index.php?rest_route=\/wp\/v2\/types\/post"}],"author":[{"embeddable":true,"href":"https:\/\/akdenizolaygazetesi.com\/index.php?rest_route=\/wp\/v2\/users\/1"}],"replies":[{"embeddable":true,"href":"https:\/\/akdenizolaygazetesi.com\/index.php?rest_route=%2Fwp%2Fv2%2Fcomments&post=1964"}],"version-history":[{"count":0,"href":"https:\/\/akdenizolaygazetesi.com\/index.php?rest_route=\/wp\/v2\/posts\/1964\/revisions"}],"wp:attachment":[{"href":"https:\/\/akdenizolaygazetesi.com\/index.php?rest_route=%2Fwp%2Fv2%2Fmedia&parent=1964"}],"wp:term":[{"taxonomy":"category","embeddable":true,"href":"https:\/\/akdenizolaygazetesi.com\/index.php?rest_route=%2Fwp%2Fv2%2Fcategories&post=1964"},{"taxonomy":"post_tag","embeddable":true,"href":"https:\/\/akdenizolaygazetesi.com\/index.php?rest_route=%2Fwp%2Fv2%2Ftags&post=1964"}],"curies":[{"name":"wp","href":"https:\/\/api.w.org\/{rel}","templated":true}]}}