{"id":19641,"date":"2022-07-04T12:54:50","date_gmt":"2022-07-04T09:54:50","guid":{"rendered":"http:\/\/akdenizolaygazetesi.com\/?p=19641"},"modified":"2022-07-04T12:54:50","modified_gmt":"2022-07-04T09:54:50","slug":"erdemli-tomuk-sahili-uretici-kadin-stantlariyla-bezendi","status":"publish","type":"post","link":"https:\/\/akdenizolaygazetesi.com\/?p=19641","title":{"rendered":"ERDEML\u0130 T\u00d6M\u00dcK SAH\u0130L\u0130, \u00dcRET\u0130C\u0130 KADIN STANTLARIYLA BEZEND\u0130"},"content":{"rendered":"<p>Mersin B\u00fcy\u00fck\u015fehir Belediyesi Kad\u0131n ve Aile Hizmetleri Dairesi koordinesinde y\u0131l boyunca kentin bir\u00e7ok yerine kurulan \u00fcretici kad\u0131n stantlar\u0131, her ge\u00e7en g\u00fcn kapsam\u0131n\u0131 geni\u015fletiyor. B\u00fcy\u00fck\u015fehir Belediyesi taraf\u0131ndan kurulan \u00fcretici kad\u0131n stantlar\u0131n\u0131n \u015fimdiki dura\u011f\u0131, yaz aylar\u0131n\u0131n gelmesiyle n\u00fcfusu artan ve turistlerin ak\u0131n etti\u011fi il\u00e7elerden olan Erdemli oldu. Erdemli&#8217;deki kad\u0131n \u00fcretici stantlar\u0131, yaz sezonu sonuna kadar her hafta Cuma, Cumartesi ve Pazar g\u00fcnleri 16.00-21.00 aras\u0131 devam edecek.<br \/>\nHem sat\u0131\u015f hem e\u011flence bir arada<br \/>\nMersin B\u00fcy\u00fck\u015fehir Belediye Ba\u015fkan\u0131 Vahap Se\u00e7er \u00f6nc\u00fcl\u00fc\u011f\u00fcnde kad\u0131nlara hem ekonomik anlamda destek olmak, hem de evdeki gizli i\u015f g\u00fcc\u00fcn\u00fc ortaya \u00e7\u0131karmak amac\u0131yla kurulan \u00fcretici kad\u0131n stantlar\u0131, kad\u0131nlar\u0131n y\u00fcz\u00fcn\u00fc g\u00fcld\u00fcrmeyi s\u00fcrd\u00fcr\u00fcyor. Kurulan stantlarla kad\u0131nlar yiyecek i\u00e7ecekten hediyelik \u00fcr\u00fcnlere, aksesuarlardan giyim e\u015fyalar\u0131na kadar bir\u00e7ok alanda \u00fcrettikleri \u00fcr\u00fcnlerin sat\u0131\u015f\u0131n\u0131 yaparken, bir yandan da bir araya gelerek sosyalle\u015fiyor. Hem maddi hem manevi katk\u0131s\u0131 olan bu etkinlikler kad\u0131nlardan tam not al\u0131yor. Yaz aylar\u0131nda turistlerin de yo\u011fun u\u011frak noktas\u0131 olan Erdemli&#8217;de kurulan stantlarda, onlarca kad\u0131n \u00fcretici yerini ald\u0131. T\u00f6m\u00fck sahiline kurulan stantlar, vatanda\u015flar taraf\u0131ndan da b\u00fcy\u00fck ilgi g\u00f6r\u00fcyor.<br \/>\n&#8220;Bu tarz etkinlikler ile eve b\u00fcy\u00fck katk\u0131da bulunuyorum&#8221;<br \/>\n\u00dcretici kad\u0131nlardan Esra Gerdi, a\u00e7\u0131lan \u00fcretici kad\u0131n stantlar\u0131n\u0131n kendilerine hem gelir hem de sosyalle\u015fme imkan\u0131 sa\u011flad\u0131\u011f\u0131n\u0131 ifade ederek &#8220;Evden \u00fcretim yap\u0131yorum, bir yerim yok. At\u00f6lyem evim, \u00f6yle s\u00f6yleyeyim. Bu bak\u0131mdan Belediyenin \u00e7ok b\u00fcy\u00fck deste\u011fi var. Normalde \u00e7ok k\u00fc\u00e7\u00fck \u015feylerle ba\u015flad\u0131m. Ufak farkl\u0131 \u015feylerle ba\u015flad\u0131m bu i\u015fe. Bu tarz etkinlikler oldu\u011fu s\u00fcrece, parasal anlamda da manevi anlamda da ben eve \u00e7ok b\u00fcy\u00fck katk\u0131da bulunuyorum. Hem kafam da\u011f\u0131l\u0131yor, hem maddi a\u00e7\u0131dan bana \u00e7ok b\u00fcy\u00fck destek sa\u011fl\u0131yor. Y\u00fczler g\u00fcl\u00fcyor yani&#8221; diye konu\u015ftu.<br \/>\n&#8220;Mersin&#8217;de nereye gitsem B\u00fcy\u00fck\u015fehir&#8217;i g\u00f6r\u00fcyorum&#8221;<br \/>\nB\u00fcy\u00fck\u015fehir Belediyesi&#8217;nin sadece Mersin merkezde de\u011fil, uzak il\u00e7elere de \u00fcretici kad\u0131n stantlar\u0131 a\u00e7arak destek sundu\u011funu belirten Gerdi, &#8220;Eskiden hi\u00e7bir \u015fekilde, hi\u00e7bir ortamda kad\u0131na destek yoktu. Ama \u015fu an her alanda sahil olsun, i\u015f olsun, her yerde hem vizyon olarak hem geli\u015fim olarak B\u00fcy\u00fck\u015fehir&#8217;in \u00e7ok fazla katk\u0131s\u0131 var. Hem de sat\u0131\u015f odakl\u0131 d\u00fc\u015f\u00fcnd\u00fc\u011f\u00fcm\u00fcz zaman, para kazanma olarak da \u00e7ok b\u00fcy\u00fck katk\u0131s\u0131 var belediyenin bize. Bu bak\u0131mdan \u00e7ok mutluyum. Yani buras\u0131 \u00e7ok uzak. Burada kad\u0131nlar \u00e7ok zor malzeme al\u0131yor. Hi\u00e7 sat\u0131\u015f pazarlar\u0131 yok. B\u00fcy\u00fck\u015fehir Belediyesi buradaki en dipte, en uzakta olan insanlar\u0131 bile d\u00fc\u015f\u00fcn\u00fcyor. Sadece merkez i\u00e7in \u00e7al\u0131\u015fm\u0131yor. Ben nereye gitsem, Mersin&#8217;de her yerde B\u00fcy\u00fck\u015fehir&#8217;i g\u00f6rebiliyorum. Ben yolda arabayla kalsam arayabilece\u011fimiz tek yer Teksin yard\u0131m hatt\u0131. Her \u015feyde \u00e7ok h\u0131zl\u0131lar. Ben \u00e7ok memnunum, \u00e7ok te\u015fekk\u00fcr ediyorum Vahap Se\u00e7er&#8217;e de, Meral Han\u0131m&#8217;a da. \u0130n\u015fallah hep daim olurlar, elleri de hep \u00fczerimizde olur&#8221; ifadelerine yer verdi.<br \/>\n&#8220;Ev han\u0131m\u0131 olarak bir \u015feyler yapmaya \u00e7al\u0131\u015f\u0131yoruz&#8221;<br \/>\n\u00dcretici kad\u0131nlardan Hafize \u00c7etinta\u015f ise T\u00f6m\u00fck sahilinde kurulan \u00fcretici stantlar sayesinde bir\u00e7ok ki\u015fiye ula\u015fma imkan\u0131 elde ettiklerini belirterek, &#8220;El i\u015fi \u00f6rg\u00fclerim, perdelerim var, \u00e7antalar\u0131m var. Elimizden geldi\u011fince ev han\u0131m\u0131 olarak bir \u015feyler yapmaya \u00e7al\u0131\u015f\u0131yoruz. Bize bu imkan\u0131 veren Belediye Ba\u015fkan\u0131m\u0131z Vahap Se\u00e7er&#8217;e \u00e7ok te\u015fekk\u00fcr ediyoruz. Buralar \u015fenlendi, turistlerimiz geldi. T\u00fcrkiye&#8217;nin her taraf\u0131ndan arkada\u015flar\u0131m\u0131z, dostlar\u0131m\u0131z geldi. Sahillerimiz doldu. Sahillerde yap\u0131lan g\u00fczellikler zaten anlat\u0131lmakla bitmez. Her \u015fey i\u00e7in, kad\u0131nlara b\u00f6yle bir f\u0131rsat verdi\u011fi i\u00e7in ayr\u0131ca te\u015fekk\u00fcr ediyoruz. \u00c7ok g\u00fczel oldu. K\u0131\u015f\u0131m\u0131z\u0131 bo\u015fa ge\u00e7irmiyoruz, bir \u015feyler \u00fcretiyoruz ama ev han\u0131m\u0131 olunca bu \u00fcr\u00fcnleri bir yerlerde satma imkan\u0131m\u0131z yok. Bize b\u00f6yle bir olanak tan\u0131nd\u0131\u011f\u0131 i\u00e7in de \u00e7ok te\u015fekk\u00fcr ediyoruz&#8221; dedi.<\/p>\n","protected":false},"excerpt":{"rendered":"<p>Mersin B\u00fcy\u00fck\u015fehir Belediyesi Kad\u0131n ve Aile Hizmetleri Dairesi koordinesinde y\u0131l boyunca kentin bir\u00e7ok yerine kurulan \u00fcretici kad\u0131n stantlar\u0131, her ge\u00e7en g\u00fcn kapsam\u0131n\u0131 geni\u015fletiyor. B\u00fcy\u00fck\u015fehir Belediyesi taraf\u0131ndan kurulan \u00fcretici kad\u0131n stantlar\u0131n\u0131n &hellip; <a href=\"https:\/\/akdenizolaygazetesi.com\/?p=19641\" class=\"more-link\">Devam\u0131n\u0131 Oku&#8230;<\/a><\/p>\n","protected":false},"author":2,"featured_media":19642,"comment_status":"open","ping_status":"open","sticky":false,"template":"","format":"standard","meta":[],"categories":[1,2,3,5],"tags":[],"_links":{"self":[{"href":"https:\/\/akdenizolaygazetesi.com\/index.php?rest_route=\/wp\/v2\/posts\/19641"}],"collection":[{"href":"https:\/\/akdenizolaygazetesi.com\/index.php?rest_route=\/wp\/v2\/posts"}],"about":[{"href":"https:\/\/akdenizolaygazetesi.com\/index.php?rest_route=\/wp\/v2\/types\/post"}],"author":[{"embeddable":true,"href":"https:\/\/akdenizolaygazetesi.com\/index.php?rest_route=\/wp\/v2\/users\/2"}],"replies":[{"embeddable":true,"href":"https:\/\/akdenizolaygazetesi.com\/index.php?rest_route=%2Fwp%2Fv2%2Fcomments&post=19641"}],"version-history":[{"count":1,"href":"https:\/\/akdenizolaygazetesi.com\/index.php?rest_route=\/wp\/v2\/posts\/19641\/revisions"}],"predecessor-version":[{"id":19643,"href":"https:\/\/akdenizolaygazetesi.com\/index.php?rest_route=\/wp\/v2\/posts\/19641\/revisions\/19643"}],"wp:featuredmedia":[{"embeddable":true,"href":"https:\/\/akdenizolaygazetesi.com\/index.php?rest_route=\/wp\/v2\/media\/19642"}],"wp:attachment":[{"href":"https:\/\/akdenizolaygazetesi.com\/index.php?rest_route=%2Fwp%2Fv2%2Fmedia&parent=19641"}],"wp:term":[{"taxonomy":"category","embeddable":true,"href":"https:\/\/akdenizolaygazetesi.com\/index.php?rest_route=%2Fwp%2Fv2%2Fcategories&post=19641"},{"taxonomy":"post_tag","embeddable":true,"href":"https:\/\/akdenizolaygazetesi.com\/index.php?rest_route=%2Fwp%2Fv2%2Ftags&post=19641"}],"curies":[{"name":"wp","href":"https:\/\/api.w.org\/{rel}","templated":true}]}}