{"id":1965,"date":"2020-11-04T18:22:30","date_gmt":"2020-11-04T15:22:30","guid":{"rendered":"http:\/\/mersinekonomipolitikagazetesi.com\/?p=1965"},"modified":"2020-11-04T18:22:30","modified_gmt":"2020-11-04T15:22:30","slug":"vali-su-mersin-cekirdek-genc-girisimci-merkezini-inceledi","status":"publish","type":"post","link":"https:\/\/akdenizolaygazetesi.com\/?p=1965","title":{"rendered":"VAL\u0130 SU: \u2018MERS\u0130N \u00c7EK\u0130RDEK GEN\u00c7 G\u0130R\u0130\u015e\u0130MC\u0130 MERKEZ\u0130\u2019N\u0130 \u0130NCELED\u0130"},"content":{"rendered":"<p>Mersin Valisi Ali \u0130hsan Su, Rekt\u00f6r Prof. Dr. Ahmet \u00c7amsar\u0131 i\u015fbirli\u011finde olan \u00c7iftlikk\u00f6y Kamp\u00fcs\u00fcndeki \u2018Mersin \u00c7ekirdek Gen\u00e7 Giri\u015fimci Merkezi\u2019ni ziyaret etti.<\/p>\n<blockquote type=\"cite\">\n<div dir=\"ltr\">\n<p><span style=\"font-size:16px;\">Mersin Valisi Ali \u0130hsan Su, Rekt\u00f6r Prof. Dr. Ahmet \u00c7amsar\u0131, Rekt\u00f6r Yard\u0131mc\u0131s\u0131 Prof. Dr. Ali Kaya ile beraber \u2018Mersin \u00c7ekirdek Gen\u00e7 Giri\u015fimci Merkezi\u2019ni incelediler.<img src=\"https:\/\/ssl.gstatic.com\/ui\/v1\/icons\/mail\/images\/cleardot.gif\" style=\"font-family: sans-serif, Arial, Verdana, 'Trebuchet MS'; line-height: 1.6em; height: 8px; width: 20px;\" \/><\/span><\/p>\n<div>\n<p>\u00a0<\/p>\n<p><span style=\"font-size:16px;\">\u2018Mersin \u00c7ekirdek Gen\u00e7 Giri\u015fimci Merkezi\u2019nde &#8216;\u0130\u015f arayan de\u011fil, i\u015fveren gen\u00e7ler yeti\u015ftiriyoruz&#8217; slogan\u0131yla yola \u00e7\u0131karak ment\u00f6rl\u00fck deste\u011fi, \u00e7al\u0131\u015fabilecekleri veya kiralayabilecekleri ofis alan\u0131, altyap\u0131 hizmetleri ve toplant\u0131 salonlar\u0131 sa\u011flayan, onlar\u0131 yat\u0131r\u0131mc\u0131 a\u011flar\u0131 ile tan\u0131\u015ft\u0131ran ve i\u015flerini kurmalar\u0131, b\u00fcy\u00fctmeleri i\u00e7in destek veren bir yap\u0131 olu\u015fturulacak.<\/span><\/p>\n<p>\u00a0<\/p>\n<p><span style=\"font-size:16px;\">Bu merkezlerde e\u011fitim ald\u0131ktan sonra gen\u00e7 giri\u015fimcilere ayr\u0131ca merkezden ba\u011f\u0131ms\u0131z Kalk\u0131nma Bakanl\u0131\u011f\u0131\u2019n\u0131n, Cazibe Merkezlerini Destekleme Program\u0131 kapsam\u0131nda yakla\u015f\u0131k 3.500.000 TL b\u00fct\u00e7e ile destekleniyor.<\/span><\/p>\n<p>\u00a0<\/p>\n<p><span style=\"font-size:16px;\">Erzurum ve Malatya\u2019da i\u00e7inde desteklenen projeler kapsam\u0131nda kurulacak ilk merkezi Mersin \u00dcniversitesi\u2019nde hayata ge\u00e7irilecek.<\/span><\/p>\n<p><span style=\"font-size:16px;\">Ayr\u0131ca Kalk\u0131nma Bakan\u0131 L\u00fctfi Elvan\u2019\u0131n destekleriyle ger\u00e7ekle\u015ftirilen projede ileriki zamanlarda giri\u015fimcilerin yat\u0131r\u0131mc\u0131larla bir araya gelmeleri ve fikirlerini, sunmalar\u0131 konusunda imkan sa\u011flanacak.<\/span><\/p>\n<p><span style=\"font-size:16px;\">Giri\u015fimcilere Fikri ve S\u0131nai M\u00fclkiyet Haklar\u0131, strateji, y\u00f6netim ve networking konular\u0131nda bilgi sa\u011flamak i\u00e7in kurulacak FoodLab ve MakerLab\u2019da, teknolojik ve do\u011frulanm\u0131\u015f fikirlerini \u00fcr\u00fcne d\u00f6n\u00fc\u015ft\u00fcrme imkan\u0131ndan yararlan\u0131lacak.<\/span><\/p>\n<\/div>\n<\/div>\n<\/blockquote>\n","protected":false},"excerpt":{"rendered":"<p>Mersin Valisi Ali \u0130hsan Su, Rekt\u00f6r Prof. Dr. Ahmet \u00c7amsar\u0131 i\u015fbirli\u011finde olan \u00c7iftlikk\u00f6y Kamp\u00fcs\u00fcndeki \u2018Mersin \u00c7ekirdek Gen\u00e7 Giri\u015fimci Merkezi\u2019ni ziyaret etti. Mersin Valisi Ali \u0130hsan Su, Rekt\u00f6r Prof. Dr. Ahmet &hellip; <a href=\"https:\/\/akdenizolaygazetesi.com\/?p=1965\" class=\"more-link\">Devam\u0131n\u0131 Oku&#8230;<\/a><\/p>\n","protected":false},"author":1,"featured_media":0,"comment_status":"open","ping_status":"open","sticky":false,"template":"","format":"standard","meta":[],"categories":[],"tags":[],"_links":{"self":[{"href":"https:\/\/akdenizolaygazetesi.com\/index.php?rest_route=\/wp\/v2\/posts\/1965"}],"collection":[{"href":"https:\/\/akdenizolaygazetesi.com\/index.php?rest_route=\/wp\/v2\/posts"}],"about":[{"href":"https:\/\/akdenizolaygazetesi.com\/index.php?rest_route=\/wp\/v2\/types\/post"}],"author":[{"embeddable":true,"href":"https:\/\/akdenizolaygazetesi.com\/index.php?rest_route=\/wp\/v2\/users\/1"}],"replies":[{"embeddable":true,"href":"https:\/\/akdenizolaygazetesi.com\/index.php?rest_route=%2Fwp%2Fv2%2Fcomments&post=1965"}],"version-history":[{"count":0,"href":"https:\/\/akdenizolaygazetesi.com\/index.php?rest_route=\/wp\/v2\/posts\/1965\/revisions"}],"wp:attachment":[{"href":"https:\/\/akdenizolaygazetesi.com\/index.php?rest_route=%2Fwp%2Fv2%2Fmedia&parent=1965"}],"wp:term":[{"taxonomy":"category","embeddable":true,"href":"https:\/\/akdenizolaygazetesi.com\/index.php?rest_route=%2Fwp%2Fv2%2Fcategories&post=1965"},{"taxonomy":"post_tag","embeddable":true,"href":"https:\/\/akdenizolaygazetesi.com\/index.php?rest_route=%2Fwp%2Fv2%2Ftags&post=1965"}],"curies":[{"name":"wp","href":"https:\/\/api.w.org\/{rel}","templated":true}]}}