{"id":19650,"date":"2022-07-04T13:00:36","date_gmt":"2022-07-04T10:00:36","guid":{"rendered":"http:\/\/akdenizolaygazetesi.com\/?p=19650"},"modified":"2022-07-04T13:00:36","modified_gmt":"2022-07-04T10:00:36","slug":"gultaktan-yalan-habere-sert-tepki","status":"publish","type":"post","link":"https:\/\/akdenizolaygazetesi.com\/?p=19650","title":{"rendered":"G\u00dcLTAK\u2019TAN, YALAN HABERE SERT TEPK\u0130"},"content":{"rendered":"<p>Ba\u015fkan G\u00fcltak, g\u00f6ndere as\u0131l\u0131 T\u00fcrk bayra\u011f\u0131n\u0131n, belediyeye ait bir afi\u015fin as\u0131lmas\u0131 i\u00e7in yar\u0131ya indirildi\u011fi y\u00f6n\u00fcndeki iddiaya sert s\u00f6zlerle tepki g\u00f6sterdi. Ba\u015fkan G\u00fcltak; \u201cHerkes haddini ve hududunu bilmelidir. Bu \u00e7irkin yalan\u0131 ve iftiray\u0131 ortaya atan ve hangi kurum \u00e7al\u0131\u015fan\u0131 oldu\u011funu bildi\u011fimiz ki\u015fiyi esefle k\u0131n\u0131yorum\u201d dedi.<br \/>\n\u00c7ok \u00e7irkin bir iddia, b\u00fcy\u00fck bir yalan ve iftira!<br \/>\nAkdeniz Belediye Meclisi Temmuz ay\u0131 birinci oturumunda bir a\u00e7\u0131klama yapan Akdeniz Belediye Ba\u015fkan\u0131 M. Mustafa G\u00fcltak; Hafta sonunda Huzurkent meydan\u0131ndaki g\u00f6nderde dalgalanan bayra\u011f\u0131n, kim oldu\u011funu bildikleri bir kurumun \u00e7al\u0131\u015fan\u0131 taraf\u0131ndan, y\u0131pranmas\u0131 nedeniyle de\u011fi\u015ftirilmek \u00fczere indirilmek istendi\u011fini belirterek \u015f\u00f6yle konu\u015ftu; \u201cBayra\u011f\u0131n ba\u011fl\u0131 oldu\u011fu g\u00f6nder ipinin s\u0131k\u0131\u015fmas\u0131 \u00fczerine bayrak yar\u0131da kalm\u0131\u015f ve o halde b\u0131rak\u0131lm\u0131\u015ft\u0131r. Durum bu iken, kim oldu\u011funu bildi\u011fimiz kurumun O \u00e7al\u0131\u015fan\u0131, yar\u0131ya inen bayra\u011f\u0131n foto\u011fraflar\u0131n\u0131 \u00e7ekerek art niyetle baz\u0131 internet haber sitelerine servis etmi\u015f; yay\u0131nlanan baz\u0131 haberlerde de bir afi\u015fi asmak i\u00e7in g\u00f6nderdeki bayra\u011f\u0131 yar\u0131ya indirdi\u011fimiz iddia edilmi\u015ftir. Bu \u00e7ok \u00e7irkin bir iddia, b\u00fcy\u00fck bir yalan ve iftirad\u0131r.\u201d<br \/>\n\u201cHi\u00e7 kimse beni milli de\u011ferlerimizle s\u0131namas\u0131n!\u201d<br \/>\nTepkisini; \u201cBu \u00e7irkin iddiay\u0131 ve yalan\u0131 ortaya atan ve hangi kurum \u00e7al\u0131\u015fan\u0131 oldu\u011funu bildi\u011fimiz ki\u015fiyi esefle k\u0131n\u0131yor, Allah\u2019a havale ediyorum\u201d s\u00f6zleri ile s\u00fcrd\u00fcren Ba\u015fkan Mustafa G\u00fcltak; \u201cHi\u00e7 kimse Mustafa G\u00fcltak\u2019\u0131, en b\u00fcy\u00fck milli de\u011ferlerimizden biri olan bayra\u011f\u0131m\u0131z ile s\u0131namas\u0131n. Herkes haddini hududunu bilmelidir. Mustafa G\u00fcltak\u2019\u0131n kim oldu\u011fu, ba\u015fta bayra\u011f\u0131m\u0131z olmak \u00fczere milli de\u011ferlerimize ne kadar ba\u011fl\u0131 oldu\u011fu, sahip \u00e7\u0131kt\u0131\u011f\u0131 ve korudu\u011fu herkes\u00e7e bilinir\u201d \u015feklinde konu\u015ftu.<br \/>\nT\u00fcrk Bayra\u011f\u0131\u2019n\u0131n yar\u0131ya indirilebilece\u011fi haller\u2026<br \/>\nBa\u015fkan G\u00fcltak, bayra\u011f\u0131n yar\u0131ya \u00e7ekilmesi ile ilgili olarak, T\u00fcrk Bayra\u011f\u0131 Kanunu Madde 4\u2019\u2019\u00fc hat\u0131rlatarak; \u2018T\u00fcrk Bayra\u011f\u0131, yas alameti olarak 10 Kas\u0131m\u2019da yar\u0131ya \u00e7ekilir. Bayra\u011f\u0131n yar\u0131ya \u00e7ekilece\u011fi di\u011fer haller ve zaman\u0131 Cumhurba\u015fkanl\u0131\u011f\u0131nca ilan edilir. Devlet ad\u0131na b\u00fcy\u00fck hizmetler yapm\u0131\u015f bir insan\u0131n vefat\u0131 \u00fczerine, devlet taraf\u0131ndan \u00fclke genelinde ger\u00e7ekle\u015fecek \u2018yas tutma\u2019 karar\u0131n\u0131n al\u0131nmas\u0131yla bayrak yar\u0131ya indirilebilir. Ciddi bir do\u011fal afet, sava\u015f veya ter\u00f6r sald\u0131r\u0131s\u0131 nedeniyle yitirdi\u011fimiz canlar\u0131m\u0131z i\u00e7in ulusal yas karar\u0131 al\u0131nabilir. Bu gibi nedenlerden dolay\u0131 bayraklar\u0131n yar\u0131ya indirilmesi, gerek \u00fclkemizde gerekse de di\u011fer \u00fclkelerde g\u00f6r\u00fclen kararlar aras\u0131nda yer al\u0131r\u201d dedi. <\/p>\n","protected":false},"excerpt":{"rendered":"<p>Ba\u015fkan G\u00fcltak, g\u00f6ndere as\u0131l\u0131 T\u00fcrk bayra\u011f\u0131n\u0131n, belediyeye ait bir afi\u015fin as\u0131lmas\u0131 i\u00e7in yar\u0131ya indirildi\u011fi y\u00f6n\u00fcndeki iddiaya sert s\u00f6zlerle tepki g\u00f6sterdi. Ba\u015fkan G\u00fcltak; \u201cHerkes haddini ve hududunu bilmelidir. Bu \u00e7irkin yalan\u0131 &hellip; <a href=\"https:\/\/akdenizolaygazetesi.com\/?p=19650\" class=\"more-link\">Devam\u0131n\u0131 Oku&#8230;<\/a><\/p>\n","protected":false},"author":2,"featured_media":19651,"comment_status":"open","ping_status":"open","sticky":false,"template":"","format":"standard","meta":[],"categories":[1,2,3],"tags":[],"_links":{"self":[{"href":"https:\/\/akdenizolaygazetesi.com\/index.php?rest_route=\/wp\/v2\/posts\/19650"}],"collection":[{"href":"https:\/\/akdenizolaygazetesi.com\/index.php?rest_route=\/wp\/v2\/posts"}],"about":[{"href":"https:\/\/akdenizolaygazetesi.com\/index.php?rest_route=\/wp\/v2\/types\/post"}],"author":[{"embeddable":true,"href":"https:\/\/akdenizolaygazetesi.com\/index.php?rest_route=\/wp\/v2\/users\/2"}],"replies":[{"embeddable":true,"href":"https:\/\/akdenizolaygazetesi.com\/index.php?rest_route=%2Fwp%2Fv2%2Fcomments&post=19650"}],"version-history":[{"count":1,"href":"https:\/\/akdenizolaygazetesi.com\/index.php?rest_route=\/wp\/v2\/posts\/19650\/revisions"}],"predecessor-version":[{"id":19652,"href":"https:\/\/akdenizolaygazetesi.com\/index.php?rest_route=\/wp\/v2\/posts\/19650\/revisions\/19652"}],"wp:featuredmedia":[{"embeddable":true,"href":"https:\/\/akdenizolaygazetesi.com\/index.php?rest_route=\/wp\/v2\/media\/19651"}],"wp:attachment":[{"href":"https:\/\/akdenizolaygazetesi.com\/index.php?rest_route=%2Fwp%2Fv2%2Fmedia&parent=19650"}],"wp:term":[{"taxonomy":"category","embeddable":true,"href":"https:\/\/akdenizolaygazetesi.com\/index.php?rest_route=%2Fwp%2Fv2%2Fcategories&post=19650"},{"taxonomy":"post_tag","embeddable":true,"href":"https:\/\/akdenizolaygazetesi.com\/index.php?rest_route=%2Fwp%2Fv2%2Ftags&post=19650"}],"curies":[{"name":"wp","href":"https:\/\/api.w.org\/{rel}","templated":true}]}}