{"id":19658,"date":"2022-07-05T12:54:33","date_gmt":"2022-07-05T09:54:33","guid":{"rendered":"http:\/\/akdenizolaygazetesi.com\/?p=19658"},"modified":"2022-07-05T12:54:33","modified_gmt":"2022-07-05T09:54:33","slug":"toroslarin-kompost-gubre-yapim-unitesi-tam-kapasite-calisiyor","status":"publish","type":"post","link":"https:\/\/akdenizolaygazetesi.com\/?p=19658","title":{"rendered":"&#8220;Toroslar&#8217;\u0131n Kompost G\u00fcbre Yap\u0131m \u00dcnitesi, Tam Kapasite \u00c7al\u0131\u015f\u0131yor&#8221;"},"content":{"rendered":"<p>Mersin&#8217;de S\u0131f\u0131r At\u0131k Projesi kapsam\u0131nda \u00f6nc\u00fc \u00e7al\u0131\u015fmalar yapan Toroslar Belediyesi, kurdu\u011fu Kompost G\u00fcbre Yap\u0131m \u00dcnitesi ile organik at\u0131klar\u0131 d\u00f6n\u00fc\u015ft\u00fcrerek kompost g\u00fcbre \u00fcretiyor.<\/p>\n<p>Toroslar Belediyesince a\u011fa\u00e7 budama i\u015flemleri s\u0131ras\u0131nda ortaya \u00e7\u0131kan at\u0131klar ile semt pazar yerlerinde olu\u015fan sebze ve meyve at\u0131klar\u0131 \u00e7\u00f6p olmuyor, geri d\u00f6n\u00fc\u015ft\u00fcr\u00fclerek tar\u0131ma kazand\u0131r\u0131l\u0131yor.<\/p>\n<p>&#8220;At\u0131klar, Yakla\u015f\u0131k 40 G\u00fcnde Komposta D\u00f6n\u00fc\u015f\u00fcyor&#8221;<\/p>\n<p>Toroslar Belediye Ba\u015fkan\u0131 Ats\u0131z Af\u015f\u0131n Y\u0131lmaz&#8217;\u0131n, S\u0131f\u0131r At\u0131k Projesi kapsam\u0131nda uygulamaya koydu\u011fu Kompost G\u00fcbre Yap\u0131m \u00dcnitesi ile i\u015flemden ge\u00e7irilen organik at\u0131klar, \u00e7evreye uyumlu kompost g\u00fcbre haline getiriliyor.<\/p>\n<p>Yakla\u015f\u0131k 40 g\u00fcnde komposta d\u00f6n\u00fc\u015fen g\u00fcbre, il\u00e7e genelindeki park, bah\u00e7e ve ye\u015fil alanlarda kullan\u0131l\u0131yor. B\u00f6ylece, topra\u011f\u0131n organik maddelerce iyile\u015ftirilmesinin ve daha verimli hale getirilmesinin yan\u0131 s\u0131ra do\u011faya ve \u00fclke ekonomisine katk\u0131 sa\u011flan\u0131yor.<\/p>\n<p>&#8220;Semt Pazarlar\u0131ndan Kompost G\u00fcbreye&#8221;<\/p>\n<p>Semt pazarlar\u0131nda olu\u015fan organik at\u0131klar ve a\u011fa\u00e7 budama i\u015flemleri s\u0131ras\u0131nda ortaya \u00e7\u0131kan at\u0131klar, Temizlik \u0130\u015fleri M\u00fcd\u00fcrl\u00fc\u011f\u00fc ekiplerince kompost g\u00fcbre yap\u0131lmak \u00fczere yerinde ayr\u0131\u015ft\u0131r\u0131larak, Toroslar Belediyesinin Kompost G\u00fcbre Yap\u0131m \u00dcnitesi&#8217;ne getiriliyor. Burada kompost \u00fcnitesinde i\u015flemden ge\u00e7irilerek, \u00e7evreye uyumlu g\u00fcbreye d\u00f6n\u00fc\u015ft\u00fcr\u00fcl\u00fcyor.<\/p>\n<p>Toroslar Belediyesi Temizlik \u0130\u015fleri M\u00fcd\u00fcr\u00fc Erdem Akg\u00fcl, verimli kompost g\u00fcbre elde etmek i\u00e7in asit i\u00e7eren limon, domates ve sar\u0131msak gibi at\u0131klar\u0131 da ayr\u0131\u015ft\u0131rarak \u00fcniteye dahil etmediklerinin bilgisini verdi.<\/p>\n<p>Akg\u00fcl; &#8220;S\u0131f\u0131r At\u0131k Modeli ile birlikte pazar yerlerimizdeki at\u0131klar\u0131 de\u011ferlendiriyoruz. Elde etti\u011fimiz kompost g\u00fcbre, tar\u0131m \u00fcretiminde kullan\u0131lacak&#8221; dedi.<\/p>\n<p>Ba\u015fkan Y\u0131lmaz; &#8220;Toroslar&#8217;da Hi\u00e7bir At\u0131k Bo\u015fa Gitmeyecek&#8221;<\/p>\n<p>Toroslar Belediye Ba\u015fkan\u0131 Ats\u0131z Af\u015f\u0131n Y\u0131lmaz, il\u00e7e genelinde &#8220;S\u0131f\u0131k At\u0131k&#8221; Y\u00f6netim Sistemini bir ekip ruhuyla uygulad\u0131klar\u0131n\u0131 s\u00f6yledi.<\/p>\n<p>&#8220;S\u00fcrd\u00fcr\u00fclebilir \u00e7evreye katk\u0131 sa\u011flamak ve kaynaklar\u0131m\u0131z\u0131 verimli kullanmak amac\u0131yla \u00fczerimize d\u00fc\u015feni yap\u0131yoruz&#8221; diyen Ba\u015fkan Y\u0131lmaz, organik at\u0131klar\u0131n do\u011faya yeniden kazand\u0131r\u0131ld\u0131\u011f\u0131 Kompost G\u00fcbre Yap\u0131m \u00dcnitesi&#8217;nin de bu \u00e7al\u0131\u015fmalardan bir tanesi oldu\u011funu s\u00f6yledi.<\/p>\n<p>\u00c7evre, \u015eehircilik ve \u0130klim De\u011fi\u015fikli\u011fi Bakanl\u0131\u011f\u0131&#8217;n\u0131n S\u0131f\u0131r At\u0131k Y\u00f6netmeli\u011finde yer alan kriterleri yerine getirerek 4&#8217;\u00fcnc\u00fc S\u0131f\u0131r At\u0131k Belgesini ald\u0131klar\u0131n\u0131n da alt\u0131n\u0131 \u00e7izen Ba\u015fkan Y\u0131lmaz; &#8220;S\u0131f\u0131r At\u0131k, geri d\u00f6n\u00fc\u015f\u00fcm\u00fcn yan\u0131 s\u0131ra sa\u011fl\u0131kl\u0131 bir gelecek ad\u0131na at\u0131lm\u0131\u015f \u00f6nemli bir ad\u0131m. \u0130l\u00e7emizde ba\u015flatt\u0131\u011f\u0131m\u0131z S\u0131f\u0131r At\u0131k Projesi&#8217;ni de ba\u015far\u0131yla s\u00fcrd\u00fcrmenin ve Mersin&#8217;de bu projeye \u00f6nc\u00fcl\u00fck etmenin mutlulu\u011funu ya\u015f\u0131yoruz. Bu kapsamda; il\u00e7emiz genelinde olu\u015fan park ve bah\u00e7e at\u0131klar\u0131 ile semt pazar yerlerinde olu\u015fan at\u0131klar\u0131 di\u011fer at\u0131klardan ayr\u0131 toplayarak Kompost G\u00fcbre Yap\u0131m \u00dcnitemizde \u00f6\u011f\u00fct\u00fclmesini sa\u011fl\u0131yoruz. B\u00f6ylece organik g\u00fcbre elde ederek s\u00fcrd\u00fcr\u00fclebilir tar\u0131ma katk\u0131 sa\u011flayaca\u011f\u0131z&#8221; diye konu\u015ftu.<\/p>\n","protected":false},"excerpt":{"rendered":"<p>Mersin&#8217;de S\u0131f\u0131r At\u0131k Projesi kapsam\u0131nda \u00f6nc\u00fc \u00e7al\u0131\u015fmalar yapan Toroslar Belediyesi, kurdu\u011fu Kompost G\u00fcbre Yap\u0131m \u00dcnitesi ile organik at\u0131klar\u0131 d\u00f6n\u00fc\u015ft\u00fcrerek kompost g\u00fcbre \u00fcretiyor. Toroslar Belediyesince a\u011fa\u00e7 budama i\u015flemleri s\u0131ras\u0131nda ortaya \u00e7\u0131kan &hellip; <a href=\"https:\/\/akdenizolaygazetesi.com\/?p=19658\" class=\"more-link\">Devam\u0131n\u0131 Oku&#8230;<\/a><\/p>\n","protected":false},"author":2,"featured_media":19659,"comment_status":"open","ping_status":"open","sticky":false,"template":"","format":"standard","meta":[],"categories":[3,5,11],"tags":[],"_links":{"self":[{"href":"https:\/\/akdenizolaygazetesi.com\/index.php?rest_route=\/wp\/v2\/posts\/19658"}],"collection":[{"href":"https:\/\/akdenizolaygazetesi.com\/index.php?rest_route=\/wp\/v2\/posts"}],"about":[{"href":"https:\/\/akdenizolaygazetesi.com\/index.php?rest_route=\/wp\/v2\/types\/post"}],"author":[{"embeddable":true,"href":"https:\/\/akdenizolaygazetesi.com\/index.php?rest_route=\/wp\/v2\/users\/2"}],"replies":[{"embeddable":true,"href":"https:\/\/akdenizolaygazetesi.com\/index.php?rest_route=%2Fwp%2Fv2%2Fcomments&post=19658"}],"version-history":[{"count":1,"href":"https:\/\/akdenizolaygazetesi.com\/index.php?rest_route=\/wp\/v2\/posts\/19658\/revisions"}],"predecessor-version":[{"id":19660,"href":"https:\/\/akdenizolaygazetesi.com\/index.php?rest_route=\/wp\/v2\/posts\/19658\/revisions\/19660"}],"wp:featuredmedia":[{"embeddable":true,"href":"https:\/\/akdenizolaygazetesi.com\/index.php?rest_route=\/wp\/v2\/media\/19659"}],"wp:attachment":[{"href":"https:\/\/akdenizolaygazetesi.com\/index.php?rest_route=%2Fwp%2Fv2%2Fmedia&parent=19658"}],"wp:term":[{"taxonomy":"category","embeddable":true,"href":"https:\/\/akdenizolaygazetesi.com\/index.php?rest_route=%2Fwp%2Fv2%2Fcategories&post=19658"},{"taxonomy":"post_tag","embeddable":true,"href":"https:\/\/akdenizolaygazetesi.com\/index.php?rest_route=%2Fwp%2Fv2%2Ftags&post=19658"}],"curies":[{"name":"wp","href":"https:\/\/api.w.org\/{rel}","templated":true}]}}