{"id":19661,"date":"2022-07-05T12:56:36","date_gmt":"2022-07-05T09:56:36","guid":{"rendered":"http:\/\/akdenizolaygazetesi.com\/?p=19661"},"modified":"2022-07-05T12:56:36","modified_gmt":"2022-07-05T09:56:36","slug":"mersin-il-muftusu-yigman-cubbe-giyme-toreninin-ardindan-gorevine-basladi","status":"publish","type":"post","link":"https:\/\/akdenizolaygazetesi.com\/?p=19661","title":{"rendered":"Mersin \u0130l M\u00fcft\u00fcs\u00fc Y\u0131\u011fman, c\u00fcbbe giyme t\u00f6reninin ard\u0131ndan g\u00f6revine ba\u015flad\u0131"},"content":{"rendered":"<p>Diyanet \u0130\u015fleri Ba\u015fkanl\u0131\u011f\u0131 Din Hizmetleri Genel M\u00fcd\u00fcr\u00fc Dr. \u015eaban Kondi, daha \u00f6nce K\u0131rklareli \u0130l M\u00fcft\u00fcs\u00fc iken Mersin \u0130l M\u00fcft\u00fcs\u00fc olarak atanan Ayd\u0131n Y\u0131\u011fman i\u00e7in d\u00fczenlenen c\u00fcbbe giyme t\u00f6renine kat\u0131ld\u0131.<br \/>\nY\u0131\u011fman\u2019a c\u00fcbbesini giydirerek g\u00f6reve ba\u015flatan Genel M\u00fcd\u00fcr Dr. Kondi, yeni g\u00f6revinin kendisi ve Mersin i\u00e7in hay\u0131rl\u0131 olmas\u0131n\u0131 temenni ederek ba\u015far\u0131lar diledi.<br \/>\nGenel M\u00fcd\u00fcr Dr. \u015eaban Kondi yapt\u0131\u011f\u0131 konu\u015fmada. \u201cD\u00f6rt y\u0131l gibi bir s\u00fcre i\u00e7erisinde halk\u0131m\u0131zla birlikte bir\u00e7ok hizmetleri ger\u00e7ekle\u015ftirmeye \u00e7al\u0131\u015ft\u0131k. G\u00f6rev s\u00fcresi i\u00e7erisinde Mersinimizde g\u00f6rd\u00fc\u011f\u00fcm en \u00f6nemli \u00f6zellik huzur i\u00e7erisinde ya\u015fan\u0131labilen, sayg\u0131n\u0131n, kar\u015f\u0131l\u0131kl\u0131 anlay\u0131\u015f\u0131n, nezaketin hakim oldu\u011fu, Akdeniz\u2019in incisi, ayn\u0131 zamanda birincisi oldu\u011fudur. Bu anlamda Mersin M\u00fcft\u00fcs\u00fc olarak atanan Ayd\u0131n Y\u0131\u011fman Bey\u2019in \u015fehrimizde g\u00fczel hizmetler y\u00fcr\u00fctece\u011fine inanc\u0131m\u0131z tam. Rabbim hay\u0131rl\u0131, bereketli hizmetler nasip eylesin\u201d ifadelerini kulland\u0131.<br \/>\n\u0130l M\u00fcft\u00fcs\u00fc Ayd\u0131n Y\u0131\u011fman yapt\u0131\u011f\u0131 konu\u015fmada:\u201d Devletimizin bize dini manada vermi\u015f oldu\u011fu yetkiyi in\u015fallah her alana ula\u015ft\u0131rmaya \u00e7al\u0131\u015faca\u011f\u0131z. Diyanet \u0130\u015fleri Ba\u015fkanl\u0131\u011f\u0131 olarak, b\u00fct\u00fcn il\u00e7elerimizde ve k\u00f6ylerimizde en k\u0131lcal damarlara kadar biz g\u00f6revlilerimizle beraber var\u0131z. Medeniyetimizin d\u00f6rt prensibi olan akl\u0131selim, kalbi selim, nakli selim ve zevki selim ile din hizmetini ba\u015f tac\u0131 ederek g\u00f6revlerimizi yerine getirece\u011fiz. Farkl\u0131 kitlelere, farkl\u0131 insanlara, farkl\u0131 muhataplara hitap etti\u011fimizin fark\u0131nda olarak ittifak noktalar\u0131n\u0131 peki\u015ftirmek, ihtilaf noktalar\u0131n\u0131 ademe mahkum etmek ve bunun bilincinde bir din hizmeti sunma gayreti i\u00e7erisinde olaca\u011f\u0131m\u0131z\u0131 ifade etmek isterim. Say\u0131n Genel M\u00fcd\u00fcr\u00fcm\u00fcz Dr. \u015eaban Kondi hocam\u0131z\u0131n ilimize yapm\u0131\u015f oldu\u011fu b\u00fcy\u00fck hizmetlerden dolay\u0131 kendisine \u00e7ok te\u015fekk\u00fcr ediyorum\u201d dedi.<br \/>\nT\u00f6rene, il m\u00fcft\u00fc yard\u0131mc\u0131lar\u0131, il\u00e7e m\u00fcft\u00fcleri ve vaizler kat\u0131ld\u0131.<\/p>\n","protected":false},"excerpt":{"rendered":"<p>Diyanet \u0130\u015fleri Ba\u015fkanl\u0131\u011f\u0131 Din Hizmetleri Genel M\u00fcd\u00fcr\u00fc Dr. \u015eaban Kondi, daha \u00f6nce K\u0131rklareli \u0130l M\u00fcft\u00fcs\u00fc iken Mersin \u0130l M\u00fcft\u00fcs\u00fc olarak atanan Ayd\u0131n Y\u0131\u011fman i\u00e7in d\u00fczenlenen c\u00fcbbe giyme t\u00f6renine kat\u0131ld\u0131. Y\u0131\u011fman\u2019a &hellip; <a href=\"https:\/\/akdenizolaygazetesi.com\/?p=19661\" class=\"more-link\">Devam\u0131n\u0131 Oku&#8230;<\/a><\/p>\n","protected":false},"author":2,"featured_media":19662,"comment_status":"open","ping_status":"open","sticky":false,"template":"","format":"standard","meta":[],"categories":[2,3,5],"tags":[],"_links":{"self":[{"href":"https:\/\/akdenizolaygazetesi.com\/index.php?rest_route=\/wp\/v2\/posts\/19661"}],"collection":[{"href":"https:\/\/akdenizolaygazetesi.com\/index.php?rest_route=\/wp\/v2\/posts"}],"about":[{"href":"https:\/\/akdenizolaygazetesi.com\/index.php?rest_route=\/wp\/v2\/types\/post"}],"author":[{"embeddable":true,"href":"https:\/\/akdenizolaygazetesi.com\/index.php?rest_route=\/wp\/v2\/users\/2"}],"replies":[{"embeddable":true,"href":"https:\/\/akdenizolaygazetesi.com\/index.php?rest_route=%2Fwp%2Fv2%2Fcomments&post=19661"}],"version-history":[{"count":1,"href":"https:\/\/akdenizolaygazetesi.com\/index.php?rest_route=\/wp\/v2\/posts\/19661\/revisions"}],"predecessor-version":[{"id":19663,"href":"https:\/\/akdenizolaygazetesi.com\/index.php?rest_route=\/wp\/v2\/posts\/19661\/revisions\/19663"}],"wp:featuredmedia":[{"embeddable":true,"href":"https:\/\/akdenizolaygazetesi.com\/index.php?rest_route=\/wp\/v2\/media\/19662"}],"wp:attachment":[{"href":"https:\/\/akdenizolaygazetesi.com\/index.php?rest_route=%2Fwp%2Fv2%2Fmedia&parent=19661"}],"wp:term":[{"taxonomy":"category","embeddable":true,"href":"https:\/\/akdenizolaygazetesi.com\/index.php?rest_route=%2Fwp%2Fv2%2Fcategories&post=19661"},{"taxonomy":"post_tag","embeddable":true,"href":"https:\/\/akdenizolaygazetesi.com\/index.php?rest_route=%2Fwp%2Fv2%2Ftags&post=19661"}],"curies":[{"name":"wp","href":"https:\/\/api.w.org\/{rel}","templated":true}]}}