{"id":19679,"date":"2022-07-05T13:07:30","date_gmt":"2022-07-05T10:07:30","guid":{"rendered":"http:\/\/akdenizolaygazetesi.com\/?p=19679"},"modified":"2022-07-05T13:07:30","modified_gmt":"2022-07-05T10:07:30","slug":"vatandaslar-saglikli-kosullarda-ucretsiz-olarak-kesim-yaptirabilecekler","status":"publish","type":"post","link":"https:\/\/akdenizolaygazetesi.com\/?p=19679","title":{"rendered":"VATANDA\u015eLAR SA\u011eLIKLI KO\u015eULLARDA \u00dcCRETS\u0130Z OLARAK KES\u0130M YAPTIRAB\u0130LECEKLER"},"content":{"rendered":"<p>Mersin B\u00fcy\u00fck\u015fehir Belediyesi, her bayramda oldu\u011fu gibi bu Kurban Bayram\u0131&#8217;nda da vatanda\u015flara mezbahalarda ve mobil kesim \u00fcnitelerinde hizmet verecek. Mobil kesim \u00fcniteleri bayram\u0131n 1. g\u00fcn\u00fc, mezbahalar ise Kurban Bayram\u0131&#8217;n\u0131n 1. ve 2.  g\u00fcn\u00fc faaliyette olacak.<br \/>\nD\u00f6rt d\u00f6rtl\u00fck haz\u0131rl\u0131k yap\u0131ld\u0131<br \/>\nB\u00fcy\u00fck\u015fehir Belediyesi, bayrama say\u0131l\u0131 g\u00fcnler kala mezbahalarda ve mobil kesim \u00fcnitelerindeki haz\u0131rl\u0131klar\u0131n\u0131 tamamlad\u0131. Vatanda\u015flar, B\u00fcy\u00fck\u015fehir&#8217;in hijyenik ko\u015fullardaki 22 mobil kesim \u00fcnitesi ve 8 mezbahas\u0131nda \u00fccretsiz olarak kurbanlar\u0131n\u0131n kesimini ger\u00e7ekle\u015ftirebilecek. Kurban kesimleri Anamur, \u00c7aml\u0131yayla, Erdemli, G\u00fclnar, Mut, Silifke, Tarsus ve Akdeniz (Yakak\u00f6y) il\u00e7elerindeki mezbahalarda Kurban Bayram\u0131&#8217;n\u0131n 1. ve 2. g\u00fcnleri yap\u0131lacak.<br \/>\nMobil kesimhaneler ise \u00c7aml\u0131yayla&#8217;da Sebil, Tarsus&#8217;ta G\u00fclek, Yenice, \u015eehit \u0130shak, Ba\u011flar ve 82 Evler, Akdeniz&#8217;de 3 Ocak Mahallesi, Mezitli&#8217;de Menderes Mahallesi, Yeni\u015fehir&#8217;de Macit \u00d6zcan Spor Kompleksi Kar\u015f\u0131s\u0131, Toroslar&#8217;da Korukent, Arslank\u00f6y, G\u00f6zne ve Ayvagedi\u011fi, Erdemli&#8217;de Otopark Kar\u015f\u0131s\u0131, Karg\u0131p\u0131nar\u0131, Sar\u0131kaya, Silifke&#8217;de Saray Mahallesi Kapal\u0131 Pazar Yeri, Mut&#8217;ta Sertavul ve Kozlar Mahalleleri, G\u00fclnar&#8217;da Akdeniz Mahallesi T\u0131rnak Yolu Sokak, Ayd\u0131nc\u0131k Cumhuriyet Mahallesi ve Bozyaz\u0131&#8217;da Merkez Mahallesi&#8217;nde yer al\u0131yor. Vatanda\u015flar mobil kesim \u00fcnitelerinden bayram\u0131n 1. g\u00fcn\u00fc yararlanabilecek. Mezbahalar ve mobil kesim \u00fcniteleri sabah erken saatlerden ak\u015fam 17.00&#8217;a kadar a\u00e7\u0131k olacak.<br \/>\n&#8220;8 mezbaha, 22 mobil kesim \u00fcnitesi ile vatanda\u015flar\u0131m\u0131za hizmet verece\u011fiz&#8221;<br \/>\nYakak\u00f6y Mezbahas\u0131&#8217;nda Veteriner Hekim olarak g\u00f6rev yapan \u015eaban Kalkan, Kurban Bayram\u0131 \u00f6ncesi mezbahalarda t\u00fcm haz\u0131rl\u0131klar\u0131n yap\u0131ld\u0131\u011f\u0131n\u0131 ifade ederek, &#8220;T\u00fcm vatanda\u015flar\u0131m\u0131za 13 il\u00e7ede kurmu\u015f oldu\u011fumuz 8 mezbaha ve 22 mobil kesim \u00fcnitesinde \u00fccretsiz kesim hizmeti verece\u011fiz. Kontroll\u00fc ve sa\u011fl\u0131kl\u0131 bir \u015fekilde, vatanda\u015flar\u0131m\u0131z\u0131n kurban kesimlerini ger\u00e7ekle\u015ftirmeyi ama\u00e7l\u0131yoruz. Bir taraftan kurban kesim i\u015flemleri yap\u0131l\u0131rken, di\u011fer taraftan da \u00c7evre Dairesi&#8217;nin t\u00fcm temizlik i\u015f\u00e7ileri ve \u0130tfaiye gibi birimlerle koordineli \u00e7al\u0131\u015faca\u011f\u0131z. Bayram\u0131n birinci ve ikinci g\u00fcn\u00fc mezbahalar\u0131m\u0131z, sabah namaz\u0131ndan sonra ba\u015flay\u0131p ak\u015fam 17.00&#8217;a kadar olan s\u00fcre i\u00e7erisinde kesimlerini yapacak. Mobil mezbahalar\u0131m\u0131z da bayram\u0131n birinci g\u00fcn\u00fc sabah namaz\u0131ndan sonra ba\u015flay\u0131p ak\u015fam 17.00&#8217;a kadar faaliyetlerine devam edecekler. Vatanda\u015flar\u0131m\u0131z\u0131n en ufak bir s\u0131k\u0131nt\u0131s\u0131 oldu\u011fu zaman m\u00fcracaat edecekleri, dan\u0131\u015fabilecekleri personellerimiz de g\u00f6rev ba\u015f\u0131nda olacak&#8221; dedi.<br \/>\nKesimler sistemli bir \u015fekilde olacak<br \/>\nKalkan, sabah namaz\u0131ndan itibaren personelin haz\u0131r olaca\u011f\u0131n\u0131 belirterek, &#8220;Karga\u015fay\u0131 ve kar\u0131\u015f\u0131kl\u0131\u011f\u0131 \u00f6nlemek i\u00e7in, kurban edilecek hayvanlar i\u00e7in bir s\u0131ra numaras\u0131 verilecek. O s\u0131ra numaras\u0131yla hayvanlar\u0131m\u0131z\u0131n bile\u011fine bileklik tak\u0131lacak ve giri\u015f kap\u0131s\u0131nda kurbanl\u0131k hayvan, g\u00f6revlilere teslim edilecek. Hayvanlar\u0131m\u0131z kesildikten sonra 4 par\u00e7aya b\u00f6l\u00fcn\u00fcp, po\u015fetlenip, kontrolleri de yap\u0131ld\u0131ktan sonra vatanda\u015f\u0131m\u0131za \u00e7\u0131k\u0131\u015f kap\u0131s\u0131ndan teslim edilecek. Sistem bu \u015fekilde ger\u00e7ekle\u015fecek. Modern kesimhanelerimizde yer alan modern sistemlerle, hayvanlara ac\u0131 \u00e7ektirmeden ve \u0130slami kuralla uygun bir \u015fekilde kesim yap\u0131l\u0131p, par\u00e7alan\u0131p, etler vatanda\u015flar\u0131m\u0131za teslim edilecek&#8221; diye konu\u015ftu.<\/p>\n","protected":false},"excerpt":{"rendered":"<p>Mersin B\u00fcy\u00fck\u015fehir Belediyesi, her bayramda oldu\u011fu gibi bu Kurban Bayram\u0131&#8217;nda da vatanda\u015flara mezbahalarda ve mobil kesim \u00fcnitelerinde hizmet verecek. Mobil kesim \u00fcniteleri bayram\u0131n 1. g\u00fcn\u00fc, mezbahalar ise Kurban Bayram\u0131&#8217;n\u0131n 1. &hellip; <a href=\"https:\/\/akdenizolaygazetesi.com\/?p=19679\" class=\"more-link\">Devam\u0131n\u0131 Oku&#8230;<\/a><\/p>\n","protected":false},"author":2,"featured_media":19680,"comment_status":"open","ping_status":"open","sticky":false,"template":"","format":"standard","meta":[],"categories":[2,3,5],"tags":[],"_links":{"self":[{"href":"https:\/\/akdenizolaygazetesi.com\/index.php?rest_route=\/wp\/v2\/posts\/19679"}],"collection":[{"href":"https:\/\/akdenizolaygazetesi.com\/index.php?rest_route=\/wp\/v2\/posts"}],"about":[{"href":"https:\/\/akdenizolaygazetesi.com\/index.php?rest_route=\/wp\/v2\/types\/post"}],"author":[{"embeddable":true,"href":"https:\/\/akdenizolaygazetesi.com\/index.php?rest_route=\/wp\/v2\/users\/2"}],"replies":[{"embeddable":true,"href":"https:\/\/akdenizolaygazetesi.com\/index.php?rest_route=%2Fwp%2Fv2%2Fcomments&post=19679"}],"version-history":[{"count":1,"href":"https:\/\/akdenizolaygazetesi.com\/index.php?rest_route=\/wp\/v2\/posts\/19679\/revisions"}],"predecessor-version":[{"id":19681,"href":"https:\/\/akdenizolaygazetesi.com\/index.php?rest_route=\/wp\/v2\/posts\/19679\/revisions\/19681"}],"wp:featuredmedia":[{"embeddable":true,"href":"https:\/\/akdenizolaygazetesi.com\/index.php?rest_route=\/wp\/v2\/media\/19680"}],"wp:attachment":[{"href":"https:\/\/akdenizolaygazetesi.com\/index.php?rest_route=%2Fwp%2Fv2%2Fmedia&parent=19679"}],"wp:term":[{"taxonomy":"category","embeddable":true,"href":"https:\/\/akdenizolaygazetesi.com\/index.php?rest_route=%2Fwp%2Fv2%2Fcategories&post=19679"},{"taxonomy":"post_tag","embeddable":true,"href":"https:\/\/akdenizolaygazetesi.com\/index.php?rest_route=%2Fwp%2Fv2%2Ftags&post=19679"}],"curies":[{"name":"wp","href":"https:\/\/api.w.org\/{rel}","templated":true}]}}