{"id":19683,"date":"2022-07-06T13:05:45","date_gmt":"2022-07-06T10:05:45","guid":{"rendered":"http:\/\/akdenizolaygazetesi.com\/?p=19683"},"modified":"2022-07-06T13:05:45","modified_gmt":"2022-07-06T10:05:45","slug":"anamur-ve-bozyazi-ormancilik-faaliyetleri-incelendi","status":"publish","type":"post","link":"https:\/\/akdenizolaygazetesi.com\/?p=19683","title":{"rendered":"Anamur ve Bozyaz\u0131 ormanc\u0131l\u0131k faaliyetleri incelendi"},"content":{"rendered":"<p>Mersin Orman B\u00f6lge M\u00fcd\u00fcr\u00fc Kenan Akduman, Anamur ve Bozyaz\u0131 Orman \u0130\u015fletme M\u00fcd\u00fcrl\u00fcklerinde ormanc\u0131l\u0131k \u00e7al\u0131\u015fmalar\u0131 yap\u0131lan sahalarda incelemelerde bulundu.<br \/>\nB\u00f6lge M\u00fcd\u00fcr\u00fc Akduman\u2019a Bozyaz\u0131 Orman \u0130\u015fletme M\u00fcd\u00fcr\u00fc Kenan \u00c7etin, Anamur Orman \u0130\u015fletme M\u00fcd\u00fcr Vekili, m\u00fcd\u00fcr yard\u0131mc\u0131lar\u0131 ve \u015fefler e\u015flik etti.<br \/>\nB\u00f6lge M\u00fcd\u00fcr\u00fc Akduman, Anamur Orman \u0130\u015fletme M\u00fcd\u00fcrl\u00fc\u011f\u00fc Abanoz ve Kesmece Orman \u0130\u015fletme \u015eefliklerinde sedir gen\u00e7le\u015ftirme sahalar\u0131n\u0131 inceledi.<br \/>\nBozyaz\u0131 Orman \u0130\u015fletme M\u00fcd\u00fcrl\u00fc\u011f\u00fc Tekmen Orman \u0130\u015fletme \u015eefli\u011finde bulunan end\u00fcstriyel a\u011fa\u00e7land\u0131rma sahalar\u0131n\u0131 kontrol eden B\u00f6lge M\u00fcd\u00fcr\u00fc Akduman, 2022 y\u0131l\u0131 yat\u0131r\u0131m\u0131nda bulunan betonarme yang\u0131n havuzu yap\u0131m\u0131 i\u015flerini yerinde g\u00f6rd\u00fc.<br \/>\nB\u00f6lge M\u00fcd\u00fcr\u00fc Akduman Tursun ve Aksaz Yang\u0131n \u0130lk M\u00fcdahale Ekiplerini ziyaretinin ard\u0131ndan, 2019 y\u0131l\u0131nda Tekmen Orman \u0130\u015fletme \u015eefli\u011finde G\u00f6k\u00e7evlik (Prens Charles Koyu) Mevkiinde yanan alanda gelen gen\u00e7likleri inceledi.<\/p>\n","protected":false},"excerpt":{"rendered":"<p>Mersin Orman B\u00f6lge M\u00fcd\u00fcr\u00fc Kenan Akduman, Anamur ve Bozyaz\u0131 Orman \u0130\u015fletme M\u00fcd\u00fcrl\u00fcklerinde ormanc\u0131l\u0131k \u00e7al\u0131\u015fmalar\u0131 yap\u0131lan sahalarda incelemelerde bulundu. B\u00f6lge M\u00fcd\u00fcr\u00fc Akduman\u2019a Bozyaz\u0131 Orman \u0130\u015fletme M\u00fcd\u00fcr\u00fc Kenan \u00c7etin, Anamur Orman \u0130\u015fletme &hellip; <a href=\"https:\/\/akdenizolaygazetesi.com\/?p=19683\" class=\"more-link\">Devam\u0131n\u0131 Oku&#8230;<\/a><\/p>\n","protected":false},"author":2,"featured_media":19684,"comment_status":"open","ping_status":"open","sticky":false,"template":"","format":"standard","meta":[],"categories":[2,3,5],"tags":[],"_links":{"self":[{"href":"https:\/\/akdenizolaygazetesi.com\/index.php?rest_route=\/wp\/v2\/posts\/19683"}],"collection":[{"href":"https:\/\/akdenizolaygazetesi.com\/index.php?rest_route=\/wp\/v2\/posts"}],"about":[{"href":"https:\/\/akdenizolaygazetesi.com\/index.php?rest_route=\/wp\/v2\/types\/post"}],"author":[{"embeddable":true,"href":"https:\/\/akdenizolaygazetesi.com\/index.php?rest_route=\/wp\/v2\/users\/2"}],"replies":[{"embeddable":true,"href":"https:\/\/akdenizolaygazetesi.com\/index.php?rest_route=%2Fwp%2Fv2%2Fcomments&post=19683"}],"version-history":[{"count":1,"href":"https:\/\/akdenizolaygazetesi.com\/index.php?rest_route=\/wp\/v2\/posts\/19683\/revisions"}],"predecessor-version":[{"id":19685,"href":"https:\/\/akdenizolaygazetesi.com\/index.php?rest_route=\/wp\/v2\/posts\/19683\/revisions\/19685"}],"wp:featuredmedia":[{"embeddable":true,"href":"https:\/\/akdenizolaygazetesi.com\/index.php?rest_route=\/wp\/v2\/media\/19684"}],"wp:attachment":[{"href":"https:\/\/akdenizolaygazetesi.com\/index.php?rest_route=%2Fwp%2Fv2%2Fmedia&parent=19683"}],"wp:term":[{"taxonomy":"category","embeddable":true,"href":"https:\/\/akdenizolaygazetesi.com\/index.php?rest_route=%2Fwp%2Fv2%2Fcategories&post=19683"},{"taxonomy":"post_tag","embeddable":true,"href":"https:\/\/akdenizolaygazetesi.com\/index.php?rest_route=%2Fwp%2Fv2%2Ftags&post=19683"}],"curies":[{"name":"wp","href":"https:\/\/api.w.org\/{rel}","templated":true}]}}