{"id":19689,"date":"2022-07-06T13:09:21","date_gmt":"2022-07-06T10:09:21","guid":{"rendered":"http:\/\/akdenizolaygazetesi.com\/?p=19689"},"modified":"2022-07-06T13:09:21","modified_gmt":"2022-07-06T10:09:21","slug":"once-altyapi-sonra-yol","status":"publish","type":"post","link":"https:\/\/akdenizolaygazetesi.com\/?p=19689","title":{"rendered":"\u00d6NCE ALTYAPI SONRA YOL&#8230;"},"content":{"rendered":"<p>Mersin B\u00fcy\u00fck\u015fehir Belediyesi Yol Yap\u0131m Bak\u0131m ve Onar\u0131m Dairesi, kentin bir\u00e7ok noktas\u0131nda yol ve asfalt \u00e7al\u0131\u015fmalar\u0131n\u0131 e\u015f zamanl\u0131 olarak y\u00fcr\u00fct\u00fcyor. Merkezde ve k\u0131rsalda yo\u011fun bir \u00e7al\u0131\u015fma temposuna giren ekipler, vatanda\u015flardan gelen talep ve \u015fik\u00e2yetlere g\u00f6re belirli bir plan ve program \u00e7er\u00e7evesinde \u00e7al\u0131\u015fmalar\u0131na devam ediyor. Toroslar il\u00e7esine ba\u011fl\u0131 bozuk zeminli caddelerin d\u00fczeltilmesi talebi \u00fczerine harekete ge\u00e7en ekipler, Kurban Bayram\u0131 \u00f6ncesinde \u00e7al\u0131\u015fmalar\u0131 tamamlad\u0131.<br \/>\nToroslar&#8217;da 3 cadde asfaltland\u0131<br \/>\nEkiplerin \u00e7al\u0131\u015fma program\u0131nda yer alan il\u00e7elerden biri olan Toroslar&#8217;da; yayla n\u00fcfusunun yo\u011fun oldu\u011fu G\u00f6zne&#8217;ye ba\u011fl\u0131 Kurtulu\u015f, \u015e\u0131hba\u011f\u0131 ve Kibar Ali At\u0131c\u0131 Caddeleri&#8217;ni kapsayan ve altyap\u0131 \u00e7al\u0131\u015fmas\u0131 sonras\u0131 yo\u011fun bozulmalar\u0131n oldu\u011fu 2 bin 500 metre uzunlu\u011fundaki alanda \u00f6nce asfalta haz\u0131rl\u0131k \u00e7al\u0131\u015fmas\u0131 yap\u0131ld\u0131. Zemin haz\u0131rl\u0131k \u00e7al\u0131\u015fmalar\u0131n\u0131n tamamlanmas\u0131n\u0131n ard\u0131ndan \u00e7ift kat sathi kaplama asfalt \u00e7al\u0131\u015fmas\u0131 yapan ekipler, vatanda\u015f\u0131n talepleri do\u011frultusunda yol, yap\u0131m bak\u0131m ve onar\u0131m \u00e7al\u0131\u015fmalar\u0131na devam ediyor.<br \/>\n&#8220;\u00c7ok g\u00fczel i\u015fler yap\u0131yorlar&#8221;<br \/>\nG\u00f6zne Mahallesi Muhtar\u0131 \u015eevket Ta\u015fk\u0131n, Kurtulu\u015f Caddesi&#8217;nde yap\u0131lan \u00e7al\u0131\u015fmalarla ilgili bilgi vererek, &#8220;Buran\u0131n \u00f6nce altyap\u0131s\u0131 yap\u0131ld\u0131, \u015fimdi asfalt\u0131 d\u00f6k\u00fcld\u00fc. Asfalt\u0131m\u0131z\u0131 Say\u0131n Vahap Se\u00e7er Ba\u015fkan\u0131m\u0131z s\u00f6z vermi\u015fti. Verdi\u011fi s\u00f6z\u00fc de tuttu, Kurban Bayram\u0131&#8217;na kalmad\u0131, asfalt d\u00f6k\u00fcld\u00fc. \u00c7ok g\u00fczel i\u015fler yap\u0131yorlar. Halk\u0131m\u0131z\u0131n biraz sabretmesi gerekiyor. Kanalizasyondan dolay\u0131 biraz tozuyordu falan ama &#8216;g\u00fcl\u00fc seven dikenine katlanacak&#8217; diye bir atas\u00f6z\u00fc var. \u0130n\u015fallah en k\u0131sa zamanda o tamamlanan yerlerin de asfalt\u0131 d\u00f6k\u00fclecek&#8221; dedi.<br \/>\n&#8220;Foseptik kokmayan bir G\u00f6zne&#8217;ye kavu\u015ftuk&#8221;<br \/>\nBa\u015fkan Vahap Se\u00e7er&#8217;in daha \u00f6nce mahallelerini ziyaret etti\u011fini ve toz \u015fikayetlerini ilettiklerini aktaran Ta\u015fk\u0131n, &#8220;O zaman buras\u0131 \u00e7ok berbat bir \u015fekildeydi. Buran\u0131n 2-3 metre derinli\u011fine altyap\u0131 borular\u0131 d\u00f6\u015fendi. \u015eimdi rahat ediyoruz. Asfalt\u0131 d\u00f6k\u00fcld\u00fc. Tozdan, topraktan her \u015feyden kurtulduk. Temiz, foseptik kokmayan bir G\u00f6zne&#8217;ye kavu\u015ftuk. Allah&#8217;a \u00e7ok \u015f\u00fck\u00fcr. \u015eimdi \u015fu anda kanalizasyon \u00e7al\u0131\u015fmam\u0131z devam ediyor. Zaten buras\u0131 1-2 sene s\u00fcrecek. \u015eu anda Ye\u015filyurt semtinde \u00e7al\u0131\u015f\u0131l\u0131yor. Buras\u0131 bitti. Buras\u0131 isale hatt\u0131yd\u0131 zaten. Yani ar\u0131tma tesisine giden yoldu. Sa\u011f olsun ba\u015fkan\u0131m\u0131z \u00e7al\u0131\u015f\u0131yor. Zaten G\u00f6zne&#8217;yi de bizden iyi bilir. Yani ben muhtar\u0131m ama, benden de daha iyi biliyor. Kendilerine te\u015fekk\u00fcr ediyorum&#8221; diye konu\u015ftu.<\/p>\n","protected":false},"excerpt":{"rendered":"<p>Mersin B\u00fcy\u00fck\u015fehir Belediyesi Yol Yap\u0131m Bak\u0131m ve Onar\u0131m Dairesi, kentin bir\u00e7ok noktas\u0131nda yol ve asfalt \u00e7al\u0131\u015fmalar\u0131n\u0131 e\u015f zamanl\u0131 olarak y\u00fcr\u00fct\u00fcyor. Merkezde ve k\u0131rsalda yo\u011fun bir \u00e7al\u0131\u015fma temposuna giren ekipler, vatanda\u015flardan &hellip; <a href=\"https:\/\/akdenizolaygazetesi.com\/?p=19689\" class=\"more-link\">Devam\u0131n\u0131 Oku&#8230;<\/a><\/p>\n","protected":false},"author":2,"featured_media":19690,"comment_status":"open","ping_status":"open","sticky":false,"template":"","format":"standard","meta":[],"categories":[1,2,3,5],"tags":[],"_links":{"self":[{"href":"https:\/\/akdenizolaygazetesi.com\/index.php?rest_route=\/wp\/v2\/posts\/19689"}],"collection":[{"href":"https:\/\/akdenizolaygazetesi.com\/index.php?rest_route=\/wp\/v2\/posts"}],"about":[{"href":"https:\/\/akdenizolaygazetesi.com\/index.php?rest_route=\/wp\/v2\/types\/post"}],"author":[{"embeddable":true,"href":"https:\/\/akdenizolaygazetesi.com\/index.php?rest_route=\/wp\/v2\/users\/2"}],"replies":[{"embeddable":true,"href":"https:\/\/akdenizolaygazetesi.com\/index.php?rest_route=%2Fwp%2Fv2%2Fcomments&post=19689"}],"version-history":[{"count":1,"href":"https:\/\/akdenizolaygazetesi.com\/index.php?rest_route=\/wp\/v2\/posts\/19689\/revisions"}],"predecessor-version":[{"id":19691,"href":"https:\/\/akdenizolaygazetesi.com\/index.php?rest_route=\/wp\/v2\/posts\/19689\/revisions\/19691"}],"wp:featuredmedia":[{"embeddable":true,"href":"https:\/\/akdenizolaygazetesi.com\/index.php?rest_route=\/wp\/v2\/media\/19690"}],"wp:attachment":[{"href":"https:\/\/akdenizolaygazetesi.com\/index.php?rest_route=%2Fwp%2Fv2%2Fmedia&parent=19689"}],"wp:term":[{"taxonomy":"category","embeddable":true,"href":"https:\/\/akdenizolaygazetesi.com\/index.php?rest_route=%2Fwp%2Fv2%2Fcategories&post=19689"},{"taxonomy":"post_tag","embeddable":true,"href":"https:\/\/akdenizolaygazetesi.com\/index.php?rest_route=%2Fwp%2Fv2%2Ftags&post=19689"}],"curies":[{"name":"wp","href":"https:\/\/api.w.org\/{rel}","templated":true}]}}