{"id":19695,"date":"2022-07-06T13:13:03","date_gmt":"2022-07-06T10:13:03","guid":{"rendered":"http:\/\/akdenizolaygazetesi.com\/?p=19695"},"modified":"2022-07-06T13:13:03","modified_gmt":"2022-07-06T10:13:03","slug":"bu-ulkede-her-4-insandan-1i-tarimdan-geciniyor","status":"publish","type":"post","link":"https:\/\/akdenizolaygazetesi.com\/?p=19695","title":{"rendered":"&#8220;BU \u00dcLKEDE HER 4 \u0130NSANDAN 1&#8217;\u0130 TARIMDAN GE\u00c7\u0130N\u0130YOR&#8221;"},"content":{"rendered":"<p>Mersin B\u00fcy\u00fck\u015fehir Belediye Ba\u015fkan\u0131 Vahap Se\u00e7er, Akdeniz Ya\u015f Meyve Sebze \u0130hracat\u00e7\u0131lar\u0131 Birli\u011fi&#8217;nin (AK\u0130B) ev sahipli\u011finde d\u00fczenlenen &#8216;2021 Y\u0131l\u0131 Ya\u015f Meyve Sebze \u0130hracat\u0131n Y\u0131ld\u0131zlar\u0131 \u00d6d\u00fcl T\u00f6reni&#8217;ne kat\u0131ld\u0131. Ba\u015fkan Se\u00e7er ve protokol \u00fcyeleri taraf\u0131ndan en fazla ihracat yapan firmalara \u00f6d\u00fclleri takdim edildi. Ba\u015fkan Se\u00e7er, ya\u015f sebze ve meyve ihracat\u0131n\u0131n \u00f6neminden s\u00f6z ederek, &#8220;\u00dcretici ile d\u0131\u015f pazar aras\u0131nda \u00f6nemli bir k\u00f6pr\u00fcs\u00fcn\u00fcz&#8221; dedi.<br \/>\nSe\u00e7er: &#8220;Sekt\u00f6re yabanc\u0131 bir insan de\u011filim&#8221;<br \/>\nAkdeniz Ya\u015f Meyve Sebze \u0130hracat\u00e7\u0131lar\u0131 Birli\u011fi Genel Sekreterli\u011fi Mersin Salonu&#8217;nda d\u00fczenlenen \u00d6d\u00fcl T\u00f6reni&#8217;ne Mersin Valisi Ali Hamza Pehlivan, Hazine ve Maliye Eski Bakan\u0131 L\u00fctfi Elvan, Mersin B\u00fcy\u00fck\u015fehir Belediye Ba\u015fkan\u0131 Vahap Se\u00e7er, Akdeniz Ya\u015f Meyve Sebze \u0130hracat\u00e7\u0131lar\u0131 Birli\u011fi Y\u00f6netim Kurulu Ba\u015fkan\u0131 Ferhat G\u00fcr\u00fcz, oda ve birlik ba\u015fkanlar\u0131 ile i\u015f insanlar\u0131 kat\u0131ld\u0131. Mersin B\u00fcy\u00fck\u015fehir Belediye Ba\u015fkan\u0131 Vahap Se\u00e7er konu\u015fmas\u0131nda, &#8220;Sekt\u00f6re yabanc\u0131 bir insan de\u011filim. Hatta do\u011fdu\u011fumdan beri sekt\u00f6r\u00fcn i\u00e7inde olan bir insan\u0131m. Babamdan, hatta b\u00fcy\u00fckbabamdan evimizin r\u0131zk\u0131n\u0131 \u00e7\u0131kartt\u0131\u011f\u0131m\u0131z bir sekt\u00f6rd\u00fc. Biz de \u00e7ocukluk y\u0131llar\u0131ndan beri \u00e7al\u0131\u015ft\u0131k. Bu mesle\u011fin i\u00e7erisinde, ailemizin gelece\u011fini sa\u011flad\u0131k. Tabi ki onlarca y\u0131l \u00f6nce T\u00fcrkiye ko\u015fullar\u0131 ve d\u00fcnya konjonkt\u00fcr\u00fcnden bug\u00fcnlere \u00e7ok farkl\u0131 geli\u015fmeler ya\u015fand\u0131. Sekt\u00f6r de o a\u00e7\u0131dan s\u00fcrekli kendini yenilemesi ve g\u00fcncellemesi gereken bir sekt\u00f6r&#8221; dedi.<\/p>\n<p>&#8220;Bu \u00fclkede her 4 insandan 1&#8217;i tar\u0131mdan ge\u00e7iniyor&#8221;<br \/>\nYa\u015f sebze ve meyve ihracat\u0131n\u0131n \u00f6neminden s\u00f6z eden Ba\u015fkan Se\u00e7er, &#8220;Ya\u015f sebze, meyve ihracat\u0131 \u00f6nemli. T\u00fcrkiye&#8217;de ihracat \u00f6nemli. \u0130hracat yapmad\u0131\u011f\u0131n\u0131z noktada enerji kaynakl\u0131 d\u0131\u015f ticaret a\u00e7\u0131\u011f\u0131n\u0131z bug\u00fcn 50 milyar dolarsa, ihracat\u0131n\u0131z d\u00fc\u015ft\u00fck\u00e7e bu rakam daha da artar. Yani d\u0131\u015fa daha ba\u011f\u0131ml\u0131 hale gelirsiniz. Belki ya\u015f sebze, meyve ihracat\u0131 ya da toplam T\u00fcrkiye cirosundaki nispi oran\u0131 d\u00fc\u015f\u00fck gibi g\u00f6r\u00fcnse de, \u00f6rne\u011fin tar\u0131m\u0131n \u015fu anda san\u0131yorum global olarak %6 civar\u0131nda gayri safi milli has\u0131lada pay\u0131 var. Ferhat Ba\u015fkan g\u00fczel s\u00f6yledi; ger\u00e7i O stratejik olarak de\u011ferlendirdi, ama bunun bir de sosyal y\u00f6n\u00fc var. Sosyal, stratejik, bu kadar yo\u011fun emek verilen bir sekt\u00f6r tar\u0131m. Narenciye, sebze, meyve. 55 milyon ton \u00fcretim, yo\u011fun bir emekle yap\u0131l\u0131yor. Bu \u00fclkede her 4 insandan 1&#8217;i direkt ya da dolayl\u0131 olarak tar\u0131mdan ge\u00e7iniyor. Bu a\u00e7\u0131dan sizler \u00f6nemlisiniz&#8221; diye konu\u015ftu.<\/p>\n<p>&#8220;\u00dcretici ile d\u0131\u015f pazar aras\u0131nda \u00f6nemli bir k\u00f6pr\u00fcs\u00fcn\u00fcz&#8221;<br \/>\nRakamlara bo\u011fulmaya gerek olmad\u0131\u011f\u0131n\u0131 s\u00f6zlerine ekleyen Ba\u015fkan Se\u00e7er, &#8220;Sonu\u00e7 itibar\u0131yla tar\u0131m b\u00f6lgesi olarak an\u0131lan b\u00f6lgemde, narenciye, sebze, meyve b\u00f6lgesi olarak an\u0131lan b\u00f6lgemde, size \u00e7ok ihtiyac\u0131m\u0131z var. \u00dcretici ile d\u0131\u015f pazar aras\u0131nda \u00f6nemli bir k\u00f6pr\u00fcs\u00fcn\u00fcz. 55 milyon ton \u00fcretimin sadece T\u00fcrkiye&#8217;de t\u00fcketilmesini d\u00fc\u015f\u00fcnemeyiz. Bunun mutlaka ihra\u00e7 edilmesi de laz\u0131m. \u0130\u015fte 2 milyon ton narenciye ihracat\u0131 var, ama 5 milyon ton da \u00fcretim var. \u0130hracat\u0131n s\u0131k\u0131nt\u0131ya u\u011frad\u0131\u011f\u0131 d\u00f6nemlerde \u00fcretici peri\u015fan olur. Mutlaka bunun d\u0131\u015f pazara a\u00e7\u0131lmas\u0131 laz\u0131m. Ben belediye ba\u015fkan\u0131y\u0131m. \u0130hracat kap\u0131lar\u0131nda ya\u015fanan zorluklar\u0131 ya da uluslararas\u0131 ili\u015fkilerde siyasetle ba\u015flayan, ekonomiye kadar yans\u0131yan ili\u015fkileri d\u00fczeltmek elbette ki benim g\u00f6rev alan\u0131m de\u011fil, merkezi h\u00fck\u00fcmetin g\u00f6rev alan\u0131d\u0131r. Ama \u015funu belirtmek isterim ki; \u00f6zellikle yeni d\u00fcnya d\u00fczeninde, hani az \u00f6nce dedim ya, &#8216;kendimizi g\u00fcncellememiz gerekiyor.&#8217; E\u011fer ki biz, ekonomik a\u00e7\u0131dan ya da sosyo-k\u00fclt\u00fcrel a\u00e7\u0131dan geli\u015fmi\u015f \u00fclkelerle yar\u0131\u015facak durumda gayret sarf etmezsek, bizim ba\u015far\u0131l\u0131 olma \u015fans\u0131m\u0131z yok&#8221; ifadelerini kulland\u0131.<br \/>\nYe\u015fil mutabakat kavram\u0131n\u0131 dile getiren Ba\u015fkan Se\u00e7er \u015f\u00f6yle devam etti:<br \/>\n&#8220;Green City Projesi kapsam\u0131nda Belediye&#8217;ye otob\u00fcs ald\u0131k. Krediyi verecek olan IBRD, &#8216;Ben \u00e7evre dostu yat\u0131r\u0131mlara destek veririm, CNG isterim&#8217; diyor. \u00d6rne\u011fin ara\u00e7larda &#8216;bisiklet aparat\u0131 olsun&#8217; diyor. \u015eimdi sizden ya\u015f sebze, meyve isteyen de acaba bu \u00fcr\u00fcn yeti\u015ftirilirken hangi ila\u00e7 kullan\u0131l\u0131yor ya da \u00fcretimdeki enerjinin hangi kaynaktan, yenilenebilir enerji kayna\u011f\u0131ndan m\u0131, yoksa fosil yak\u0131tlardan m\u0131 elde ediliyor, b\u00fct\u00fcn bunlara \u00f6nem veriyor art\u0131k. Ya da kullan\u0131lan ambalaj\u0131n insan sa\u011fl\u0131\u011f\u0131 a\u00e7\u0131s\u0131ndan ne derece tehlike i\u00e7erdi\u011fi gibi bir\u00e7ok konuda size sual soruyor ya da kriter koyuyor, \u015fart koyuyor. E\u011fer biz onlar\u0131n taleplerine cevap veremedi\u011fimiz noktada sabahtan ak\u015fama kadar, ak\u015famdan sabaha kadar, ki ben biliyorum ihracat\u00e7\u0131, \u00fcretici bu insanlar 24 saat \u00e7al\u0131\u015f\u0131r. Riskli bir aland\u0131r. \u00c7ok emek verilen bir aland\u0131r, ama hi\u00e7bir faydas\u0131n\u0131 g\u00f6remeyiz diye d\u00fc\u015f\u00fcn\u00fcyorum.&#8221;<\/p>\n<p>&#8220;Ya\u015fad\u0131\u011f\u0131n\u0131z kronik ya da d\u00f6nemsel sorunlarda her zaman belediyemiz ile temas kurabilirsiniz&#8221;<br \/>\nYa\u015f meyve ve sebze ihracat\u00e7\u0131lar\u0131n\u0131n, ya\u015fad\u0131klar\u0131 kronik ya da d\u00f6nemsel sorunlar hakk\u0131nda, her zaman kendileri ile temas kurabileceklerini s\u00f6yleyen Ba\u015fkan Se\u00e7er, &#8220;Tarladan ve bah\u00e7eden \u00fcr\u00fcn hasat edildi\u011fi zaman bozulmu\u015f, \u00e7\u00fcr\u00fcm\u00fc\u015f, problemli at\u0131klar orada b\u0131rak\u0131l\u0131yor ve onlar dereye at\u0131l\u0131yor ya da sizin paketleme tesislerinde \u00e7\u00f6p olarak tabir edeyim, at\u0131k olarak tabir edeyim. Bu at\u0131klar d\u00fczenli bir \u015fekilde depolanmad\u0131\u011f\u0131 i\u00e7in, bizim taraf\u0131m\u0131za ula\u015ft\u0131r\u0131lmad\u0131\u011f\u0131 i\u00e7in ya da bilin\u00e7sizce her vatanda\u015f, her \u00e7ift\u00e7i \u00f6n\u00fcne gelen bo\u015f noktaya bunu boca etti\u011fi zaman biz sinekle m\u00fccadelede zorlan\u0131yoruz, ama as\u0131l zarar\u0131 yine kendisi g\u00f6r\u00fcyor. M\u00fcthi\u015f bir konuk\u00e7u g\u00f6revi g\u00f6r\u00fcyor. Her t\u00fcrl\u00fc ha\u015fere orada \u00fcreme imkan\u0131 buluyor. Bu konuda sizin de katk\u0131lar\u0131n\u0131z\u0131 bekleriz. \u0130\u015f birli\u011fine a\u00e7\u0131\u011f\u0131z. Hangi konu olursa olsun, \u00f6zellikle paketleme tesislerinde ya\u015fanabilecek sorunlar, belki tabi ki basit gibi gelebilir ama bir paketleme tesisinin yolu bile sorun olabiliyor. Ben zaman zaman bunlarla kar\u015f\u0131la\u015f\u0131yorum.  Yurt d\u0131\u015f\u0131ndan ya da yurt i\u00e7inden misafirleriniz geliyor.  Bu noktalarda ya\u015fad\u0131\u011f\u0131n\u0131z kronik sorunlar ya da d\u00f6nemsel sorunlarda her zaman belediye ba\u015fkan\u0131n\u0131z olarak benimle ya da belediyemiz ile temas kurabilirsiniz. Burada rakamsal olarak mutlaka bir tasnif yap\u0131lm\u0131\u015f, ancak bu \u00f6nemli de\u011fil. \u00d6nemli olan i\u015fi nas\u0131l yapt\u0131\u011f\u0131n\u0131z, T\u00fcrkiye&#8217;yi yurtd\u0131\u015f\u0131nda nas\u0131l temsil etti\u011fimiz. Bu i\u015fleri aln\u0131m\u0131z\u0131n ak\u0131yla, d\u00fcr\u00fcst ve do\u011fru bir \u015fekilde yapabiliyorsak, \u00fclkemize k\u00f6t\u00fc bir imaj yaratmadan yap\u0131yorsak, ki bu sekt\u00f6rde \u00e7ok \u00f6nemli. Kal\u0131nt\u0131 \u00f6rne\u011finde oldu\u011fu gibi. Benim i\u00e7in \u00f6d\u00fcl\u00fc hak eden o \u00fcreticilerdir ya da o ihracat\u00e7\u0131lard\u0131r. Hepinize ba\u015far\u0131lar diliyorum, \u00e7ok te\u015fekk\u00fcr ediyorum, sayg\u0131lar sunuyorum&#8221; dedi.<\/p>\n<p>G\u00fcr\u00fcz: &#8220;\u0130hracat tutar\u0131m\u0131z\u0131n %95 oran\u0131nda yerli \u00fcretim olmas\u0131 \u00e7ok \u00f6nemlidir&#8221;<br \/>\nAkdeniz Ya\u015f Meyve Sebze \u0130hracat\u00e7\u0131lar\u0131 Birli\u011fi Y\u00f6netim Kurulu Ba\u015fkan\u0131 Ferhat G\u00fcr\u00fcz de, ya\u015f olmas\u0131 nedeniyle sekt\u00f6r\u00fcn \u00e7ok ciddi riskler ta\u015f\u0131d\u0131\u011f\u0131ndan ve \u00fcretimden nihai t\u00fcketiciye teslime kadar \u00e7ok s\u0131k\u0131 takip ile titizlik gerekti\u011finden s\u00f6z ederek, &#8220;2021 y\u0131l\u0131nda T\u00fcrkiye ya\u015f meyve sebze ihracat\u0131 3,1 milyar dolar olarak ger\u00e7ekle\u015fmi\u015ftir, bunun 1,3 milyar dolar\u0131n\u0131 Akdeniz Ya\u015f Meyve Sebze \u0130hracat\u00e7\u0131lar\u0131 Birli\u011fi \u00fcyeleri ger\u00e7ekle\u015ftirmi\u015ftir. Gerek b\u00f6lgemizde gerekse de \u00fclkemizde \u00f6zellikle vas\u0131fs\u0131z i\u015f\u00e7ilik noktas\u0131nda ya\u015f meyve sebze sekt\u00f6r\u00fc; ila\u00e7lamas\u0131ndan budamas\u0131na, hasad\u0131ndan paketlenmesine milyonlarca insana istihdam sa\u011flayan stratejik bir sekt\u00f6rd\u00fcr&#8221; dedi. G\u00fcr\u00fcz ayr\u0131ca, &#8220;De\u011ferli Vahap Se\u00e7er Ba\u015fkan\u0131ma da hem ziraat m\u00fchendisi, hem \u00fcretici, hem de \u015fehrimizin Belediye Ba\u015fkan\u0131 olarak, sekt\u00f6r\u00fcm\u00fcze katk\u0131lar\u0131ndan dolay\u0131, sorunlar\u0131m\u0131z\u0131n \u00e7\u00f6z\u00fcm\u00fcndeki desteklerinden ve gayretlerinden \u00f6t\u00fcr\u00fc \u00e7ok te\u015fekk\u00fcr ediyorum&#8221; diye konu\u015ftu.<\/p>\n<p>En fazla ihracat yapan firmalara \u00f6d\u00fclleri takdim edildi<br \/>\nKonu\u015fmalar\u0131n ard\u0131ndan Onur \u00d6d\u00fclleri ile en fazla ihracat yapan ilk 30 firmaya Ba\u015fkan Se\u00e7er ve protokol \u00fcyeleri taraf\u0131ndan \u00f6d\u00fclleri takdim edildi. Akdeniz Ya\u015f Meyve Sebze \u0130hracat\u00e7\u0131lar\u0131 Birli\u011fi Y\u00f6netim Kurulu Ba\u015fkan\u0131 Ferhat G\u00fcr\u00fcz taraf\u0131ndan da Ba\u015fkan Se\u00e7er&#8217;e hediye takdimi yap\u0131ld\u0131.<\/p>\n","protected":false},"excerpt":{"rendered":"<p>Mersin B\u00fcy\u00fck\u015fehir Belediye Ba\u015fkan\u0131 Vahap Se\u00e7er, Akdeniz Ya\u015f Meyve Sebze \u0130hracat\u00e7\u0131lar\u0131 Birli\u011fi&#8217;nin (AK\u0130B) ev sahipli\u011finde d\u00fczenlenen &#8216;2021 Y\u0131l\u0131 Ya\u015f Meyve Sebze \u0130hracat\u0131n Y\u0131ld\u0131zlar\u0131 \u00d6d\u00fcl T\u00f6reni&#8217;ne kat\u0131ld\u0131. Ba\u015fkan Se\u00e7er ve protokol &hellip; <a href=\"https:\/\/akdenizolaygazetesi.com\/?p=19695\" class=\"more-link\">Devam\u0131n\u0131 Oku&#8230;<\/a><\/p>\n","protected":false},"author":2,"featured_media":19696,"comment_status":"open","ping_status":"open","sticky":false,"template":"","format":"standard","meta":[],"categories":[34,1,3,5],"tags":[],"_links":{"self":[{"href":"https:\/\/akdenizolaygazetesi.com\/index.php?rest_route=\/wp\/v2\/posts\/19695"}],"collection":[{"href":"https:\/\/akdenizolaygazetesi.com\/index.php?rest_route=\/wp\/v2\/posts"}],"about":[{"href":"https:\/\/akdenizolaygazetesi.com\/index.php?rest_route=\/wp\/v2\/types\/post"}],"author":[{"embeddable":true,"href":"https:\/\/akdenizolaygazetesi.com\/index.php?rest_route=\/wp\/v2\/users\/2"}],"replies":[{"embeddable":true,"href":"https:\/\/akdenizolaygazetesi.com\/index.php?rest_route=%2Fwp%2Fv2%2Fcomments&post=19695"}],"version-history":[{"count":1,"href":"https:\/\/akdenizolaygazetesi.com\/index.php?rest_route=\/wp\/v2\/posts\/19695\/revisions"}],"predecessor-version":[{"id":19697,"href":"https:\/\/akdenizolaygazetesi.com\/index.php?rest_route=\/wp\/v2\/posts\/19695\/revisions\/19697"}],"wp:featuredmedia":[{"embeddable":true,"href":"https:\/\/akdenizolaygazetesi.com\/index.php?rest_route=\/wp\/v2\/media\/19696"}],"wp:attachment":[{"href":"https:\/\/akdenizolaygazetesi.com\/index.php?rest_route=%2Fwp%2Fv2%2Fmedia&parent=19695"}],"wp:term":[{"taxonomy":"category","embeddable":true,"href":"https:\/\/akdenizolaygazetesi.com\/index.php?rest_route=%2Fwp%2Fv2%2Fcategories&post=19695"},{"taxonomy":"post_tag","embeddable":true,"href":"https:\/\/akdenizolaygazetesi.com\/index.php?rest_route=%2Fwp%2Fv2%2Ftags&post=19695"}],"curies":[{"name":"wp","href":"https:\/\/api.w.org\/{rel}","templated":true}]}}