{"id":19698,"date":"2022-07-07T12:42:44","date_gmt":"2022-07-07T09:42:44","guid":{"rendered":"http:\/\/akdenizolaygazetesi.com\/?p=19698"},"modified":"2022-07-07T12:42:44","modified_gmt":"2022-07-07T09:42:44","slug":"baskan-yilmaz-siddetin-her-turlusune-karsiyiz","status":"publish","type":"post","link":"https:\/\/akdenizolaygazetesi.com\/?p=19698","title":{"rendered":"Ba\u015fkan Y\u0131lmaz; &#8220;\u015eiddetin Her T\u00fcrl\u00fcs\u00fcne Kar\u015f\u0131y\u0131z&#8221;"},"content":{"rendered":"<p>Kad\u0131na y\u00f6nelik \u015fiddete ve kad\u0131n cinayetlerine kar\u015f\u0131 fark\u0131ndal\u0131k \u00e7al\u0131\u015fmalar\u0131n\u0131 s\u00fcrd\u00fcren Toroslar Belediyesi, 24 ya\u015f\u0131nda kad\u0131n cinayetine kurban giden Raziye Oskay&#8217;\u0131n ismini Toroslar&#8217;da \u00f6l\u00fcms\u00fczle\u015ftiriyor.<\/p>\n<p>Toroslar Belediye Meclisi&#8217;nin Temmuz Ay\u0131 Toplant\u0131s\u0131nda; 10 Ocak 2022 tarihinde Mersin Toroslar \u0130l\u00e7esi H\u00fcseyin Okan Merzeci Mahallesi&#8217;nde eski ni\u015fanl\u0131s\u0131 taraf\u0131ndan \u00f6ld\u00fcr\u00fclen Raziye Oskay&#8217;\u0131n ismi, H\u00fcseyin Okan Merzeci Mahallesi&#8217;ndeki 2 bin 425 metrekarelik alanda yer alan spor kompleksine verildi.<\/p>\n<p>Oy birli\u011fiyle kabul edilen g\u00fcndem maddesinin hay\u0131rl\u0131 olmas\u0131n\u0131 dileyen Toroslar Belediye Ba\u015fkan\u0131 Ats\u0131z Af\u015f\u0131n Y\u0131lmaz, Raziye Oskay&#8217;\u0131n ad\u0131n\u0131n unutulmamas\u0131 i\u00e7in bu ad\u0131m\u0131 att\u0131klar\u0131n\u0131 belirterek; &#8220;Bilin\u00e7lendirme ve fark\u0131ndal\u0131k yaratmak a\u00e7\u0131s\u0131ndan orada spor yapan \u00e7ocuklar\u0131m\u0131z ve gen\u00e7lerimiz, bu ismi g\u00f6rs\u00fcn ve neden verildi\u011fini bilsinler. \u0130n\u015fallah bu t\u00fcr olaylar\u0131 daha fazla ya\u015famayal\u0131m&#8221; dedi.<\/p>\n<p>Kad\u0131na y\u00f6nelik \u015fiddetin bir an \u00f6nce son bulmas\u0131n\u0131 dileyen Ba\u015fkan Y\u0131lmaz; &#8220;Avrupa Belediyeler ve B\u00f6lgeler Konseyi (CEMR) taraf\u0131ndan haz\u0131rlanan Avrupa Yerel Ya\u015famda Kad\u0131n-Erkek E\u015fitlik \u015eart\u0131&#8217;n\u0131 ilk imzalayan belediyelerden biriyiz. \u015eiddetin her t\u00fcrl\u00fcs\u00fcne kar\u015f\u0131y\u0131z. Kad\u0131nlar\u0131n mutlu, \u015fiddetten uzak ve sa\u011fl\u0131kl\u0131 olmas\u0131 dile\u011fiyle, ya\u015fam hakk\u0131 elinden al\u0131nan t\u00fcm kad\u0131nlar\u0131 sayg\u0131 ve rahmetle an\u0131yorum&#8221; diye konu\u015ftu.<\/p>\n<p>Toplant\u0131da; Toroslar Belediyesi b\u00fcnyesinde haz\u0131rlanan bat\u0131da \u00c7ift\u00e7iler Caddesi, do\u011fuda 151. Cadde (Serbest B\u00f6lge Otoyol Ba\u011flant\u0131s\u0131), kuzeyde II. Etap 1\/1000 \u00d6l\u00e7ekli Revizyon Uygulama \u0130mar Plan\u0131 s\u0131n\u0131r\u0131, g\u00fcneyde Akdeniz Belediye s\u0131n\u0131r\u0131 aras\u0131nda kalan ve yakla\u015f\u0131k 157 hektarl\u0131k alan\u0131 kapsayan &#8220;8. Etap 1\/1000 \u00d6l\u00e7ekli \u0130lave ve Revizyon Uygulama \u0130mar Plan\u0131&#8221; teklifi g\u00f6r\u00fc\u015f\u00fclerek t\u00fcm komisyonlara oy birli\u011fiyle havale edildi.<\/p>\n<p>&#8220;Sporcular\u0131m\u0131z\u0131n Ba\u015far\u0131lar\u0131yla Gurur Duyuyoruz&#8221;<\/p>\n<p>Plan ve B\u00fct\u00e7e Komisyonu ile Gen\u00e7lik ve Spor Komisyonu&#8217;nun ortak raporu do\u011frultusunda Toroslar Belediyesi Spor Kul\u00fcb\u00fc&#8217;ne, belediye b\u00fct\u00e7esinden 360 bin TL maddi destek sa\u011flanmas\u0131na ili\u015fkin g\u00fcndem maddesi de g\u00f6r\u00fc\u015f\u00fclerek oy birli\u011fiyle kabul edildi.<\/p>\n<p>Toroslar Belediye Spor Kul\u00fcb\u00fc b\u00fcnyesinde farkl\u0131 bran\u015flarda Mersin&#8217;i temsil eden sporcular\u0131n, ulusal ve uluslararas\u0131 organizasyonlardan ba\u015far\u0131 ile d\u00f6nd\u00fc\u011f\u00fcn\u00fc belirten Ba\u015fkan Y\u0131lmaz; &#8220;Toroslar Belediyesi Spor Kul\u00fcb\u00fcm\u00fczde farkl\u0131 bran\u015flarda faaliyet g\u00f6steren sporcular\u0131m\u0131z, T\u00fcrkiye genelindeki yar\u0131\u015fmalara, turnuvalara kat\u0131l\u0131yorlar. Son derece g\u00fczel ba\u015far\u0131lar elde ediyorlar. Belediye b\u00fct\u00e7emizden, spor kul\u00fcb\u00fcm\u00fcz\u00fc desteklemek istiyoruz. K\u0131ymetli sporcular\u0131m\u0131za ve hocalar\u0131m\u0131za te\u015fekk\u00fcr ediyor, ba\u015far\u0131lar\u0131n\u0131n devam\u0131n\u0131 diliyorum&#8221; \u015feklinde konu\u015ftu.<\/p>\n<p>G\u00fcndem maddelerinin g\u00f6r\u00fc\u015f\u00fclerek karara ba\u011fland\u0131\u011f\u0131 toplant\u0131n\u0131n ard\u0131ndan bir konu\u015fma yaparak t\u00fcm meclis \u00fcyelerinin, \u00e7al\u0131\u015fma arkada\u015flar\u0131n\u0131n ve hem\u015fehrilerinin Kurban Bayram\u0131&#8217;n\u0131 kutlayan Ba\u015fkan Y\u0131lmaz; &#8220;Bu duygu ve d\u00fc\u015f\u00fcncelerle Kurban Bayram\u0131&#8217;n\u0131n t\u00fcm insanl\u0131\u011fa, \u00fclkemize ve kentimize sa\u011fl\u0131k, huzur, mutluluk ve bereket getirmesini diliyorum&#8221; ifadelerini kulland\u0131.<\/p>\n<p>A\u011fustos ay\u0131nda meclisin tatil olmas\u0131 nedeniyle bir sonraki meclis toplant\u0131s\u0131n\u0131n 02 Eyl\u00fcl Cuma g\u00fcn\u00fc saat 14.00 olarak ger\u00e7ekle\u015ftirilmesine karar verildi.<\/p>\n","protected":false},"excerpt":{"rendered":"<p>Kad\u0131na y\u00f6nelik \u015fiddete ve kad\u0131n cinayetlerine kar\u015f\u0131 fark\u0131ndal\u0131k \u00e7al\u0131\u015fmalar\u0131n\u0131 s\u00fcrd\u00fcren Toroslar Belediyesi, 24 ya\u015f\u0131nda kad\u0131n cinayetine kurban giden Raziye Oskay&#8217;\u0131n ismini Toroslar&#8217;da \u00f6l\u00fcms\u00fczle\u015ftiriyor. Toroslar Belediye Meclisi&#8217;nin Temmuz Ay\u0131 Toplant\u0131s\u0131nda; 10 &hellip; <a href=\"https:\/\/akdenizolaygazetesi.com\/?p=19698\" class=\"more-link\">Devam\u0131n\u0131 Oku&#8230;<\/a><\/p>\n","protected":false},"author":2,"featured_media":19700,"comment_status":"open","ping_status":"open","sticky":false,"template":"","format":"standard","meta":[],"categories":[3,10],"tags":[],"_links":{"self":[{"href":"https:\/\/akdenizolaygazetesi.com\/index.php?rest_route=\/wp\/v2\/posts\/19698"}],"collection":[{"href":"https:\/\/akdenizolaygazetesi.com\/index.php?rest_route=\/wp\/v2\/posts"}],"about":[{"href":"https:\/\/akdenizolaygazetesi.com\/index.php?rest_route=\/wp\/v2\/types\/post"}],"author":[{"embeddable":true,"href":"https:\/\/akdenizolaygazetesi.com\/index.php?rest_route=\/wp\/v2\/users\/2"}],"replies":[{"embeddable":true,"href":"https:\/\/akdenizolaygazetesi.com\/index.php?rest_route=%2Fwp%2Fv2%2Fcomments&post=19698"}],"version-history":[{"count":1,"href":"https:\/\/akdenizolaygazetesi.com\/index.php?rest_route=\/wp\/v2\/posts\/19698\/revisions"}],"predecessor-version":[{"id":19701,"href":"https:\/\/akdenizolaygazetesi.com\/index.php?rest_route=\/wp\/v2\/posts\/19698\/revisions\/19701"}],"wp:featuredmedia":[{"embeddable":true,"href":"https:\/\/akdenizolaygazetesi.com\/index.php?rest_route=\/wp\/v2\/media\/19700"}],"wp:attachment":[{"href":"https:\/\/akdenizolaygazetesi.com\/index.php?rest_route=%2Fwp%2Fv2%2Fmedia&parent=19698"}],"wp:term":[{"taxonomy":"category","embeddable":true,"href":"https:\/\/akdenizolaygazetesi.com\/index.php?rest_route=%2Fwp%2Fv2%2Fcategories&post=19698"},{"taxonomy":"post_tag","embeddable":true,"href":"https:\/\/akdenizolaygazetesi.com\/index.php?rest_route=%2Fwp%2Fv2%2Ftags&post=19698"}],"curies":[{"name":"wp","href":"https:\/\/api.w.org\/{rel}","templated":true}]}}