{"id":19702,"date":"2022-07-07T12:44:41","date_gmt":"2022-07-07T09:44:41","guid":{"rendered":"http:\/\/akdenizolaygazetesi.com\/?p=19702"},"modified":"2022-07-07T12:44:41","modified_gmt":"2022-07-07T09:44:41","slug":"baskan-secerden-kurban-bayrami-mesaji","status":"publish","type":"post","link":"https:\/\/akdenizolaygazetesi.com\/?p=19702","title":{"rendered":"BA\u015eKAN SE\u00c7ER&#8217;DEN &#8216;KURBAN BAYRAMI&#8217; MESAJI"},"content":{"rendered":"<p>Mersin B\u00fcy\u00fck\u015fehir Belediye Ba\u015fkan\u0131 Vahap Se\u00e7er, &#8220;Kurban Bayram\u0131&#8221; dolay\u0131s\u0131yla bir mesaj yay\u0131nlad\u0131.<br \/>\nBa\u015fkan Se\u00e7er, mesaj\u0131nda \u015fu ifadelere yer verdi:<br \/>\n&#8220;Payla\u015fma ve yard\u0131mla\u015fman\u0131n daha yo\u011fun olarak ya\u015fand\u0131\u011f\u0131 bir bayrama daha kavu\u015fman\u0131n mutlulu\u011fu i\u00e7erisindeyiz. Biz biliriz ki, bayramlar kucakla\u015ft\u0131k\u00e7a, kayna\u015ft\u0131k\u00e7a bayram olur. Bayramlar sevin\u00e7lerimizi, mutluluklar\u0131m\u0131z\u0131 payla\u015ft\u0131k\u00e7a bayram olur. Bu bayram da; sevdiklerimize kavu\u015facak, onlarla kucakla\u015facak; sevgimizi, ekme\u011fimizi ve sofram\u0131z\u0131 payla\u015faca\u011f\u0131z.<br \/>\nBug\u00fcne kadar her konuda g\u00f6sterdi\u011fimiz gibi, birlik ve beraberlik \u00f6rne\u011fi g\u00f6stererek; ger\u00e7ek ihtiya\u00e7 sahiplerine elimizi uzat\u0131p bu m\u00fcbarek g\u00fcn\u00fcn ruhuna daha uygun davranaca\u011f\u0131z.<br \/>\nMersin B\u00fcy\u00fck\u015fehir Belediyesi olarak bizler, her zaman oldu\u011fu gibi bu bayramda da sizler i\u00e7in g\u00f6revimizin ba\u015f\u0131nda \u00e7al\u0131\u015f\u0131yor olaca\u011f\u0131z.<br \/>\nBu bayram\u0131n; kavu\u015fma, payla\u015fma ve dayan\u0131\u015fmam\u0131za vesile olaca\u011f\u0131 nice bayram\u0131 beraberinde getirmesi dile\u011fiyle m\u00fcbarek Kurban Bayram\u0131n\u0131z\u0131 kutluyor, t\u00fcm hem\u015ferilerime sa\u011fl\u0131k, mutluluk ve huzur dolu bir bayram diliyorum.&#8221;<\/p>\n","protected":false},"excerpt":{"rendered":"<p>Mersin B\u00fcy\u00fck\u015fehir Belediye Ba\u015fkan\u0131 Vahap Se\u00e7er, &#8220;Kurban Bayram\u0131&#8221; dolay\u0131s\u0131yla bir mesaj yay\u0131nlad\u0131. Ba\u015fkan Se\u00e7er, mesaj\u0131nda \u015fu ifadelere yer verdi: &#8220;Payla\u015fma ve yard\u0131mla\u015fman\u0131n daha yo\u011fun olarak ya\u015fand\u0131\u011f\u0131 bir bayrama daha kavu\u015fman\u0131n &hellip; <a href=\"https:\/\/akdenizolaygazetesi.com\/?p=19702\" class=\"more-link\">Devam\u0131n\u0131 Oku&#8230;<\/a><\/p>\n","protected":false},"author":2,"featured_media":19703,"comment_status":"open","ping_status":"open","sticky":false,"template":"","format":"standard","meta":[],"categories":[3],"tags":[],"_links":{"self":[{"href":"https:\/\/akdenizolaygazetesi.com\/index.php?rest_route=\/wp\/v2\/posts\/19702"}],"collection":[{"href":"https:\/\/akdenizolaygazetesi.com\/index.php?rest_route=\/wp\/v2\/posts"}],"about":[{"href":"https:\/\/akdenizolaygazetesi.com\/index.php?rest_route=\/wp\/v2\/types\/post"}],"author":[{"embeddable":true,"href":"https:\/\/akdenizolaygazetesi.com\/index.php?rest_route=\/wp\/v2\/users\/2"}],"replies":[{"embeddable":true,"href":"https:\/\/akdenizolaygazetesi.com\/index.php?rest_route=%2Fwp%2Fv2%2Fcomments&post=19702"}],"version-history":[{"count":1,"href":"https:\/\/akdenizolaygazetesi.com\/index.php?rest_route=\/wp\/v2\/posts\/19702\/revisions"}],"predecessor-version":[{"id":19704,"href":"https:\/\/akdenizolaygazetesi.com\/index.php?rest_route=\/wp\/v2\/posts\/19702\/revisions\/19704"}],"wp:featuredmedia":[{"embeddable":true,"href":"https:\/\/akdenizolaygazetesi.com\/index.php?rest_route=\/wp\/v2\/media\/19703"}],"wp:attachment":[{"href":"https:\/\/akdenizolaygazetesi.com\/index.php?rest_route=%2Fwp%2Fv2%2Fmedia&parent=19702"}],"wp:term":[{"taxonomy":"category","embeddable":true,"href":"https:\/\/akdenizolaygazetesi.com\/index.php?rest_route=%2Fwp%2Fv2%2Fcategories&post=19702"},{"taxonomy":"post_tag","embeddable":true,"href":"https:\/\/akdenizolaygazetesi.com\/index.php?rest_route=%2Fwp%2Fv2%2Ftags&post=19702"}],"curies":[{"name":"wp","href":"https:\/\/api.w.org\/{rel}","templated":true}]}}