{"id":19705,"date":"2022-07-07T12:47:04","date_gmt":"2022-07-07T09:47:04","guid":{"rendered":"http:\/\/akdenizolaygazetesi.com\/?p=19705"},"modified":"2022-07-07T12:47:04","modified_gmt":"2022-07-07T09:47:04","slug":"yenisehir-belediyesinden-bir-ornek-proje-daha","status":"publish","type":"post","link":"https:\/\/akdenizolaygazetesi.com\/?p=19705","title":{"rendered":"Yeni\u015fehir Belediyesinden bir \u00f6rnek proje daha"},"content":{"rendered":"<p>Mersin Yeni\u015fehir Belediye Ba\u015fkan\u0131 Abdullah \u00d6zyi\u011fit, yak\u0131n zamanda hayata ge\u00e7irecekleri Yeni\u015fehir \u00c7evreci Halk Kart projesi ile ilgili konu\u015ftu. Ba\u015fkan \u00d6zyi\u011fit, \u201cB\u00f6lgemizde da\u011f\u0131t\u0131m\u0131n\u0131 yapaca\u011f\u0131m\u0131z Yeni\u015fehir \u00c7evreci Halk Kart ile vatanda\u015flar\u0131m\u0131z\u0131n evlerinde ve i\u015f yerlerinde biriktirdikleri at\u0131klar\u0131 toplayacak ve bu at\u0131klar\u0131n kar\u015f\u0131l\u0131\u011f\u0131nda kart sahiplerine TL y\u00fcklemesi yapaca\u011f\u0131z.\u201d dedi.<br \/>\nYeni\u015fehir Belediye Ba\u015fkan\u0131 Abdullah \u00d6zyi\u011fit hem do\u011faya hem de ev ekonomisine katk\u0131 sunacak \u00f6rnek bir proje olan Yeni\u015fehir \u00c7evreci Halk Kart\u2019\u0131 k\u0131sa s\u00fcrede hayata ge\u00e7ireceklerini duyurdu. Erken \u00e7ocukluk e\u011fitimi konusunda model olan bir projeyi T\u00fcrkiye\u2019de bir ilke imza atarak uygulayan Yeni\u015fehir Belediyesi, ekoloji konusunda da fark yaratacak bir projenin haz\u0131rl\u0131klar\u0131n\u0131 s\u00fcrd\u00fcr\u00fcyor.<br \/>\nBa\u015fkan \u00d6zyi\u011fit, \u201cHem \u00e7evremizi koruyaca\u011f\u0131z hem de at\u0131klar\u0131ndan gelir elde ederek, bu geliri halk\u0131m\u0131za ula\u015ft\u0131raca\u011f\u0131z.\u201d<br \/>\nYeni\u015fehir Belediye Meclisi Temmuz Ay\u0131 Ola\u011fan Toplant\u0131s\u0131n\u0131n \u0130kinci Birle\u015fiminde konu\u015fan Yeni\u015fehir Belediye Ba\u015fkan\u0131 Abdullah \u00d6zyi\u011fit, \u201cYeni\u015fehir \u00c7evreci Halk Kart ile ilgili haz\u0131rl\u0131klar\u0131m\u0131z\u0131 b\u00fcy\u00fck oranda tamamlad\u0131k, k\u0131sa s\u00fcre i\u00e7erisinde hayata ge\u00e7irece\u011fiz. B\u00f6lgemizde da\u011f\u0131t\u0131m\u0131n\u0131 yapaca\u011f\u0131m\u0131z Yeni\u015fehir \u00c7evreci Halk Kart ile vatanda\u015flar\u0131m\u0131z\u0131n evlerinde ve i\u015f yerlerindeki at\u0131klar\u0131n\u0131 toplayacak ve bu at\u0131klar\u0131n kar\u015f\u0131l\u0131\u011f\u0131nda kart sahiplerine TL y\u00fcklemesi yapaca\u011f\u0131z. Teslim edilen at\u0131k miktar\u0131nda para y\u00fcklemesi olacak, personellerimiz post cihaz\u0131 ile gezecek biriktirilen at\u0131klar tart\u0131lacak ve o at\u0131\u011f\u0131n kar\u015f\u0131l\u0131\u011f\u0131 kartlara aktar\u0131lacak. \u00d6rnek olarak s\u00f6yl\u00fcyorum, diyelim ki 10 kilo at\u0131k teslim edildi\u011finde 10 lira y\u00fckleme yap\u0131lacak. Normal bir aile bu ayl\u0131k 200-300 lira gelir elde edebilecek. Bu kartlar ihtiya\u00e7 sahibi vatanda\u015flar\u0131m\u0131za verdi\u011fimiz Yeni\u015fehir Halk Kart gibi marketlerde kullanabilecek. Kart sahipleri bu at\u0131klar kar\u015f\u0131l\u0131\u011f\u0131nda elde etti\u011fi geliri istedi\u011fi kuruma da ba\u011f\u0131\u015flayabilecek. Yeni\u015fehir \u00c7evreci Halk Kart\u2019\u0131n bir\u00e7ok \u00f6zelli\u011fi olacak, bunlar\u0131 kamuoyuna detayl\u0131 olarak anlataca\u011f\u0131z ama \u00f6zetle bu \u015fekilde. Hem \u00e7evremizi koruyaca\u011f\u0131z hem de at\u0131klar\u0131ndan gelir elde ederek, bu geliri halk\u0131m\u0131za ula\u015ft\u0131raca\u011f\u0131z.\u201d ifadelerini kulland\u0131.<br \/>\nS\u0131f\u0131r At\u0131k Projesi kapsam\u0131nda \u015fu ana kadar yapt\u0131klar\u0131 \u00e7al\u0131\u015fmalar\u0131 k\u0131sa \u00f6zetleyen Ba\u015fkan \u00d6zyi\u011fit, at\u0131k getirme ve ayr\u0131\u015ft\u0131rma tesisi kuracaklar\u0131n\u0131 da s\u00f6zlerine ekledi. Ba\u015fkan Abdullah \u00d6zyi\u011fit, \u201cBizim amac\u0131m\u0131z tamamen s\u0131f\u0131r at\u0131\u011f\u0131 sa\u011flamak. \u015eu anda bu konuda \u00e7al\u0131\u015fmalar\u0131m\u0131z devam ediyor, manav ve manav reyonu bulunan marketlere konteynerler da\u011f\u0131tt\u0131k. Organik at\u0131klar\u0131n kompost g\u00fcbre i\u00e7in geri d\u00f6n\u00fc\u015f\u00fcm\u00fc sa\u011fl\u0131yoruz. Evsel ya\u011f at\u0131klar\u0131 i\u00e7in de bir ya\u011f \u00fcreticisi ile i\u015f birli\u011fi yapt\u0131k. 4 litre at\u0131k ya\u011f kar\u015f\u0131l\u0131\u011f\u0131nda bir litre temiz ya\u011f elde ediyoruz. S\u0131f\u0131r At\u0131k Projemiz kapsam\u0131nda pilot b\u00f6lge olarak se\u00e7ti\u011fimiz 2 mahallede 7 ayda 71 ton ambalaj at\u0131\u011f\u0131 toplayarak yeniden ekonomiye kazand\u0131rd\u0131k. Halk\u0131m\u0131z\u0131 geri d\u00f6n\u00fc\u015f\u00fcm s\u00fcrecine kat\u0131yoruz. Nitekim el birli\u011fiyle sonu\u00e7 alabilece\u011fimiz bir konu.  At\u0131k getirme ve ayr\u0131\u015ft\u0131rma tesisi yapaca\u011f\u0131z. \u015eu anda toplad\u0131\u011f\u0131m\u0131z at\u0131klar\u0131n, topland\u0131\u011f\u0131 \u015fekliyle sat\u0131\u015f\u0131 ger\u00e7ekle\u015fiyor. Kuraca\u011f\u0131m\u0131z bu tesisle birlikte bu konuda \u00e7ok daha b\u00fcy\u00fck bir ivme yakalayaca\u011f\u0131z.\u201d diye konu\u015ftu. Mecliste Yeni\u015fehir Belediyesine ait Yeni\u015fehir Temiz \u00c7evre E\u011fitimi At\u0131k Y\u00f6netimi ve Dan\u0131\u015fmanl\u0131k A.\u015e\u2019nin sermaye art\u0131r\u0131m\u0131 ile ilgili teklif Plan ve B\u00fct\u00e7e Komisyonu raporunun g\u00f6r\u00fc\u015f\u00fclmesinin ard\u0131ndan oy birli\u011fiyle kabul edildi. <\/p>\n","protected":false},"excerpt":{"rendered":"<p>Mersin Yeni\u015fehir Belediye Ba\u015fkan\u0131 Abdullah \u00d6zyi\u011fit, yak\u0131n zamanda hayata ge\u00e7irecekleri Yeni\u015fehir \u00c7evreci Halk Kart projesi ile ilgili konu\u015ftu. Ba\u015fkan \u00d6zyi\u011fit, \u201cB\u00f6lgemizde da\u011f\u0131t\u0131m\u0131n\u0131 yapaca\u011f\u0131m\u0131z Yeni\u015fehir \u00c7evreci Halk Kart ile vatanda\u015flar\u0131m\u0131z\u0131n evlerinde &hellip; <a href=\"https:\/\/akdenizolaygazetesi.com\/?p=19705\" class=\"more-link\">Devam\u0131n\u0131 Oku&#8230;<\/a><\/p>\n","protected":false},"author":2,"featured_media":19706,"comment_status":"open","ping_status":"open","sticky":false,"template":"","format":"standard","meta":[],"categories":[1,3,5],"tags":[],"_links":{"self":[{"href":"https:\/\/akdenizolaygazetesi.com\/index.php?rest_route=\/wp\/v2\/posts\/19705"}],"collection":[{"href":"https:\/\/akdenizolaygazetesi.com\/index.php?rest_route=\/wp\/v2\/posts"}],"about":[{"href":"https:\/\/akdenizolaygazetesi.com\/index.php?rest_route=\/wp\/v2\/types\/post"}],"author":[{"embeddable":true,"href":"https:\/\/akdenizolaygazetesi.com\/index.php?rest_route=\/wp\/v2\/users\/2"}],"replies":[{"embeddable":true,"href":"https:\/\/akdenizolaygazetesi.com\/index.php?rest_route=%2Fwp%2Fv2%2Fcomments&post=19705"}],"version-history":[{"count":1,"href":"https:\/\/akdenizolaygazetesi.com\/index.php?rest_route=\/wp\/v2\/posts\/19705\/revisions"}],"predecessor-version":[{"id":19707,"href":"https:\/\/akdenizolaygazetesi.com\/index.php?rest_route=\/wp\/v2\/posts\/19705\/revisions\/19707"}],"wp:featuredmedia":[{"embeddable":true,"href":"https:\/\/akdenizolaygazetesi.com\/index.php?rest_route=\/wp\/v2\/media\/19706"}],"wp:attachment":[{"href":"https:\/\/akdenizolaygazetesi.com\/index.php?rest_route=%2Fwp%2Fv2%2Fmedia&parent=19705"}],"wp:term":[{"taxonomy":"category","embeddable":true,"href":"https:\/\/akdenizolaygazetesi.com\/index.php?rest_route=%2Fwp%2Fv2%2Fcategories&post=19705"},{"taxonomy":"post_tag","embeddable":true,"href":"https:\/\/akdenizolaygazetesi.com\/index.php?rest_route=%2Fwp%2Fv2%2Ftags&post=19705"}],"curies":[{"name":"wp","href":"https:\/\/api.w.org\/{rel}","templated":true}]}}