{"id":19708,"date":"2022-07-07T12:49:02","date_gmt":"2022-07-07T09:49:02","guid":{"rendered":"http:\/\/akdenizolaygazetesi.com\/?p=19708"},"modified":"2022-07-07T12:49:02","modified_gmt":"2022-07-07T09:49:02","slug":"buyuksehirle-mezarliklar-da-ibadethaneler-de-kurban-bayramina-hazir","status":"publish","type":"post","link":"https:\/\/akdenizolaygazetesi.com\/?p=19708","title":{"rendered":"B\u00dcY\u00dcK\u015eEH\u0130R&#8217;LE MEZARLIKLAR DA \u0130BADETHANELER DE KURBAN BAYRAMI&#8217;NA HAZIR"},"content":{"rendered":"<p>Mersin B\u00fcy\u00fck\u015fehir Belediyesi, kent genelinde ger\u00e7ekle\u015ftirdi\u011fi genel temizlik ve bak\u0131m \u00e7al\u0131\u015fmalar\u0131yla, sorumluluk alan\u0131nda bulunan mezarl\u0131klar\u0131 ve ibadethaneleri, bayram \u00f6ncesi vatanda\u015flar\u0131n ziyaretine ve kullan\u0131m\u0131na haz\u0131r hale getirdi.<br \/>\nMezarl\u0131klarda vatanda\u015flara su ve \u00e7i\u00e7ek da\u011f\u0131t\u0131m\u0131 yap\u0131lacak<br \/>\nB\u00fcy\u00fck\u015fehir Belediyesi ekipleri, vatanda\u015flar\u0131n mezarl\u0131k ziyaretlerini Kurban Bayram\u0131&#8217;na yak\u0131\u015f\u0131r \u015fekilde yapabilmelerini sa\u011flamak amac\u0131yla \u00e7al\u0131\u015fmalar\u0131n\u0131 tamamlad\u0131. Ekipler, Mersin merkez ve il\u00e7e mezarl\u0131klar\u0131nda temizlik, ila\u00e7lama, budama ve \u00e7i\u00e7ek dikimi ger\u00e7ekle\u015ftirdi. Park ve Bah\u00e7eler, \u00c7evre Koruma ve Kontrol Dairesi&#8217;nin ortak \u00e7al\u0131\u015fmalar\u0131yla mezarl\u0131klar\u0131n her noktas\u0131nda d\u00f6rt d\u00f6rtl\u00fck haz\u0131rl\u0131k yap\u0131ld\u0131.<br \/>\nTemizlik ekipleri, mezarl\u0131k i\u00e7indeki ara yollarda s\u00fcp\u00fcrge ara\u00e7lar\u0131 ve araz\u00f6z yard\u0131m\u0131yla zemin temizli\u011fi ile y\u0131kama \u00e7al\u0131\u015fmalar\u0131n\u0131 da yapt\u0131. B\u00fcy\u00fck\u015fehir ekipleri ayr\u0131ca mezarl\u0131klar i\u00e7erisindeki \u015fehitliklerde s\u00fcrd\u00fcrd\u00fc\u011f\u00fc \u00e7al\u0131\u015fmalarda; \u00e7i\u00e7ek bak\u0131mlar\u0131ndan mezar ta\u015flar\u0131n\u0131n silinmesine, bayrak direklerinin boyanmas\u0131ndan bayraklar\u0131n yenilenmesine kadar her noktay\u0131 b\u00fcy\u00fck titizlikle bak\u0131mdan ge\u00e7irdi. Arife G\u00fcn\u00fc ve Kurban Bayram\u0131 s\u00fcresince ekipler, kent genelindeki mezarl\u0131klar\u0131n giri\u015flerinde vatanda\u015flara su ve \u00e7i\u00e7ek da\u011f\u0131t\u0131m\u0131 da yapacak. Ayr\u0131ca mini ara\u00e7lar da ya\u015f alm\u0131\u015flar\u0131n ve \u00f6zel gereksinimli bireylerin rahat bir \u015fekilde ziyaret ger\u00e7ekle\u015ftirebilmeleri i\u00e7in, mezarl\u0131k i\u00e7erisinde transfer hizmeti verilecek.<br \/>\n\u0130badethaneler de bayrama haz\u0131r hale getirildi<br \/>\nMersin B\u00fcy\u00fck\u015fehir Belediyesi, Kurban Bayram\u0131 nedeniyle h\u0131z verdi\u011fi hizmet \u00e7al\u0131\u015fmalar\u0131na ibadethanelerin bayram temizli\u011fini de ekledi. Mersin genelindeki ibadethanelerde y\u0131l boyunca rutin temizlik \u00e7al\u0131\u015fmalar\u0131 y\u00fcr\u00fcten B\u00fcy\u00fck\u015fehir Belediyesi, yakla\u015fan Kurban Bayram\u0131 dolay\u0131s\u0131yla kutsal mekanlarda detayl\u0131 temizlik \u00e7al\u0131\u015fmas\u0131 da ger\u00e7ekle\u015ftirdi. Kent genelinde bulunan cami, cemevi ve kiliseler, Mezarl\u0131klar Dairesi Ba\u015fkanl\u0131\u011f\u0131 ekipleri taraf\u0131ndan bayram temizli\u011fine tabi tutuldu.<br \/>\nBelediye ekiplerinin sabah erken saatlerde ba\u015flad\u0131\u011f\u0131 ve ak\u015fam saatlerine kadar s\u00fcren temizlik \u00e7al\u0131\u015fmalar\u0131nda, ibadethanelerin hal\u0131lar\u0131 y\u0131kanarak, i\u00e7 ve d\u0131\u015f temizlikleri yap\u0131ld\u0131.<\/p>\n<p>&#8220;13 il\u00e7emizde ayn\u0131 anda t\u00fcm mezarl\u0131klar\u0131m\u0131z temizlendi&#8221;<br \/>\nMersin B\u00fcy\u00fck\u015fehir Belediyesi Mezarl\u0131klar Dairesi Ba\u015fkanl\u0131\u011f\u0131&#8217;na ba\u011fl\u0131 Mezarl\u0131klar ve Defin Hizmetleri \u015eube M\u00fcd\u00fcr\u00fc Murat Naml\u0131, ibadethane temizli\u011fi i\u00e7in kurulan ekibin, Teksin \u00fczerinden gelen talepleri s\u0131raya alarak temizlik i\u015flemi ger\u00e7ekle\u015ftirdi\u011fini aktard\u0131.<br \/>\nNaml\u0131, &#8220;\u0130badethanelerimizin ve mezarl\u0131klar\u0131m\u0131z\u0131n temizlikleri periyodik olarak yap\u0131l\u0131yor. 13 il\u00e7emizdeki mezarl\u0131klar\u0131n tamam\u0131 ayn\u0131 anda temizlendi. \u015eu anda da Teksin \u00fczerinden yap\u0131lan m\u00fcracaatlar\u0131 s\u0131raya al\u0131yoruz. S\u0131rayla t\u00fcm ibadethanelerimizi temizliyoruz. \u00d6nce s\u00fcp\u00fcr\u00fcl\u00fcyor, sonra hal\u0131lar\u0131 y\u0131kan\u0131yor, sonra g\u00fcl suyuyla da koku veriliyor&#8221; dedi.<br \/>\nMezarl\u0131klarda ger\u00e7ekle\u015ftirilen temizlik detaylar\u0131n\u0131 da payla\u015fan Naml\u0131, &#8220;Yol s\u00fcp\u00fcrme ara\u00e7lar\u0131m\u0131z yollar\u0131m\u0131z\u0131 temizledi, yol \u00e7izgilerimizi yeniden \u00e7izdirdik. \u015eehitli\u011fimizdeki bayraklar\u0131m\u0131z\u0131 yeniledik ve bayrak direklerimizi boyatt\u0131k. D\u00f6rt d\u00f6rtl\u00fck bir \u015fekilde bayrama haz\u0131rlad\u0131k. \u015eu anda herhangi bir eksi\u011fimiz yok&#8221; diye konu\u015ftu.<br \/>\nArife g\u00fcn\u00fc ve bayram ziyareti boyunca mezarl\u0131k giri\u015finde verilecek hizmetleri de anlatan Naml\u0131, &#8220;Giri\u015fte, mezarlar\u0131n \u00fczerine dikmeleri i\u00e7in ziyaret\u00e7ilere \u00e7i\u00e7ek verece\u011fiz. Burada ya\u015fl\u0131lar\u0131m\u0131z ve \u00f6zel gereksinimli bireylerimiz i\u00e7in, ara\u00e7lar\u0131m\u0131zla mezarl\u0131k i\u00e7inde servis hizmetimiz olacak. Ayr\u0131ca vatanda\u015flar\u0131m\u0131z\u0131 serinletmek i\u00e7in su ikram\u0131m\u0131z da olacak&#8221; ifadelerini kulland\u0131.<\/p>\n","protected":false},"excerpt":{"rendered":"<p>Mersin B\u00fcy\u00fck\u015fehir Belediyesi, kent genelinde ger\u00e7ekle\u015ftirdi\u011fi genel temizlik ve bak\u0131m \u00e7al\u0131\u015fmalar\u0131yla, sorumluluk alan\u0131nda bulunan mezarl\u0131klar\u0131 ve ibadethaneleri, bayram \u00f6ncesi vatanda\u015flar\u0131n ziyaretine ve kullan\u0131m\u0131na haz\u0131r hale getirdi. Mezarl\u0131klarda vatanda\u015flara su ve &hellip; <a href=\"https:\/\/akdenizolaygazetesi.com\/?p=19708\" class=\"more-link\">Devam\u0131n\u0131 Oku&#8230;<\/a><\/p>\n","protected":false},"author":2,"featured_media":19709,"comment_status":"open","ping_status":"open","sticky":false,"template":"","format":"standard","meta":[],"categories":[2,3],"tags":[],"_links":{"self":[{"href":"https:\/\/akdenizolaygazetesi.com\/index.php?rest_route=\/wp\/v2\/posts\/19708"}],"collection":[{"href":"https:\/\/akdenizolaygazetesi.com\/index.php?rest_route=\/wp\/v2\/posts"}],"about":[{"href":"https:\/\/akdenizolaygazetesi.com\/index.php?rest_route=\/wp\/v2\/types\/post"}],"author":[{"embeddable":true,"href":"https:\/\/akdenizolaygazetesi.com\/index.php?rest_route=\/wp\/v2\/users\/2"}],"replies":[{"embeddable":true,"href":"https:\/\/akdenizolaygazetesi.com\/index.php?rest_route=%2Fwp%2Fv2%2Fcomments&post=19708"}],"version-history":[{"count":1,"href":"https:\/\/akdenizolaygazetesi.com\/index.php?rest_route=\/wp\/v2\/posts\/19708\/revisions"}],"predecessor-version":[{"id":19710,"href":"https:\/\/akdenizolaygazetesi.com\/index.php?rest_route=\/wp\/v2\/posts\/19708\/revisions\/19710"}],"wp:featuredmedia":[{"embeddable":true,"href":"https:\/\/akdenizolaygazetesi.com\/index.php?rest_route=\/wp\/v2\/media\/19709"}],"wp:attachment":[{"href":"https:\/\/akdenizolaygazetesi.com\/index.php?rest_route=%2Fwp%2Fv2%2Fmedia&parent=19708"}],"wp:term":[{"taxonomy":"category","embeddable":true,"href":"https:\/\/akdenizolaygazetesi.com\/index.php?rest_route=%2Fwp%2Fv2%2Fcategories&post=19708"},{"taxonomy":"post_tag","embeddable":true,"href":"https:\/\/akdenizolaygazetesi.com\/index.php?rest_route=%2Fwp%2Fv2%2Ftags&post=19708"}],"curies":[{"name":"wp","href":"https:\/\/api.w.org\/{rel}","templated":true}]}}