{"id":19711,"date":"2022-07-07T12:50:20","date_gmt":"2022-07-07T09:50:20","guid":{"rendered":"http:\/\/akdenizolaygazetesi.com\/?p=19711"},"modified":"2022-07-07T12:50:20","modified_gmt":"2022-07-07T09:50:20","slug":"oduller-baskan-secere-makaminda-takdim-edildi","status":"publish","type":"post","link":"https:\/\/akdenizolaygazetesi.com\/?p=19711","title":{"rendered":"\u00d6D\u00dcLLER BA\u015eKAN SE\u00c7ER&#8217;E MAKAMINDA TAKD\u0130M ED\u0130LD\u0130"},"content":{"rendered":"<p>&#8216;Medeniyetler Bah\u00e7esi&#8217; temas\u0131yla a\u00e7\u0131l\u0131\u015f\u0131 yap\u0131lan EXPO&#8217;21 Hatay&#8217;da Mersin, tarihe tan\u0131kl\u0131k eden mek\u00e2nlar\u0131, do\u011fal g\u00fczellikleri ve bitki \u00f6rt\u00fcs\u00fc ile a\u00e7\u0131ld\u0131\u011f\u0131 g\u00fcnden bu yana tan\u0131t\u0131lmaya devam ederken, 3 farkl\u0131 alanda \u00f6d\u00fcle lay\u0131k g\u00f6r\u00fcld\u00fc.<br \/>\nMersin B\u00fcy\u00fck\u015fehir Belediyesi, EXPO&#8217;21 Hatay Medeniyetler Bah\u00e7esi&#8217;nde yer alan &#8216;Mersin Bah\u00e7esi&#8217; ile EXPO&#8217;21 Hatay Medeniyetler Bah\u00e7esi, Hatay B\u00fcy\u00fck\u015fehir Belediyesi ve Uluslararas\u0131 Bah\u00e7e Bitkileri \u00dcreticileri Birli\u011fi (AIPH) taraf\u0131ndan &#8216;Do\u011fal Alanlar ve Kentsel Tasar\u0131m \u00d6d\u00fcl\u00fc&#8217;, &#8216;Do\u011fal Zenginlikleri ve Miras\u0131 Tan\u0131tma \u00d6zel \u00d6d\u00fcl\u00fc&#8217; ile &#8216;Tarihi Yap\u0131lar ve Tasar\u0131m \u00d6d\u00fcl\u00fc&#8217; ald\u0131. B\u00fcy\u00fck\u015fehir Belediyesi&#8217;ne ayr\u0131ca, &#8216;Expo 2021 Hatay Uluslararas\u0131 Bah\u00e7ecilik Sergisi&#8217;ne sundu\u011fu katk\u0131lar\u0131ndan dolay\u0131 da Kat\u0131l\u0131m Sertifikas\u0131 verildi.<br \/>\n\u00d6d\u00fcller ve kat\u0131l\u0131m sertifikas\u0131, Mersin B\u00fcy\u00fck\u015fehir Belediye Ba\u015fkan\u0131 Vahap Se\u00e7er&#8217;e makam\u0131nda takdim edildi. \u00d6d\u00fclleri ve Kat\u0131l\u0131m Sertifikas\u0131&#8217;n\u0131 Ba\u015fkan Se\u00e7er&#8217;e; Mersin B\u00fcy\u00fck\u015fehir Belediyesi Genel Sekreter Yard\u0131mc\u0131s\u0131 Hasan G\u00f6kbel, Park ve Bah\u00e7eler Dairesi Ba\u015fkan\u0131 G\u00f6her \u015eahin, K\u00fclt\u00fcr ve Sosyal \u0130\u015fler Dairesi Ba\u015fkanl\u0131\u011f\u0131 Koordinat\u00f6r\u00fc Bengi \u0130spir \u00d6zd\u00fclger, Tar\u0131msal Hizmetler Dairesi Ba\u015fkan\u0131 Serdar G\u00f6k\u00e7ek ve Sosyal Hizmetler Dairesi Ba\u015fkan\u0131 Serdal G\u00f6kayaz takdim etti.<br \/>\n&#8216;Mersin Bah\u00e7esi&#8217; ziyaret\u00e7ilerin ilgi oda\u011f\u0131 olmaya devam ediyor<br \/>\n1006 metrekarelik pavilyonda haz\u0131rlanan &#8216;Mersin Bah\u00e7esi&#8217;, yerli ve yabanc\u0131 ziyaret\u00e7ilerin ilgi oda\u011f\u0131 olmaya devam ediyor. B\u00fcy\u00fck\u015fehir Belediyesi&#8217;nin &#8216;Medeniyetler Bah\u00e7esi&#8217; temas\u0131yla a\u00e7\u0131l\u0131\u015f\u0131 yap\u0131lan EXPO 2021 Hatay&#8217;da 1006 metrekarelik alanda olu\u015fturdu\u011fu &#8216;Mersin Bah\u00e7esi&#8217; yo\u011fun ilgi g\u00f6r\u00fcyor. A\u00e7\u0131ld\u0131\u011f\u0131 andan itibaren ilgi oda\u011f\u0131 olan ve y\u00fcz binlerce ziyaret\u00e7iyi a\u011f\u0131rlayan Mersin Bah\u00e7esi&#8217;nde; Mersin&#8217;in tarihi mek\u00e2nlar\u0131, do\u011fal g\u00fczellikleri ve bitki \u00e7e\u015fitlili\u011fi tan\u0131t\u0131l\u0131yor.<br \/>\nMersin do\u011fudan bat\u0131ya, kuzeyden g\u00fcneye t\u00fcm y\u00f6nleriyle tan\u0131t\u0131l\u0131yor<br \/>\n2021 y\u0131l\u0131nda ev sahipli\u011fi Hatay taraf\u0131ndan yap\u0131lan Uluslararas\u0131 Hortik\u00fclt\u00fcrel Sergisi Expo 2021 Hatay etkinli\u011fi &#8216;Medeniyetler Bah\u00e7esi&#8217; ana temas\u0131yla yap\u0131l\u0131yor. Bu kapsamda Antakya alan\u0131nda &#8216;\u0130ller Bah\u00e7esi&#8217; olarak adland\u0131r\u0131lan ve Mersin B\u00fcy\u00fck\u015fehir Belediyesi&#8217;ne tahsis edilen 1006 m2&#8217;lik b\u00f6l\u00fcmde &#8216;\u00d6zel Kat\u0131l\u0131mc\u0131&#8217; olarak Expo Tema ve Alt Temalar\u0131nda uygun \u015fekilde tasarlanan ve yap\u0131m\u0131 ger\u00e7ekle\u015ftirilen &#8216;Mersin Bah\u00e7esi&#8217; kapsam\u0131nda Mersin&#8217;i do\u011fudan bat\u0131ya, kuzeyden g\u00fcneye, bitkisel, k\u00fclt\u00fcrel ve tarihi a\u00e7\u0131dan her noktas\u0131ndaki de\u011ferlerini en do\u011fru \u015fekilde anlat\u0131m\u0131n\u0131 ve tan\u0131t\u0131m\u0131 sa\u011flan\u0131yor.<br \/>\nMersin&#8217;in do\u011fuya kap\u0131s\u0131 olan Tarsus&#8217;un \u00f6nemli tarihi eserlerinden biri olan Kleopatra Kap\u0131s\u0131 bah\u00e7eye giri\u015f \u00f6\u011fesi olarak konulurken, devam\u0131nda Mezitli Pompeipolis Harabeleri alana ilk girildi\u011finde bir koridor olarak misafirleri kar\u015f\u0131l\u0131yor.<br \/>\nSonras\u0131nda bat\u0131ya do\u011fru Kanl\u0131divane \u00f6\u011feleri, Adamkayalar, Cennet-Cehennem Obru\u011fu, Mamure Kalesi ve K\u0131zkalesi yer al\u0131yor. Ayr\u0131ca Mersin&#8217;in \u00f6nemli bir \u00f6\u011fesi olan Toros Da\u011flar\u0131 da projede unutulmayarak tasar\u0131m\u0131n \u00f6nemli bir \u00f6\u011fesi olarak kullan\u0131ld\u0131.<br \/>\n\u00c7al\u0131\u015fmada k\u00fclt\u00fcrel de\u011ferlerin yan\u0131 s\u0131ra bitkisel \u00f6\u011felerin de tan\u0131t\u0131m\u0131 amac\u0131yla limon, turun\u00e7, portakal, zeytin, dikenli incir, murt, muz, zeytin, gelin duva\u011f\u0131 ve Akdeniz defnesi yer al\u0131yor. Bunlar\u0131n yan\u0131 s\u0131ra ise Do\u011fu Sandal Ma\u011faras\u0131, Anemurium Antik Kenti, Softa Kalesi, Aynal\u0131g\u00f6l Ma\u011faras\u0131, Kelenderis Antik Kenti, Zeyne T\u00fcrbesi, Mut Kalesi, Yer K\u00f6pr\u00fc \u015eelalesi, Alahan Manast\u0131r\u0131, Uzuncabur\u00e7 Antik Kenti, Ayatekla Kilisesi, Silifke Kalesi, Dana Adas\u0131, Ast\u0131m Ma\u011faras\u0131, G\u00f6ksu Deltas\u0131, Olba Antik Kenti, Aphrodisias Antik Kenti, Lamos Kanyonu, Elaiussa Sebaste Antik Kenti, Yumuktepe H\u00f6y\u00fc\u011f\u00fc, Namrun Kalesi, Tarsus \u015eelalesi, Saint Paul Kuyusu, G\u00f6zl\u00fckule H\u00f6y\u00fc\u011f\u00fc, Donukta\u015f Tap\u0131na\u011f\u0131, Danyal Peygamber Makam\u0131, Eshab-\u0131 Kehf Ma\u011faras\u0131, Antik Cadde Roma Yolu r\u00f6lyefler ile bah\u00e7e alan\u0131n\u0131n \u00e7e\u015fitli noktalar\u0131nda Gazi \u00c7iftli\u011fi, Y\u00f6r\u00fckler, gastronomi, plajlar r\u00f6prod\u00fcksiyonlar ile Mersin&#8217;in de\u011ferleri tan\u0131t\u0131lmaya devam ediyor.<\/p>\n","protected":false},"excerpt":{"rendered":"<p>&#8216;Medeniyetler Bah\u00e7esi&#8217; temas\u0131yla a\u00e7\u0131l\u0131\u015f\u0131 yap\u0131lan EXPO&#8217;21 Hatay&#8217;da Mersin, tarihe tan\u0131kl\u0131k eden mek\u00e2nlar\u0131, do\u011fal g\u00fczellikleri ve bitki \u00f6rt\u00fcs\u00fc ile a\u00e7\u0131ld\u0131\u011f\u0131 g\u00fcnden bu yana tan\u0131t\u0131lmaya devam ederken, 3 farkl\u0131 alanda \u00f6d\u00fcle lay\u0131k &hellip; <a href=\"https:\/\/akdenizolaygazetesi.com\/?p=19711\" class=\"more-link\">Devam\u0131n\u0131 Oku&#8230;<\/a><\/p>\n","protected":false},"author":2,"featured_media":19712,"comment_status":"open","ping_status":"open","sticky":false,"template":"","format":"standard","meta":[],"categories":[1,2,3,5],"tags":[],"_links":{"self":[{"href":"https:\/\/akdenizolaygazetesi.com\/index.php?rest_route=\/wp\/v2\/posts\/19711"}],"collection":[{"href":"https:\/\/akdenizolaygazetesi.com\/index.php?rest_route=\/wp\/v2\/posts"}],"about":[{"href":"https:\/\/akdenizolaygazetesi.com\/index.php?rest_route=\/wp\/v2\/types\/post"}],"author":[{"embeddable":true,"href":"https:\/\/akdenizolaygazetesi.com\/index.php?rest_route=\/wp\/v2\/users\/2"}],"replies":[{"embeddable":true,"href":"https:\/\/akdenizolaygazetesi.com\/index.php?rest_route=%2Fwp%2Fv2%2Fcomments&post=19711"}],"version-history":[{"count":1,"href":"https:\/\/akdenizolaygazetesi.com\/index.php?rest_route=\/wp\/v2\/posts\/19711\/revisions"}],"predecessor-version":[{"id":19713,"href":"https:\/\/akdenizolaygazetesi.com\/index.php?rest_route=\/wp\/v2\/posts\/19711\/revisions\/19713"}],"wp:featuredmedia":[{"embeddable":true,"href":"https:\/\/akdenizolaygazetesi.com\/index.php?rest_route=\/wp\/v2\/media\/19712"}],"wp:attachment":[{"href":"https:\/\/akdenizolaygazetesi.com\/index.php?rest_route=%2Fwp%2Fv2%2Fmedia&parent=19711"}],"wp:term":[{"taxonomy":"category","embeddable":true,"href":"https:\/\/akdenizolaygazetesi.com\/index.php?rest_route=%2Fwp%2Fv2%2Fcategories&post=19711"},{"taxonomy":"post_tag","embeddable":true,"href":"https:\/\/akdenizolaygazetesi.com\/index.php?rest_route=%2Fwp%2Fv2%2Ftags&post=19711"}],"curies":[{"name":"wp","href":"https:\/\/api.w.org\/{rel}","templated":true}]}}