{"id":19717,"date":"2022-07-07T12:56:20","date_gmt":"2022-07-07T09:56:20","guid":{"rendered":"http:\/\/akdenizolaygazetesi.com\/?p=19717"},"modified":"2022-07-07T12:56:20","modified_gmt":"2022-07-07T09:56:20","slug":"baskan-dogmustan-kurban-bayrami-mesaji","status":"publish","type":"post","link":"https:\/\/akdenizolaygazetesi.com\/?p=19717","title":{"rendered":"Ba\u015fkan Do\u011fmu\u015f&#8217;tan Kurban Bayram\u0131 Mesaj\u0131"},"content":{"rendered":"<p>Mersin Yat\u0131r\u0131mc\u0131 \u0130\u015f \u0130nsanlar\u0131 Derne\u011fi (MERYAD) Ba\u015fkan\u0131 Co\u015fkun Do\u011fmu\u015f, kurban bayram\u0131 dolay\u0131s\u0131 ile kutlama mesaj\u0131 yay\u0131nlad\u0131.<\/p>\n<p>Ba\u015fkan Do\u011fmu\u015f, &#8220;Yeni umutlar\u0131 canland\u0131ran, insanlar\u0131 kayna\u015ft\u0131ran, sosyal huzurumuzu da peki\u015ftiren Kurban Bayram\u0131na bir kez daha kavu\u015fuyor olman\u0131n mutlulu\u011fu i\u00e7erisindeyiz. Bayramlar birlik ve beraberli\u011fin en \u00fcst seviyede ya\u015fand\u0131\u011f\u0131 g\u00fcnlerdir. \u00dclke olarak birlik ve beraberlik i\u00e7inde oldu\u011fumuz s\u00fcrece t\u00fcm hedeflere rahatl\u0131kla ula\u015fabilece\u011fimizi unutmayal\u0131m.<br \/>\n\u0130\u015fte ve a\u015fta bereketin s\u0131rr\u0131n\u0131n payla\u015fmaktan ge\u00e7ti\u011fini ve bu anlay\u0131\u015f\u0131 ticaret hayat\u0131m\u0131zda da uygulamam\u0131z gerekti\u011fini biliyoruz. Kurban etlerimizi karde\u015flerimizle payla\u015fmay\u0131 unutmayal\u0131m. G\u00fczellikler payla\u015ft\u0131k\u00e7a \u00e7o\u011fal\u0131r. Bayram g\u00fcnlerinde sab\u0131r ve ho\u015fg\u00f6r\u00fcy\u00fc elden b\u0131rakmayal\u0131m. Bu d\u00fc\u015f\u00fcncelerle, t\u00fcm hem\u015ferilerimin, sayg\u0131de\u011fer \u00fcyelerimizin, bayram vesilesiyle \u015fehrimizde bulunan misafirlerimizin Kurban Bayramlar\u0131n\u0131 kutluyorum&#8221; dedi.<\/p>\n","protected":false},"excerpt":{"rendered":"<p>Mersin Yat\u0131r\u0131mc\u0131 \u0130\u015f \u0130nsanlar\u0131 Derne\u011fi (MERYAD) Ba\u015fkan\u0131 Co\u015fkun Do\u011fmu\u015f, kurban bayram\u0131 dolay\u0131s\u0131 ile kutlama mesaj\u0131 yay\u0131nlad\u0131. Ba\u015fkan Do\u011fmu\u015f, &#8220;Yeni umutlar\u0131 canland\u0131ran, insanlar\u0131 kayna\u015ft\u0131ran, sosyal huzurumuzu da peki\u015ftiren Kurban Bayram\u0131na bir &hellip; <a href=\"https:\/\/akdenizolaygazetesi.com\/?p=19717\" class=\"more-link\">Devam\u0131n\u0131 Oku&#8230;<\/a><\/p>\n","protected":false},"author":2,"featured_media":19718,"comment_status":"open","ping_status":"open","sticky":false,"template":"","format":"standard","meta":[],"categories":[2,3,5],"tags":[],"_links":{"self":[{"href":"https:\/\/akdenizolaygazetesi.com\/index.php?rest_route=\/wp\/v2\/posts\/19717"}],"collection":[{"href":"https:\/\/akdenizolaygazetesi.com\/index.php?rest_route=\/wp\/v2\/posts"}],"about":[{"href":"https:\/\/akdenizolaygazetesi.com\/index.php?rest_route=\/wp\/v2\/types\/post"}],"author":[{"embeddable":true,"href":"https:\/\/akdenizolaygazetesi.com\/index.php?rest_route=\/wp\/v2\/users\/2"}],"replies":[{"embeddable":true,"href":"https:\/\/akdenizolaygazetesi.com\/index.php?rest_route=%2Fwp%2Fv2%2Fcomments&post=19717"}],"version-history":[{"count":1,"href":"https:\/\/akdenizolaygazetesi.com\/index.php?rest_route=\/wp\/v2\/posts\/19717\/revisions"}],"predecessor-version":[{"id":19719,"href":"https:\/\/akdenizolaygazetesi.com\/index.php?rest_route=\/wp\/v2\/posts\/19717\/revisions\/19719"}],"wp:featuredmedia":[{"embeddable":true,"href":"https:\/\/akdenizolaygazetesi.com\/index.php?rest_route=\/wp\/v2\/media\/19718"}],"wp:attachment":[{"href":"https:\/\/akdenizolaygazetesi.com\/index.php?rest_route=%2Fwp%2Fv2%2Fmedia&parent=19717"}],"wp:term":[{"taxonomy":"category","embeddable":true,"href":"https:\/\/akdenizolaygazetesi.com\/index.php?rest_route=%2Fwp%2Fv2%2Fcategories&post=19717"},{"taxonomy":"post_tag","embeddable":true,"href":"https:\/\/akdenizolaygazetesi.com\/index.php?rest_route=%2Fwp%2Fv2%2Ftags&post=19717"}],"curies":[{"name":"wp","href":"https:\/\/api.w.org\/{rel}","templated":true}]}}