{"id":19720,"date":"2022-07-07T13:01:23","date_gmt":"2022-07-07T10:01:23","guid":{"rendered":"http:\/\/akdenizolaygazetesi.com\/?p=19720"},"modified":"2022-07-07T13:01:23","modified_gmt":"2022-07-07T10:01:23","slug":"gultak-saglik-calisanlarimiza-siddet-asla-kabul-edilemez","status":"publish","type":"post","link":"https:\/\/akdenizolaygazetesi.com\/?p=19720","title":{"rendered":"G\u00dcLTAK; SA\u011eLIK \u00c7ALI\u015eANLARIMIZA \u015e\u0130DDET ASLA KABUL ED\u0130LEMEZ!"},"content":{"rendered":"<p>Akdeniz Belediye Ba\u015fkan\u0131 M. Mustafa G\u00fcltak; Kardiyoloji Uzman\u0131 Doktor Ekrem Karakaya\u2019n\u0131n, hastanede u\u011frad\u0131\u011f\u0131 silahl\u0131 sald\u0131r\u0131 sonucu \u00f6ld\u00fcr\u00fclmesini k\u0131nad\u0131. Ba\u015fkan G\u00fcltak; \u201cCan\u0131m\u0131z\u0131 emanet etti\u011fimiz, sevdiklerimizin can\u0131n\u0131 teslim etti\u011fimiz sa\u011fl\u0131k \u00e7al\u0131\u015fanlar\u0131m\u0131za y\u00f6nelik hi\u00e7bir sald\u0131r\u0131 ve \u015fiddet kabul edilemez\u201d dedi.<br \/>\nAkdeniz Belediye Meclisi, Temmuz ay\u0131 ikinci birle\u015fimini, M. Mustafa G\u00fcltak Ba\u015fkanl\u0131\u011f\u0131\u2019nda ger\u00e7ekle\u015ftirdi. Yoklama, Sayg\u0131 duru\u015fu ve \u0130stiklal Mar\u015f\u0131\u2019n\u0131n okunmas\u0131ndan sonra \u00f6nceki birle\u015fim tutanak \u00f6zeti oylan\u0131p kabul edildi. Meclis\u2019te s\u00f6z alan Ba\u015fkan G\u00fcltak, Kardiyoloji Uzman\u0131 Doktor Ekrem Karakaya\u2019n\u0131n, Konya \u015eehir Hastanesi\u2019nde u\u011frad\u0131\u011f\u0131 silahl\u0131 sald\u0131r\u0131 sonucu \u00f6ld\u00fcr\u00fclmesine tepki g\u00f6sterdi.<br \/>\n\u201cCan\u0131m\u0131z\u0131 emanet etti\u011fimiz doktorlar\u0131m\u0131za \u015fiddet kabul edilemez\u201d<br \/>\n\u201c\u0130nsanlar\u0131m\u0131z\u0131n sa\u011fl\u0131\u011f\u0131 i\u00e7in b\u00fcy\u00fck \u00f6zveriyle m\u00fccadele eden hekimlerimize y\u00f6nelik her t\u00fcrl\u00fc \u015fiddeti k\u0131n\u0131yor ve lanetliyorum\u201d diyen Ba\u015fkan G\u00fcltak, \u201cBarbarca yap\u0131lan sald\u0131r\u0131 sonucu Doktor Ekrem Karakaya\u2019y\u0131 kaybetmenin derin ac\u0131 ve \u00fcz\u00fcnt\u00fcs\u00fcn\u00fc ya\u015f\u0131yoruz. Doktorumuz Ekrem Karakaya\u2019n\u0131n ailesi, yak\u0131nlar\u0131 ve sevenlerine en kalbi taziyelerimi iletiyor; ac\u0131lar\u0131n\u0131, kederlerini payla\u015f\u0131yorum. Can\u0131m\u0131z\u0131 emanet etti\u011fimiz sa\u011fl\u0131k \u00e7al\u0131\u015fanlar\u0131m\u0131za y\u00f6nelik \u015fiddet, sald\u0131r\u0131 asla kabul edilemez. \u0130nsanlar\u0131m\u0131z\u0131n sa\u011fl\u0131\u011f\u0131 i\u00e7in gece g\u00fcnd\u00fcz demeden b\u00fcy\u00fck bir \u00f6zveriyle m\u00fccadele eden hekimlerimize y\u00f6nelik her t\u00fcrl\u00fc \u015fiddeti k\u0131n\u0131yor ve lanetliyorum. Sa\u011fl\u0131k camias\u0131n\u0131n ve t\u00fcm milletimizin ba\u015f\u0131 sa\u011f olsun\u201d ifadelerini kulland\u0131.<br \/>\nG\u00fcndem maddeleri g\u00f6r\u00fc\u015f\u00fcld\u00fc<br \/>\nToplant\u0131, g\u00fcndem maddelerine ge\u00e7ilmesiyle devam etti. 5747 Say\u0131l\u0131 Kanun gere\u011fi 2009 se\u00e7imleri ile kapanarak, Akdeniz Belediyesi\u2019ne kat\u0131lan Yenita\u015fkent Belediyesi 1\/1000 \u00f6l\u00e7ekli uygulama imar plan\u0131nda yer alan plan notu de\u011fi\u015fikli\u011fiyle ilgili komisyonlardan gelen konu oybirli\u011fi ile kabul edildi.<br \/>\nMeclis\u2019te, \u00c7evre \u015eehircilik ve \u0130klim De\u011fi\u015fikli\u011fi Bakanl\u0131\u011f\u0131\u2019nca y\u00fcr\u00fcrl\u00fc\u011fe giren \u201cAt\u0131k Toplay\u0131c\u0131lar\u0131\u201d konulu genelgenin 1\u2019inci maddesine g\u00f6re, at\u0131k toplay\u0131c\u0131lar\u0131n\u0131n \u00e7al\u0131\u015fma usul ve esaslar\u0131n\u0131n olu\u015fturulmas\u0131 ve yap\u0131lacak i\u015flemler hususunda, \u00c7evre Koruma ve Kontrol M\u00fcd\u00fcrl\u00fc\u011f\u00fc\u2019ne yetki verilmesi konusu g\u00f6r\u00fc\u015f\u00fcld\u00fc. Komisyonlardan oybirli\u011fi ile gelen \u00f6nerge, Meclis \u00fcyelerinin de oybirli\u011fiyle kabul edildi.<br \/>\nAkdeniz Belediye Meclisi\u2019nin bir sonraki toplant\u0131s\u0131, 5 Eyl\u00fcl 2022 Pazartesi g\u00fcn\u00fc saat 10:00\u2019da yine belediyenin konferans salonunda yap\u0131lacak. <\/p>\n","protected":false},"excerpt":{"rendered":"<p>Akdeniz Belediye Ba\u015fkan\u0131 M. Mustafa G\u00fcltak; Kardiyoloji Uzman\u0131 Doktor Ekrem Karakaya\u2019n\u0131n, hastanede u\u011frad\u0131\u011f\u0131 silahl\u0131 sald\u0131r\u0131 sonucu \u00f6ld\u00fcr\u00fclmesini k\u0131nad\u0131. Ba\u015fkan G\u00fcltak; \u201cCan\u0131m\u0131z\u0131 emanet etti\u011fimiz, sevdiklerimizin can\u0131n\u0131 teslim etti\u011fimiz sa\u011fl\u0131k \u00e7al\u0131\u015fanlar\u0131m\u0131za y\u00f6nelik &hellip; <a href=\"https:\/\/akdenizolaygazetesi.com\/?p=19720\" class=\"more-link\">Devam\u0131n\u0131 Oku&#8230;<\/a><\/p>\n","protected":false},"author":2,"featured_media":19721,"comment_status":"open","ping_status":"open","sticky":false,"template":"","format":"standard","meta":[],"categories":[1,2,3,9],"tags":[],"_links":{"self":[{"href":"https:\/\/akdenizolaygazetesi.com\/index.php?rest_route=\/wp\/v2\/posts\/19720"}],"collection":[{"href":"https:\/\/akdenizolaygazetesi.com\/index.php?rest_route=\/wp\/v2\/posts"}],"about":[{"href":"https:\/\/akdenizolaygazetesi.com\/index.php?rest_route=\/wp\/v2\/types\/post"}],"author":[{"embeddable":true,"href":"https:\/\/akdenizolaygazetesi.com\/index.php?rest_route=\/wp\/v2\/users\/2"}],"replies":[{"embeddable":true,"href":"https:\/\/akdenizolaygazetesi.com\/index.php?rest_route=%2Fwp%2Fv2%2Fcomments&post=19720"}],"version-history":[{"count":1,"href":"https:\/\/akdenizolaygazetesi.com\/index.php?rest_route=\/wp\/v2\/posts\/19720\/revisions"}],"predecessor-version":[{"id":19722,"href":"https:\/\/akdenizolaygazetesi.com\/index.php?rest_route=\/wp\/v2\/posts\/19720\/revisions\/19722"}],"wp:featuredmedia":[{"embeddable":true,"href":"https:\/\/akdenizolaygazetesi.com\/index.php?rest_route=\/wp\/v2\/media\/19721"}],"wp:attachment":[{"href":"https:\/\/akdenizolaygazetesi.com\/index.php?rest_route=%2Fwp%2Fv2%2Fmedia&parent=19720"}],"wp:term":[{"taxonomy":"category","embeddable":true,"href":"https:\/\/akdenizolaygazetesi.com\/index.php?rest_route=%2Fwp%2Fv2%2Fcategories&post=19720"},{"taxonomy":"post_tag","embeddable":true,"href":"https:\/\/akdenizolaygazetesi.com\/index.php?rest_route=%2Fwp%2Fv2%2Ftags&post=19720"}],"curies":[{"name":"wp","href":"https:\/\/api.w.org\/{rel}","templated":true}]}}