{"id":19723,"date":"2022-07-08T17:40:30","date_gmt":"2022-07-08T14:40:30","guid":{"rendered":"http:\/\/akdenizolaygazetesi.com\/?p=19723"},"modified":"2022-07-08T17:40:30","modified_gmt":"2022-07-08T14:40:30","slug":"baskan-yilmaz-kurban-bayramini-kutladi","status":"publish","type":"post","link":"https:\/\/akdenizolaygazetesi.com\/?p=19723","title":{"rendered":"BA\u015eKAN YILMAZ, KURBAN BAYRAMI&#8217;NI KUTLADI"},"content":{"rendered":"<p>Toroslar Belediye Ba\u015fkan\u0131 Ats\u0131z Af\u015f\u0131n Y\u0131lmaz, Kurban Bayram\u0131 dolay\u0131s\u0131yla bir mesaj yay\u0131nlayarak, t\u00fcm \u0130slam aleminin ve hem\u015fehrilerinin bayram\u0131n\u0131 kutlad\u0131.<\/p>\n<p>Milli ve dini bayramlar\u0131n, T\u00fcrk toplumunun ortak de\u011ferleri oldu\u011funa dikkat \u00e7eken Ba\u015fkan Y\u0131lmaz; &#8220;Bu y\u0131l da m\u00fcbarek Kurban Bayram\u0131&#8217;na millet\u00e7e el ele, g\u00f6n\u00fcl g\u00f6n\u00fcle ula\u015fman\u0131n heyecan\u0131n\u0131 hep birlikte ya\u015f\u0131yoruz&#8221; dedi.<\/p>\n<p> &#8220;En B\u00fcy\u00fck G\u00fcc\u00fcm\u00fcz; Birli\u011fimiz, Beraberli\u011fimiz ve Karde\u015fli\u011fimiz&#8221;<\/p>\n<p>&#8220;En b\u00fcy\u00fck g\u00fcc\u00fcm\u00fcz; birli\u011fimiz, beraberli\u011fimiz ve karde\u015fli\u011fimizdir&#8221; diyen Ba\u015fkan Y\u0131lmaz; &#8220;Bayramlar; sevgidir, dayan\u0131\u015fmad\u0131r, umuttur ve berekettir. Her bayramda oldu\u011fu gibi m\u00fcbarek Kurban Bayram\u0131&#8217;nda da bu g\u00fczellikleri sevdiklerimizle payla\u015faca\u011f\u0131z. Bu bayramda da k\u0131rg\u0131nl\u0131k ve k\u00fcsk\u00fcnl\u00fcklerin sona erip, sevgi ve sayg\u0131n\u0131n \u00f6ne \u00e7\u0131kmas\u0131n\u0131 temenni ediyorum. Kurban Bayram\u0131&#8217;n\u0131n t\u00fcm insanl\u0131\u011fa, \u00fclkemize ve kentimize sa\u011fl\u0131k, huzur ve mutluluk getirmesini diliyor, ba\u015fta vatan\u0131m\u0131z u\u011fruna can veren aziz \u015fehitlerimizin k\u0131ymetli aileleri ve gazilerimiz olmak \u00fczere t\u00fcm hem\u015fehrilerimizin Kurban Bayram\u0131&#8217;n\u0131 can\u0131 g\u00f6n\u00fclden kutluyorum&#8221; \u015feklinde konu\u015ftu.<\/p>\n<p>TOROSLAR, BAYRAMA HAZIR<\/p>\n<p>Toroslar Belediyesi, vatanda\u015flar\u0131n bayram\u0131 huzurlu ve g\u00fcven i\u00e7inde ge\u00e7irmeleri i\u00e7in gerekli t\u00fcm haz\u0131rl\u0131klar\u0131n\u0131 tamamlad\u0131.<\/p>\n<p>Ba\u015fta Temizlik \u0130\u015fleri ve Zab\u0131ta M\u00fcd\u00fcrl\u00fc\u011f\u00fc ekipleri olmak \u00fczere ilgili birimlerde g\u00f6revli personeller, Kurban Bayram\u0131 s\u00fcresince 24 saat g\u00f6rev ba\u015f\u0131nda olacak.<\/p>\n<p>Toroslar Belediye Ba\u015fkan\u0131 Ats\u0131z Af\u015f\u0131n Y\u0131lmaz, il\u00e7e halk\u0131n\u0131n sa\u011fl\u0131kl\u0131 ve hijyenik bir ortamda kurbanlar\u0131n\u0131 kesmeleri ve bayramlar\u0131n\u0131 huzur i\u00e7erisinde ge\u00e7irmeleri i\u00e7in t\u00fcm tedbirlerin al\u0131nd\u0131\u011f\u0131n\u0131 kaydederek; &#8220;\u0130l\u00e7emiz genelinde 27 noktada kurban kesim yeri, 3 noktada da kurban sat\u0131\u015f yeri haz\u0131rlad\u0131k. \u0130lgili birimlerimiz, bayram boyunca vatanda\u015flar\u0131m\u0131z\u0131n hizmetinde olacak. Hem\u015fehrilerimiz, istek ve \u015fikayetlerini belediyemizin 0324 322 72 00 numaral\u0131 telefonunu arayarak bildirebilirler&#8221; ifadelerini kulland\u0131.<\/p>\n","protected":false},"excerpt":{"rendered":"<p>Toroslar Belediye Ba\u015fkan\u0131 Ats\u0131z Af\u015f\u0131n Y\u0131lmaz, Kurban Bayram\u0131 dolay\u0131s\u0131yla bir mesaj yay\u0131nlayarak, t\u00fcm \u0130slam aleminin ve hem\u015fehrilerinin bayram\u0131n\u0131 kutlad\u0131. Milli ve dini bayramlar\u0131n, T\u00fcrk toplumunun ortak de\u011ferleri oldu\u011funa dikkat \u00e7eken &hellip; <a href=\"https:\/\/akdenizolaygazetesi.com\/?p=19723\" class=\"more-link\">Devam\u0131n\u0131 Oku&#8230;<\/a><\/p>\n","protected":false},"author":2,"featured_media":0,"comment_status":"open","ping_status":"open","sticky":false,"template":"","format":"standard","meta":[],"categories":[34,1,2,3,5],"tags":[],"_links":{"self":[{"href":"https:\/\/akdenizolaygazetesi.com\/index.php?rest_route=\/wp\/v2\/posts\/19723"}],"collection":[{"href":"https:\/\/akdenizolaygazetesi.com\/index.php?rest_route=\/wp\/v2\/posts"}],"about":[{"href":"https:\/\/akdenizolaygazetesi.com\/index.php?rest_route=\/wp\/v2\/types\/post"}],"author":[{"embeddable":true,"href":"https:\/\/akdenizolaygazetesi.com\/index.php?rest_route=\/wp\/v2\/users\/2"}],"replies":[{"embeddable":true,"href":"https:\/\/akdenizolaygazetesi.com\/index.php?rest_route=%2Fwp%2Fv2%2Fcomments&post=19723"}],"version-history":[{"count":1,"href":"https:\/\/akdenizolaygazetesi.com\/index.php?rest_route=\/wp\/v2\/posts\/19723\/revisions"}],"predecessor-version":[{"id":19725,"href":"https:\/\/akdenizolaygazetesi.com\/index.php?rest_route=\/wp\/v2\/posts\/19723\/revisions\/19725"}],"wp:attachment":[{"href":"https:\/\/akdenizolaygazetesi.com\/index.php?rest_route=%2Fwp%2Fv2%2Fmedia&parent=19723"}],"wp:term":[{"taxonomy":"category","embeddable":true,"href":"https:\/\/akdenizolaygazetesi.com\/index.php?rest_route=%2Fwp%2Fv2%2Fcategories&post=19723"},{"taxonomy":"post_tag","embeddable":true,"href":"https:\/\/akdenizolaygazetesi.com\/index.php?rest_route=%2Fwp%2Fv2%2Ftags&post=19723"}],"curies":[{"name":"wp","href":"https:\/\/api.w.org\/{rel}","templated":true}]}}