{"id":19726,"date":"2022-07-08T17:43:16","date_gmt":"2022-07-08T14:43:16","guid":{"rendered":"http:\/\/akdenizolaygazetesi.com\/?p=19726"},"modified":"2022-07-08T17:43:16","modified_gmt":"2022-07-08T14:43:16","slug":"akdeniz-belediyesinde-toplu-is-sozlesmesi-heyecani","status":"publish","type":"post","link":"https:\/\/akdenizolaygazetesi.com\/?p=19726","title":{"rendered":"AKDEN\u0130Z BELED\u0130YES\u0130\u2019NDE TOPLU \u0130\u015e S\u00d6ZLE\u015eMES\u0130 HEYECANI"},"content":{"rendered":"<p>Akdeniz Belediyesi ile Hizmet \u0130\u015f Sendikas\u0131\u2019na ba\u011fl\u0131 i\u015f\u00e7ileri kapsayan Toplu \u0130\u015f S\u00f6zle\u015fmesi (T\u0130S) t\u00f6renle imzaland\u0131. Toplamda 730 \u00e7al\u0131\u015fan\u0131 ilgilendiren s\u00f6zle\u015fme ile imar \u015firketi ile belediye \u015firketinde \u00e7al\u0131\u015fan personelin \u00fccretlerinin yan\u0131 s\u0131ra, \u00f6zl\u00fck haklar\u0131nda da ciddi iyile\u015ftirme sa\u011fland\u0131. Ba\u015fkan G\u00fcltak; y\u0131lsonunda olu\u015facak y\u0131ll\u0131k enflasyon fark\u0131 oran\u0131ndaki art\u0131\u015f\u0131 da i\u015f\u00e7ilerin maa\u015flar\u0131na yans\u0131tacaklar\u0131n\u0131 belirtti.<br \/>\nBelediye konferans salonunda d\u00fczenlenen T\u0130S imza t\u00f6renine, Akdeniz Belediye Ba\u015fkan\u0131 M. Mustafa G\u00fcltak, Hizmet-\u0130\u015f Sendikas\u0131 Mersin \u015eube Ba\u015fkan\u0131 Mehmet Y\u00fcce, ba\u015fkan yard\u0131mc\u0131lar\u0131, meclis \u00fcyeleri, birim m\u00fcd\u00fcrleri ile i\u015f\u00e7iler kat\u0131ld\u0131. S\u00f6zlerine, kurban bayram\u0131n\u0131 tebrik ederek ba\u015flayan Ba\u015fkan G\u00fcltak, bayram \u00f6ncesi g\u00fczel bir m\u00fcjde vermek istediklerini dile getirdi. \u201cBelediyemiz b\u00fcy\u00fck bir aile, bizler de bu b\u00fcy\u00fck ailenin birer ferdiyiz, hepimiz karde\u015fiz\u201d diyen Ba\u015fkan G\u00fcltak;<br \/>\n\u201cBu bilin\u00e7 ve sorumlulukla, i\u015f\u00e7i karde\u015flerimizin ekme\u011fi ile oynamad\u0131k. Mersin\u2019de yerel se\u00e7imlerden sonra bir\u00e7ok arkada\u015f\u0131m\u0131z i\u015fsiz kald\u0131. Onlar\u0131n da e\u015fleri, \u00e7ocuklar\u0131, ya\u015fl\u0131 anne-babalar\u0131 vard\u0131. Bu garibanlar\u0131n i\u015fiyle ekme\u011fiyle neden oynars\u0131n\u0131z ki? Yaz\u0131k de\u011fil mi? Belediyemizde \u00e7al\u0131\u015fan arkada\u015flar\u0131m\u0131z\u0131n ise, \u2018Acaba yar\u0131n i\u015fsiz kal\u0131r m\u0131y\u0131m, acaba bana da bir performans mesaj\u0131 gelir mi?\u2019 diye kayg\u0131 ve korkusu yok. Bu anlam\u0131yla t\u00fcm T\u00fcrkiye\u2019de \u00f6rnek oldu\u011fumuzu d\u00fc\u015f\u00fcn\u00fcyorum\u201d diye konu\u015ftu.<br \/>\n\u201cA\u011f\u0131r bor\u00e7 y\u00fck\u00fcne ra\u011fmen maa\u015flar\u0131 zaman\u0131nda ve eksiksiz yat\u0131r\u0131yoruz\u201d<br \/>\nBa\u015fkan Mustafa G\u00fcltak; 232 milyon TL\u2019lik bor\u00e7 y\u00fck\u00fc ile belediyeyi devrald\u0131klar\u0131n\u0131 an\u0131msatt\u0131; Mersin\u2019de, en \u00e7ok bor\u00e7lu ve en az gelire sahip belediye olduklar\u0131na i\u015faret etti. Ba\u015fkan G\u00fcltak, \u201cAradan ge\u00e7en yakla\u015f\u0131k 3 bu\u00e7uk y\u0131lda hem borcun bir k\u0131sm\u0131n\u0131 \u00f6dedik, hem de Akdeniz\u2019e ve insanlar\u0131m\u0131za hizmet verdik, proje ve yat\u0131r\u0131mlar kazand\u0131rd\u0131k. Akdeniz\u2019de hayal bile edilemeyecek bir de\u011fi\u015fime imza att\u0131k. Yine ge\u00e7mi\u015f y\u00f6netimlerde personel arkada\u015flar\u0131m\u0131z\u0131n maa\u015flar\u0131 ge\u00e7 veya par\u00e7a par\u00e7a yat\u0131r\u0131l\u0131rken, bizler devrald\u0131\u011f\u0131m\u0131z a\u011f\u0131r bor\u00e7 y\u00fck\u00fcne ra\u011fmen, ilk g\u00fcnden beri personelimizin maa\u015flar\u0131n\u0131 zaman\u0131nda ve eksiksiz yat\u0131rd\u0131k\u201d dedi.<br \/>\nNet \u00fccret 6 bin 563 liraya y\u00fckseldi<br \/>\nS\u00f6zlerini; \u201cBelediyemizin s\u0131k\u0131nt\u0131l\u0131 b\u00fct\u00e7esi ve bor\u00e7 ve faiz y\u00fck\u00fcne ra\u011fmen, ge\u00e7en sefer imzalad\u0131\u011f\u0131m\u0131z s\u00f6zle\u015fmede oldu\u011fu gibi bu s\u00f6zle\u015fmede de i\u015f\u00e7i arkada\u015flar\u0131m\u0131z i\u00e7in en iyisini yapmaya \u00e7al\u0131\u015ft\u0131k\u201d \u015feklinde s\u00fcrd\u00fcren Ba\u015fkan G\u00fcltak, \u015f\u00f6yle konu\u015ftu; \u201c\u0130mza alt\u0131na alaca\u011f\u0131m\u0131z s\u00f6zle\u015fmemiz ile belediyemiz imar \u015firketi i\u015f\u00e7ilerinin yevmiyesine y\u00fczde 32 bu\u00e7uk oran\u0131nda bir art\u0131\u015f sa\u011flad\u0131k. Eski yevmiyesi 166,8 lira olan \u00e7al\u0131\u015fanlar\u0131m\u0131z\u0131n yeni yevmiyesi 221 liraya y\u00fckseldi. G\u00fcnl\u00fck yemek \u00fccreti 10 liradan 25 liraya \u00e7\u0131k\u0131yor. Yakacak yard\u0131m\u0131 150 lira, Sosyal Yard\u0131m paketi 120 lira olarak belirlendi.<br \/>\nRamazan ve kurban bayram\u0131 ikramiyeleri 300\u2019er lira olacak. Belediyemiz \u015firketi personeline, 1 y\u0131l i\u00e7inde 36 yevmiye ikramiye \u00f6denecek. \u00c7ocuk paras\u0131, \u00e7ocuk ba\u015f\u0131na 30 lira; koku tazminat\u0131 g\u00fcnl\u00fck 7 lira olacak. Gerek yevmiyedeki y\u00fczde 32,5\u2019lik art\u0131\u015f, gerekse \u00f6zl\u00fck haklar\u0131nda sa\u011flanan iyile\u015ftirmelerle; daha \u00f6nce 4 bin 320 lira olan net \u00fccret, y\u00fczde 52 art\u0131\u015fla, net 6 bin 563 liraya y\u00fckselmi\u015f oldu.\u201d<br \/>\n\u201cY\u0131lsonunda a\u00e7\u0131klanacak y\u0131ll\u0131k enflasyon fark\u0131 da \u00fccretlere yans\u0131t\u0131lacak\u201d<br \/>\nBa\u015fkan G\u00fcltak, s\u00f6zle\u015fme ile imar \u015firketi \u00e7al\u0131\u015fanlar\u0131n\u0131n \u00fccretlerini, \u015firket i\u015f\u00e7ilerinin \u00fccretiyle ayn\u0131 seviyeye getirerek bir haks\u0131zl\u0131\u011f\u0131 ortadan kald\u0131rd\u0131klar\u0131n\u0131n alt\u0131n\u0131 \u00e7izdi; \u201cVerdi\u011fimiz bir s\u00f6z\u00fc daha yerine getirerek, bug\u00fcn imza alt\u0131na alaca\u011f\u0131m\u0131z s\u00f6zle\u015fmemiz ile di\u011fer \u015firket \u00e7al\u0131\u015fanlar\u0131m\u0131z\u0131n \u00fccretlerinde de y\u00fczde 30\u2019luk iyile\u015ftirme sa\u011flad\u0131k. Say\u0131n Cumhurba\u015fkan\u0131m\u0131z\u0131n da a\u00e7\u0131klad\u0131\u011f\u0131 \u00fczere, y\u0131lsonunda olu\u015facak y\u0131ll\u0131k enflasyon fark\u0131 oran\u0131ndaki art\u0131\u015f\u0131 da i\u015f\u00e7ilerimizin \u00fccretlerine yans\u0131taca\u011f\u0131z. Akdeniz\u2019in hak etti\u011fi yere ula\u015fmas\u0131 i\u00e7in gece-g\u00fcnd\u00fcz demeden emek veren mesai arkada\u015flar\u0131ma te\u015fekk\u00fcr ediyor, toplu s\u00f6zle\u015fmenin hepimize hay\u0131rl\u0131 u\u011furlu olmas\u0131n\u0131 diliyorum\u201d \u015feklinde konu\u015ftu.<br \/>\nSendika Ba\u015fkan\u0131 Y\u00fcce\u2019den te\u015fekk\u00fcr\u2026<br \/>\nHizmet-\u0130\u015f Mersin \u015eube Ba\u015fkan\u0131 Mehmet Y\u00fcce de konu\u015fmas\u0131nda; \u201c\u0130\u015f\u00e7i ve emek\u00e7i konusunda her zaman yan\u0131m\u0131zda olan ve belediyenin k\u0131s\u0131tl\u0131 imk\u00e2nlar\u0131na ra\u011fmen, Mersin\u2019deki belediyeler aras\u0131nda en fazla \u00fccreti i\u015f\u00e7i arkada\u015flar\u0131m\u0131za temin eden Akdeniz Belediye Ba\u015fkan\u0131m\u0131z Say\u0131n Mustafa G\u00fcltak\u2019a te\u015fekk\u00fcr ediyorum. Her zaman yan\u0131m\u0131zda olan Say\u0131n Ba\u015fkan\u0131m\u0131za, Genel Ba\u015fkan\u0131m\u0131z Mahmut Arslan ve \u015fahs\u0131m ad\u0131na \u015f\u00fckranlar\u0131m\u0131 sunuyor, s\u00f6zle\u015fmede eme\u011fi ge\u00e7en herkese sevgi ve sayg\u0131lar\u0131m\u0131 arz ediyorum\u201d ifadelerini kulland\u0131.<br \/>\nKonu\u015fmalar\u0131n ard\u0131ndan Akdeniz Belediyesi ile Hizmet \u0130\u015f Sendikas\u0131 aras\u0131nda, belediyenin imar \u015firketi ile belediye \u015firketi i\u015f\u00e7ileri olmak \u00fczere, toplam 730 personeli ilgilendiren toplu i\u015f s\u00f6zle\u015fmesi alk\u0131\u015flar aras\u0131nda imzaland\u0131. <\/p>\n","protected":false},"excerpt":{"rendered":"<p>Akdeniz Belediyesi ile Hizmet \u0130\u015f Sendikas\u0131\u2019na ba\u011fl\u0131 i\u015f\u00e7ileri kapsayan Toplu \u0130\u015f S\u00f6zle\u015fmesi (T\u0130S) t\u00f6renle imzaland\u0131. Toplamda 730 \u00e7al\u0131\u015fan\u0131 ilgilendiren s\u00f6zle\u015fme ile imar \u015firketi ile belediye \u015firketinde \u00e7al\u0131\u015fan personelin \u00fccretlerinin yan\u0131 &hellip; <a href=\"https:\/\/akdenizolaygazetesi.com\/?p=19726\" class=\"more-link\">Devam\u0131n\u0131 Oku&#8230;<\/a><\/p>\n","protected":false},"author":2,"featured_media":19727,"comment_status":"open","ping_status":"open","sticky":false,"template":"","format":"standard","meta":[],"categories":[34,2,3,5,6],"tags":[],"_links":{"self":[{"href":"https:\/\/akdenizolaygazetesi.com\/index.php?rest_route=\/wp\/v2\/posts\/19726"}],"collection":[{"href":"https:\/\/akdenizolaygazetesi.com\/index.php?rest_route=\/wp\/v2\/posts"}],"about":[{"href":"https:\/\/akdenizolaygazetesi.com\/index.php?rest_route=\/wp\/v2\/types\/post"}],"author":[{"embeddable":true,"href":"https:\/\/akdenizolaygazetesi.com\/index.php?rest_route=\/wp\/v2\/users\/2"}],"replies":[{"embeddable":true,"href":"https:\/\/akdenizolaygazetesi.com\/index.php?rest_route=%2Fwp%2Fv2%2Fcomments&post=19726"}],"version-history":[{"count":1,"href":"https:\/\/akdenizolaygazetesi.com\/index.php?rest_route=\/wp\/v2\/posts\/19726\/revisions"}],"predecessor-version":[{"id":19728,"href":"https:\/\/akdenizolaygazetesi.com\/index.php?rest_route=\/wp\/v2\/posts\/19726\/revisions\/19728"}],"wp:featuredmedia":[{"embeddable":true,"href":"https:\/\/akdenizolaygazetesi.com\/index.php?rest_route=\/wp\/v2\/media\/19727"}],"wp:attachment":[{"href":"https:\/\/akdenizolaygazetesi.com\/index.php?rest_route=%2Fwp%2Fv2%2Fmedia&parent=19726"}],"wp:term":[{"taxonomy":"category","embeddable":true,"href":"https:\/\/akdenizolaygazetesi.com\/index.php?rest_route=%2Fwp%2Fv2%2Fcategories&post=19726"},{"taxonomy":"post_tag","embeddable":true,"href":"https:\/\/akdenizolaygazetesi.com\/index.php?rest_route=%2Fwp%2Fv2%2Ftags&post=19726"}],"curies":[{"name":"wp","href":"https:\/\/api.w.org\/{rel}","templated":true}]}}