{"id":19732,"date":"2022-07-08T17:48:12","date_gmt":"2022-07-08T14:48:12","guid":{"rendered":"http:\/\/akdenizolaygazetesi.com\/?p=19732"},"modified":"2022-07-08T17:48:12","modified_gmt":"2022-07-08T14:48:12","slug":"baskan-yilmaz-amacimiz-ozel-bireylerimizi-sosyal-hayata-katabilmek","status":"publish","type":"post","link":"https:\/\/akdenizolaygazetesi.com\/?p=19732","title":{"rendered":"Ba\u015fkan Y\u0131lmaz; &#8220;Amac\u0131m\u0131z, \u00d6zel Bireylerimizi Sosyal Hayata Katabilmek&#8221;"},"content":{"rendered":"<p> Toroslar Belediyesi, \u00f6zel bireyleri Kurban Bayram\u0131 \u00f6ncesi mutlu etti.<\/p>\n<p>Toroslar Belediyesinin Teknik ve Mesleki E\u011fitim Kurslar\u0131 (TORTEK) b\u00fcnyesindeki G\u00fczellik ve Sa\u00e7 Bak\u0131m Hizmetleri Kurslar\u0131&#8217;na kat\u0131lan kursiyerler, usta \u00f6\u011freticilerinin g\u00f6zetiminde \u00f6zel bireylerin sa\u00e7 ve ki\u015fisel bak\u0131mlar\u0131n\u0131 yapt\u0131.<\/p>\n<p>Evlerinden g\u00fcvenle al\u0131narak ki\u015fisel bak\u0131mlar\u0131 yap\u0131lan \u00f6zel bireylerin mutluluklar\u0131 ise g\u00f6zlerine yans\u0131d\u0131. Sa\u00e7lar\u0131 kesilen 11 ya\u015f\u0131ndaki fiziksel engelli Beyza ise Toroslar Belediye Ba\u015fkan\u0131 Ats\u0131z Af\u015f\u0131n Y\u0131lmaz&#8217;a te\u015fekk\u00fcr ederek, sevincini payla\u015ft\u0131.<\/p>\n<p>B\u00fcnyesindeki Engelliler Akademisi ile de \u00f6zel bireylerin geli\u015fimlerini destekleyici \u00e7al\u0131\u015fmalar yapan belediye, bayram hediyeleriyle de kendilerini mutlu etti.<\/p>\n<p>Ba\u015fkan Y\u0131lmaz; &#8220;Amac\u0131m\u0131z, \u00d6zel Bireylerimizi Sosyal Hayata Katabilmek&#8221;<\/p>\n<p>Toroslar Belediye Ba\u015fkan\u0131 Ats\u0131z Af\u015f\u0131n Y\u0131lmaz, il\u00e7e genelindeki \u00f6zel gereksinimli bireyleri evden \u00e7\u0131kar\u0131p toplumsal hayata kazand\u0131rmak i\u00e7in \u00e7aba sarf ettiklerini s\u00f6yledi.<\/p>\n<p>&#8220;Engelli bireylerimizin ya\u015famlar\u0131n\u0131 kolayla\u015ft\u0131racak ve gelece\u011fe g\u00fcvenle bakabilmelerini sa\u011flayacak ko\u015fullar\u0131n olu\u015fturulmas\u0131 hepimizin g\u00f6revidir&#8221; diyen Ba\u015fkan Y\u0131lmaz; &#8220;B\u00fcnyemizdeki Engelliler Akademisi&#8217;nde, engelli bireylerimizin mesleki e\u011fitiminin yan\u0131 s\u0131ra sosyal, k\u00fclt\u00fcrel ve sportif alanda geli\u015fimlerine destek veriyoruz. Bayram \u00f6ncesi \u00f6zel bireylerimizi TORTEK G\u00fczellik ve Sa\u00e7 Bak\u0131m Hizmetleri Kurslar\u0131m\u0131zda a\u011f\u0131rlad\u0131k. Onlar\u0131n g\u00fclen y\u00fczleri her \u015feye de\u011fer. Sporda, sanatta, siyasette, e\u011fitimde k\u0131sacas\u0131 hayat\u0131n her alan\u0131nda ba\u015far\u0131lar\u0131yla gurur duydu\u011fumuz engelli bireylerimizin her zaman destek\u00e7isi olmaya devam edece\u011fiz&#8221; diye konu\u015ftu.<\/p>\n","protected":false},"excerpt":{"rendered":"<p>Toroslar Belediyesi, \u00f6zel bireyleri Kurban Bayram\u0131 \u00f6ncesi mutlu etti. Toroslar Belediyesinin Teknik ve Mesleki E\u011fitim Kurslar\u0131 (TORTEK) b\u00fcnyesindeki G\u00fczellik ve Sa\u00e7 Bak\u0131m Hizmetleri Kurslar\u0131&#8217;na kat\u0131lan kursiyerler, usta \u00f6\u011freticilerinin g\u00f6zetiminde \u00f6zel &hellip; <a href=\"https:\/\/akdenizolaygazetesi.com\/?p=19732\" class=\"more-link\">Devam\u0131n\u0131 Oku&#8230;<\/a><\/p>\n","protected":false},"author":2,"featured_media":19733,"comment_status":"open","ping_status":"open","sticky":false,"template":"","format":"standard","meta":[],"categories":[3,9],"tags":[],"_links":{"self":[{"href":"https:\/\/akdenizolaygazetesi.com\/index.php?rest_route=\/wp\/v2\/posts\/19732"}],"collection":[{"href":"https:\/\/akdenizolaygazetesi.com\/index.php?rest_route=\/wp\/v2\/posts"}],"about":[{"href":"https:\/\/akdenizolaygazetesi.com\/index.php?rest_route=\/wp\/v2\/types\/post"}],"author":[{"embeddable":true,"href":"https:\/\/akdenizolaygazetesi.com\/index.php?rest_route=\/wp\/v2\/users\/2"}],"replies":[{"embeddable":true,"href":"https:\/\/akdenizolaygazetesi.com\/index.php?rest_route=%2Fwp%2Fv2%2Fcomments&post=19732"}],"version-history":[{"count":1,"href":"https:\/\/akdenizolaygazetesi.com\/index.php?rest_route=\/wp\/v2\/posts\/19732\/revisions"}],"predecessor-version":[{"id":19734,"href":"https:\/\/akdenizolaygazetesi.com\/index.php?rest_route=\/wp\/v2\/posts\/19732\/revisions\/19734"}],"wp:featuredmedia":[{"embeddable":true,"href":"https:\/\/akdenizolaygazetesi.com\/index.php?rest_route=\/wp\/v2\/media\/19733"}],"wp:attachment":[{"href":"https:\/\/akdenizolaygazetesi.com\/index.php?rest_route=%2Fwp%2Fv2%2Fmedia&parent=19732"}],"wp:term":[{"taxonomy":"category","embeddable":true,"href":"https:\/\/akdenizolaygazetesi.com\/index.php?rest_route=%2Fwp%2Fv2%2Fcategories&post=19732"},{"taxonomy":"post_tag","embeddable":true,"href":"https:\/\/akdenizolaygazetesi.com\/index.php?rest_route=%2Fwp%2Fv2%2Ftags&post=19732"}],"curies":[{"name":"wp","href":"https:\/\/api.w.org\/{rel}","templated":true}]}}